{"id":5146,"date":"2024-06-20T07:18:57","date_gmt":"2024-06-20T07:18:57","guid":{"rendered":"https:\/\/heritagehubkrakow.org\/?p=5146"},"modified":"2024-08-13T08:55:32","modified_gmt":"2024-08-13T08:55:32","slug":"bratyslawski-most-sztuki","status":"publish","type":"post","link":"https:\/\/heritagehubkrakow.org\/pl\/bratyslawski-most-sztuki\/","title":{"rendered":",,Bratys\u0142awski most sztuki&#8221; punktem wyj\u015bcia do rozwa\u017ca\u0144 na temat dziedzictwa Bratys\u0142awy i S\u0142owacji"},"content":{"rendered":"<div class=\"is-style-section-container, has-white-text is-style-section-container wp-block-group alignfull has-red-background-color has-background eplus-wrapper is-layout-constrained wp-block-group-is-layout-constrained eplus-styles-uid-2d17b3\"><div class=\"is-style-section-container wp-block-group alignfull eplus-wrapper is-layout-constrained wp-block-group-is-layout-constrained eplus-styles-uid-38b380\"><div style=\"background-image:url('https:\/\/heritagehubkrakow.org\/wp-content\/uploads\/2024\/06\/H_5-1-1.png');background-size:cover;\" class=\"has-white-text wp-block-group alignfull has-white-color has-text-color eplus-wrapper is-layout-constrained wp-block-group-is-layout-constrained has-background eplus-styles-uid-0ed7c1\"><h1 class=\" wp-block-heading has-text-align-center eplus-wrapper eplus-styles-uid-49faf1\"><strong><strong><strong>Bratys\u0142awski most sztuki<\/strong><\/strong><\/strong><\/h1>\n\n<div class=\"yoast-breadcrumbs\"><span><span><a href=\"https:\/\/heritagehubkrakow.org\/pl\/\">Homepage<\/a><\/span> &#8211; <span class=\"breadcrumb_last\" aria-current=\"page\">,,Bratys\u0142awski most sztuki\u201d punktem wyj\u015bcia do rozwa\u017ca\u0144 na temat dziedzictwa Bratys\u0142awy i S\u0142owacji<\/span><\/span><\/div><\/div><\/div><\/div>\n\n<div class=\"is-style-section-container wp-block-group alignfull has-green-dark-background-color has-background eplus-wrapper is-layout-constrained wp-block-group-is-layout-constrained eplus-styles-uid-4c6cdd\"><div class=\"wp-block-group alignwide has-green-light-background-color has-background eplus-wrapper is-layout-constrained wp-block-group-is-layout-constrained eplus-styles-uid-24f6f4\">\n<div class=\"wp-block-group eplus-wrapper is-layout-constrained wp-block-group-is-layout-constrained\"><div class=\"wp-block-group eplus-wrapper is-content-justification-center is-layout-flex wp-container-core-group-is-layout-8ee2ad45 wp-block-group-is-layout-flex eplus-styles-uid-117bd0\"><div class=\"article-date wp-block-post-date\"><time datetime=\"2024-06-20T07:18:57+00:00\">20 czerwca 2024<\/time><\/div><\/div><\/div>\n\n\n\n<p class=\" eplus-wrapper\">W grudniu 2022 roku, po gruntownej rewitalizacji, ponowne otwarto S\u0142owack\u0105 Galeri\u0119 Narodow\u0105. (<a href=\"https:\/\/sng.sk\/en\/\" target=\"_blank\" rel=\"noreferrer noopener\"><strong>Slovak National Gallery)<\/strong><\/a> Du\u017ca cz\u0119\u015b\u0107 przestrzeni wystawienniczych by\u0142a zamkni\u0119ta przez ponad dwadzie\u015bcia lat z powodu z\u0142ego stanu technicznego, a prace budowlane trwa\u0142y prawie siedem lat.<\/p>\n\n\n\n<p class=\" eplus-wrapper\">Bratys\u0142awa odzyska\u0142a teraz jeden ze swoich najbardziej ikonicznych budynk\u00f3w sztuki i kultury, a tak\u017ce miejsce spotka\u0144 mieszka\u0144c\u00f3w i turyst\u00f3w. Odwa\u017cna, socrealistyczna konstrukcja zaprojektowana przez Vladimira Dede\u010deka w 1977 roku wyr\u00f3\u017cnia si\u0119 wyra\u017anie nad brzegiem Dunaju. Powszechnie nazywana \u201eMostem\u201d, jest to podwy\u017cszony, trzypi\u0119trowy most optycznie zamykaj\u0105cy barokowe Wodne Koszary od strony ulicy i tworz\u0105cy wewn\u0119trzny dziedziniec.<\/p>\n\n\n\n<p class=\" eplus-wrapper\">Nasz\u0105 przewodniczk\u0105 po nowo otwartym budynku g\u0142\u00f3wnego s\u0142owackiego muzeum jest <strong>Alexandra Kus\u00e1<\/strong> <strong>PhD,<\/strong> jego dyrektorka generalna i historyczka sztuki specjalizuj\u0105ca si\u0119 w sztuce XX wieku. Przez pryzmat tej spektakularnej architektury przygl\u0105damy si\u0119 bli\u017cej wsp\u00f3\u0142czesnej stolicy S\u0142owacji, zastanawiaj\u0105c si\u0119, co wci\u0105\u017c trzeba zrobi\u0107 w Bratys\u0142awie i na S\u0142owacji w szeroko poj\u0119tym dziedzictwie?<\/p>\n\n\n\n<p class=\" eplus-wrapper\"><\/p>\n\n\n\n<p class=\" eplus-wrapper\"><\/p>\n\n\n\n<div class=\"wp-block-buttons eplus-wrapper is-layout-flex wp-block-buttons-is-layout-flex\"><div class=\" wp-block-button eplus-wrapper eplus-styles-uid-85c3a9\"><a class=\"wp-block-button__link wp-element-button\" href=\"https:\/\/heritagehubkrakow.org\/pl\/project\/redefiniowanie-dziedzictwa\/\" target=\"_blank\" rel=\"noreferrer noopener\"><strong>S\u0142uchaj tutaj<\/strong><\/a><\/div><\/div>\n\n\n\n<p class=\" has-text-align-left eplus-wrapper\"><\/p>\n\n\n\n<p class=\" eplus-wrapper\">Hosted by <strong>John Beauchamp<\/strong>, radio producer and audio artist, together with <strong>Katarzyna Jagodzi\u0144ska<\/strong>, head of the Europa Nostra Heritage Hub in Krak\u00f3w.<\/p>\n\n\n\n<p class=\" eplus-wrapper\"><\/p>\n\n\n\n<p class=\" eplus-wrapper\"><\/p>\n\n\n\n<p class=\" eplus-wrapper\"><\/p>\n\n\n\n<p class=\" eplus-wrapper\"><\/p>\n\n\n\n<div class=\"wp-block-buttons eplus-wrapper is-layout-flex wp-block-buttons-is-layout-flex\"><div class=\" wp-block-button eplus-wrapper eplus-styles-uid-f48c5d\"><a class=\"wp-block-button__link wp-element-button\" href=\"https:\/\/open.spotify.com\/show\/6TmfshJuoQNzr91xwuCgJj\">\u015aled\u017a nas na SPOTIFY<\/a><\/div><\/div>\n<\/div><\/div>","protected":false},"excerpt":{"rendered":"<p>W 2022 roku Bratys\u0142awa odzyska\u0142a jeden ze swoich najbardziej ikonicznych przyk\u0142ad\u00f3w architektury. Po gruntownej rewitalizacji socrealistycznego budynku, zwanego powszechnie ,,Mostem&#8221;, ponownie otwarto w tym miejscu S\u0142owack\u0105 Galeri\u0119 Narodow\u0105. O pracach budowlanych, kt\u00f3re przywr\u00f3ci\u0142y tej przestrzeni blask po ponad dwudziestu latach zamkni\u0119cia, opowiada w kolejnym odcinku podcastu ,,Holistic Heritage&#8221; dyrektorka generalna dr Alexandra Kus\u00e1, historyczka sztuki specjalizuj\u0105ca si\u0119 w sztuce XX wieku. <\/p>\n","protected":false},"author":7,"featured_media":5138,"comment_status":"open","ping_status":"open","sticky":true,"template":"","format":"standard","meta":{"_acf_changed":false,"editor_plus_copied_stylings":"{}","footnotes":""},"categories":[16],"tags":[109],"class_list":["post-5146","post","type-post","status-publish","format-standard","has-post-thumbnail","hentry","category-bez-kategorii","tag-podcast-pl"],"acf":[],"yoast_head":"<!-- This site is optimized with the Yoast SEO plugin v23.8 - https:\/\/yoast.com\/wordpress\/plugins\/seo\/ -->\n<title>,,Bratys\u0142awski most sztuki&quot; punktem wyj\u015bcia do rozwa\u017ca\u0144 na temat dziedzictwa Bratys\u0142awy i S\u0142owacji - Europa Nostra<\/title>\n<meta name=\"description\" content=\"W grudniu 2022 roku, po gruntownej rewitalizacji, ponowne otwarto S\u0142owack\u0105 Galeri\u0119 Narodow\u0105. Nasz\u0105 przewodniczk\u0105 po g\u0142\u00f3wnym s\u0142owackim muzeum jest dr Alexandra Kus\u00e1, jego dyrektorka generalna i historyczka sztuki specjalizuj\u0105ca si\u0119 w sztuce XX wieku.\" \/>\n<meta name=\"robots\" content=\"index, follow, max-snippet:-1, max-image-preview:large, max-video-preview:-1\" \/>\n<link rel=\"canonical\" href=\"https:\/\/heritagehubkrakow.org\/pl\/bratyslawski-most-sztuki\/\" \/>\n<meta property=\"og:locale\" content=\"pl_PL\" \/>\n<meta property=\"og:type\" content=\"article\" \/>\n<meta property=\"og:title\" content=\",,Bratys\u0142awski most sztuki&quot; punktem wyj\u015bcia do rozwa\u017ca\u0144 na temat dziedzictwa Bratys\u0142awy i S\u0142owacji - Europa Nostra\" \/>\n<meta property=\"og:description\" content=\"W grudniu 2022 roku, po gruntownej rewitalizacji, ponowne otwarto S\u0142owack\u0105 Galeri\u0119 Narodow\u0105. Nasz\u0105 przewodniczk\u0105 po g\u0142\u00f3wnym s\u0142owackim muzeum jest dr Alexandra Kus\u00e1, jego dyrektorka generalna i historyczka sztuki specjalizuj\u0105ca si\u0119 w sztuce XX wieku.\" \/>\n<meta property=\"og:url\" content=\"https:\/\/heritagehubkrakow.org\/pl\/bratyslawski-most-sztuki\/\" \/>\n<meta property=\"og:site_name\" content=\"Europa Nostra\" \/>\n<meta property=\"article:published_time\" content=\"2024-06-20T07:18:57+00:00\" \/>\n<meta property=\"article:modified_time\" content=\"2024-08-13T08:55:32+00:00\" \/>\n<meta property=\"og:image\" content=\"https:\/\/heritagehubkrakow.org\/wp-content\/uploads\/2024\/06\/6-1024x1024.png\" \/>\n\t<meta property=\"og:image:width\" content=\"1024\" \/>\n\t<meta property=\"og:image:height\" content=\"1024\" \/>\n\t<meta property=\"og:image:type\" content=\"image\/png\" \/>\n<meta name=\"author\" content=\"Lukasz\" \/>\n<meta name=\"twitter:card\" content=\"summary_large_image\" \/>\n<meta name=\"twitter:label1\" content=\"Napisane przez\" \/>\n\t<meta name=\"twitter:data1\" content=\"Lukasz\" \/>\n\t<meta name=\"twitter:label2\" content=\"Szacowany czas czytania\" \/>\n\t<meta name=\"twitter:data2\" content=\"1 minuta\" \/>\n<script type=\"application\/ld+json\" class=\"yoast-schema-graph\">{\"@context\":\"https:\/\/schema.org\",\"@graph\":[{\"@type\":\"Article\",\"@id\":\"https:\/\/heritagehubkrakow.org\/pl\/bratyslawski-most-sztuki\/#article\",\"isPartOf\":{\"@id\":\"https:\/\/heritagehubkrakow.org\/pl\/bratyslawski-most-sztuki\/\"},\"author\":{\"name\":\"Lukasz\",\"@id\":\"https:\/\/heritagehubkrakow.org\/pl\/#\/schema\/person\/112a7abbe48503b2f32e56abc46af660\"},\"headline\":\",,Bratys\u0142awski most sztuki&#8221; punktem wyj\u015bcia do rozwa\u017ca\u0144 na temat dziedzictwa Bratys\u0142awy i S\u0142owacji\",\"datePublished\":\"2024-06-20T07:18:57+00:00\",\"dateModified\":\"2024-08-13T08:55:32+00:00\",\"mainEntityOfPage\":{\"@id\":\"https:\/\/heritagehubkrakow.org\/pl\/bratyslawski-most-sztuki\/\"},\"wordCount\":228,\"commentCount\":0,\"publisher\":{\"@id\":\"https:\/\/heritagehubkrakow.org\/pl\/#organization\"},\"image\":{\"@id\":\"https:\/\/heritagehubkrakow.org\/pl\/bratyslawski-most-sztuki\/#primaryimage\"},\"thumbnailUrl\":\"https:\/\/heritagehubkrakow.org\/wp-content\/uploads\/2024\/06\/6.png\",\"keywords\":[\"Podcast\"],\"inLanguage\":\"pl-PL\",\"potentialAction\":[{\"@type\":\"CommentAction\",\"name\":\"Comment\",\"target\":[\"https:\/\/heritagehubkrakow.org\/pl\/bratyslawski-most-sztuki\/#respond\"]}]},{\"@type\":\"WebPage\",\"@id\":\"https:\/\/heritagehubkrakow.org\/pl\/bratyslawski-most-sztuki\/\",\"url\":\"https:\/\/heritagehubkrakow.org\/pl\/bratyslawski-most-sztuki\/\",\"name\":\",,Bratys\u0142awski most sztuki\\\" punktem wyj\u015bcia do rozwa\u017ca\u0144 na temat dziedzictwa Bratys\u0142awy i S\u0142owacji - Europa Nostra\",\"isPartOf\":{\"@id\":\"https:\/\/heritagehubkrakow.org\/pl\/#website\"},\"primaryImageOfPage\":{\"@id\":\"https:\/\/heritagehubkrakow.org\/pl\/bratyslawski-most-sztuki\/#primaryimage\"},\"image\":{\"@id\":\"https:\/\/heritagehubkrakow.org\/pl\/bratyslawski-most-sztuki\/#primaryimage\"},\"thumbnailUrl\":\"https:\/\/heritagehubkrakow.org\/wp-content\/uploads\/2024\/06\/6.png\",\"datePublished\":\"2024-06-20T07:18:57+00:00\",\"dateModified\":\"2024-08-13T08:55:32+00:00\",\"description\":\"W grudniu 2022 roku, po gruntownej rewitalizacji, ponowne otwarto S\u0142owack\u0105 Galeri\u0119 Narodow\u0105. Nasz\u0105 przewodniczk\u0105 po g\u0142\u00f3wnym s\u0142owackim muzeum jest dr Alexandra Kus\u00e1, jego dyrektorka generalna i historyczka sztuki specjalizuj\u0105ca si\u0119 w sztuce XX wieku.\",\"breadcrumb\":{\"@id\":\"https:\/\/heritagehubkrakow.org\/pl\/bratyslawski-most-sztuki\/#breadcrumb\"},\"inLanguage\":\"pl-PL\",\"potentialAction\":[{\"@type\":\"ReadAction\",\"target\":[\"https:\/\/heritagehubkrakow.org\/pl\/bratyslawski-most-sztuki\/\"]}]},{\"@type\":\"ImageObject\",\"inLanguage\":\"pl-PL\",\"@id\":\"https:\/\/heritagehubkrakow.org\/pl\/bratyslawski-most-sztuki\/#primaryimage\",\"url\":\"https:\/\/heritagehubkrakow.org\/wp-content\/uploads\/2024\/06\/6.png\",\"contentUrl\":\"https:\/\/heritagehubkrakow.org\/wp-content\/uploads\/2024\/06\/6.png\",\"width\":1080,\"height\":1080},{\"@type\":\"BreadcrumbList\",\"@id\":\"https:\/\/heritagehubkrakow.org\/pl\/bratyslawski-most-sztuki\/#breadcrumb\",\"itemListElement\":[{\"@type\":\"ListItem\",\"position\":1,\"name\":\"Homepage\",\"item\":\"https:\/\/heritagehubkrakow.org\/pl\/\"},{\"@type\":\"ListItem\",\"position\":2,\"name\":\",,Bratys\u0142awski most sztuki&#8221; punktem wyj\u015bcia do rozwa\u017ca\u0144 na temat dziedzictwa Bratys\u0142awy i S\u0142owacji\"}]},{\"@type\":\"WebSite\",\"@id\":\"https:\/\/heritagehubkrakow.org\/pl\/#website\",\"url\":\"https:\/\/heritagehubkrakow.org\/pl\/\",\"name\":\"Europa Nostra\",\"description\":\"Heritage Hub for Central and Eastern Europe\",\"publisher\":{\"@id\":\"https:\/\/heritagehubkrakow.org\/pl\/#organization\"},\"potentialAction\":[{\"@type\":\"SearchAction\",\"target\":{\"@type\":\"EntryPoint\",\"urlTemplate\":\"https:\/\/heritagehubkrakow.org\/pl\/?s={search_term_string}\"},\"query-input\":{\"@type\":\"PropertyValueSpecification\",\"valueRequired\":true,\"valueName\":\"search_term_string\"}}],\"inLanguage\":\"pl-PL\"},{\"@type\":\"Organization\",\"@id\":\"https:\/\/heritagehubkrakow.org\/pl\/#organization\",\"name\":\"Europa Nostra\",\"url\":\"https:\/\/heritagehubkrakow.org\/pl\/\",\"logo\":{\"@type\":\"ImageObject\",\"inLanguage\":\"pl-PL\",\"@id\":\"https:\/\/heritagehubkrakow.org\/pl\/#\/schema\/logo\/image\/\",\"url\":\"https:\/\/heritagehubkrakow.org\/wp-content\/uploads\/2023\/01\/europa-logo.png\",\"contentUrl\":\"https:\/\/heritagehubkrakow.org\/wp-content\/uploads\/2023\/01\/europa-logo.png\",\"width\":218,\"height\":237,\"caption\":\"Europa Nostra\"},\"image\":{\"@id\":\"https:\/\/heritagehubkrakow.org\/pl\/#\/schema\/logo\/image\/\"}},{\"@type\":\"Person\",\"@id\":\"https:\/\/heritagehubkrakow.org\/pl\/#\/schema\/person\/112a7abbe48503b2f32e56abc46af660\",\"name\":\"Lukasz\",\"image\":{\"@type\":\"ImageObject\",\"inLanguage\":\"pl-PL\",\"@id\":\"https:\/\/heritagehubkrakow.org\/pl\/#\/schema\/person\/image\/\",\"url\":\"https:\/\/secure.gravatar.com\/avatar\/ad98e1210139ce861e9a29f33990fb143471357f24b3f9df1095f3e51e7a4f52?s=96&d=mm&r=g\",\"contentUrl\":\"https:\/\/secure.gravatar.com\/avatar\/ad98e1210139ce861e9a29f33990fb143471357f24b3f9df1095f3e51e7a4f52?s=96&d=mm&r=g\",\"caption\":\"Lukasz\"},\"url\":\"https:\/\/heritagehubkrakow.org\/pl\/author\/lukasz-pierog\/\"}]}<\/script>\n<!-- \/ Yoast SEO plugin. -->","yoast_head_json":{"title":",,Bratys\u0142awski most sztuki\" punktem wyj\u015bcia do rozwa\u017ca\u0144 na temat dziedzictwa Bratys\u0142awy i S\u0142owacji - Europa Nostra","description":"W grudniu 2022 roku, po gruntownej rewitalizacji, ponowne otwarto S\u0142owack\u0105 Galeri\u0119 Narodow\u0105. Nasz\u0105 przewodniczk\u0105 po g\u0142\u00f3wnym s\u0142owackim muzeum jest dr Alexandra Kus\u00e1, jego dyrektorka generalna i historyczka sztuki specjalizuj\u0105ca si\u0119 w sztuce XX wieku.","robots":{"index":"index","follow":"follow","max-snippet":"max-snippet:-1","max-image-preview":"max-image-preview:large","max-video-preview":"max-video-preview:-1"},"canonical":"https:\/\/heritagehubkrakow.org\/pl\/bratyslawski-most-sztuki\/","og_locale":"pl_PL","og_type":"article","og_title":",,Bratys\u0142awski most sztuki\" punktem wyj\u015bcia do rozwa\u017ca\u0144 na temat dziedzictwa Bratys\u0142awy i S\u0142owacji - Europa Nostra","og_description":"W grudniu 2022 roku, po gruntownej rewitalizacji, ponowne otwarto S\u0142owack\u0105 Galeri\u0119 Narodow\u0105. Nasz\u0105 przewodniczk\u0105 po g\u0142\u00f3wnym s\u0142owackim muzeum jest dr Alexandra Kus\u00e1, jego dyrektorka generalna i historyczka sztuki specjalizuj\u0105ca si\u0119 w sztuce XX wieku.","og_url":"https:\/\/heritagehubkrakow.org\/pl\/bratyslawski-most-sztuki\/","og_site_name":"Europa Nostra","article_published_time":"2024-06-20T07:18:57+00:00","article_modified_time":"2024-08-13T08:55:32+00:00","og_image":[{"width":1024,"height":1024,"url":"https:\/\/heritagehubkrakow.org\/wp-content\/uploads\/2024\/06\/6-1024x1024.png","type":"image\/png"}],"author":"Lukasz","twitter_card":"summary_large_image","twitter_misc":{"Napisane przez":"Lukasz","Szacowany czas czytania":"1 minuta"},"schema":{"@context":"https:\/\/schema.org","@graph":[{"@type":"Article","@id":"https:\/\/heritagehubkrakow.org\/pl\/bratyslawski-most-sztuki\/#article","isPartOf":{"@id":"https:\/\/heritagehubkrakow.org\/pl\/bratyslawski-most-sztuki\/"},"author":{"name":"Lukasz","@id":"https:\/\/heritagehubkrakow.org\/pl\/#\/schema\/person\/112a7abbe48503b2f32e56abc46af660"},"headline":",,Bratys\u0142awski most sztuki&#8221; punktem wyj\u015bcia do rozwa\u017ca\u0144 na temat dziedzictwa Bratys\u0142awy i S\u0142owacji","datePublished":"2024-06-20T07:18:57+00:00","dateModified":"2024-08-13T08:55:32+00:00","mainEntityOfPage":{"@id":"https:\/\/heritagehubkrakow.org\/pl\/bratyslawski-most-sztuki\/"},"wordCount":228,"commentCount":0,"publisher":{"@id":"https:\/\/heritagehubkrakow.org\/pl\/#organization"},"image":{"@id":"https:\/\/heritagehubkrakow.org\/pl\/bratyslawski-most-sztuki\/#primaryimage"},"thumbnailUrl":"https:\/\/heritagehubkrakow.org\/wp-content\/uploads\/2024\/06\/6.png","keywords":["Podcast"],"inLanguage":"pl-PL","potentialAction":[{"@type":"CommentAction","name":"Comment","target":["https:\/\/heritagehubkrakow.org\/pl\/bratyslawski-most-sztuki\/#respond"]}]},{"@type":"WebPage","@id":"https:\/\/heritagehubkrakow.org\/pl\/bratyslawski-most-sztuki\/","url":"https:\/\/heritagehubkrakow.org\/pl\/bratyslawski-most-sztuki\/","name":",,Bratys\u0142awski most sztuki\" punktem wyj\u015bcia do rozwa\u017ca\u0144 na temat dziedzictwa Bratys\u0142awy i S\u0142owacji - Europa Nostra","isPartOf":{"@id":"https:\/\/heritagehubkrakow.org\/pl\/#website"},"primaryImageOfPage":{"@id":"https:\/\/heritagehubkrakow.org\/pl\/bratyslawski-most-sztuki\/#primaryimage"},"image":{"@id":"https:\/\/heritagehubkrakow.org\/pl\/bratyslawski-most-sztuki\/#primaryimage"},"thumbnailUrl":"https:\/\/heritagehubkrakow.org\/wp-content\/uploads\/2024\/06\/6.png","datePublished":"2024-06-20T07:18:57+00:00","dateModified":"2024-08-13T08:55:32+00:00","description":"W grudniu 2022 roku, po gruntownej rewitalizacji, ponowne otwarto S\u0142owack\u0105 Galeri\u0119 Narodow\u0105. Nasz\u0105 przewodniczk\u0105 po g\u0142\u00f3wnym s\u0142owackim muzeum jest dr Alexandra Kus\u00e1, jego dyrektorka generalna i historyczka sztuki specjalizuj\u0105ca si\u0119 w sztuce XX wieku.","breadcrumb":{"@id":"https:\/\/heritagehubkrakow.org\/pl\/bratyslawski-most-sztuki\/#breadcrumb"},"inLanguage":"pl-PL","potentialAction":[{"@type":"ReadAction","target":["https:\/\/heritagehubkrakow.org\/pl\/bratyslawski-most-sztuki\/"]}]},{"@type":"ImageObject","inLanguage":"pl-PL","@id":"https:\/\/heritagehubkrakow.org\/pl\/bratyslawski-most-sztuki\/#primaryimage","url":"https:\/\/heritagehubkrakow.org\/wp-content\/uploads\/2024\/06\/6.png","contentUrl":"https:\/\/heritagehubkrakow.org\/wp-content\/uploads\/2024\/06\/6.png","width":1080,"height":1080},{"@type":"BreadcrumbList","@id":"https:\/\/heritagehubkrakow.org\/pl\/bratyslawski-most-sztuki\/#breadcrumb","itemListElement":[{"@type":"ListItem","position":1,"name":"Homepage","item":"https:\/\/heritagehubkrakow.org\/pl\/"},{"@type":"ListItem","position":2,"name":",,Bratys\u0142awski most sztuki&#8221; punktem wyj\u015bcia do rozwa\u017ca\u0144 na temat dziedzictwa Bratys\u0142awy i S\u0142owacji"}]},{"@type":"WebSite","@id":"https:\/\/heritagehubkrakow.org\/pl\/#website","url":"https:\/\/heritagehubkrakow.org\/pl\/","name":"Europa Nostra","description":"Heritage Hub for Central and Eastern Europe","publisher":{"@id":"https:\/\/heritagehubkrakow.org\/pl\/#organization"},"potentialAction":[{"@type":"SearchAction","target":{"@type":"EntryPoint","urlTemplate":"https:\/\/heritagehubkrakow.org\/pl\/?s={search_term_string}"},"query-input":{"@type":"PropertyValueSpecification","valueRequired":true,"valueName":"search_term_string"}}],"inLanguage":"pl-PL"},{"@type":"Organization","@id":"https:\/\/heritagehubkrakow.org\/pl\/#organization","name":"Europa Nostra","url":"https:\/\/heritagehubkrakow.org\/pl\/","logo":{"@type":"ImageObject","inLanguage":"pl-PL","@id":"https:\/\/heritagehubkrakow.org\/pl\/#\/schema\/logo\/image\/","url":"https:\/\/heritagehubkrakow.org\/wp-content\/uploads\/2023\/01\/europa-logo.png","contentUrl":"https:\/\/heritagehubkrakow.org\/wp-content\/uploads\/2023\/01\/europa-logo.png","width":218,"height":237,"caption":"Europa Nostra"},"image":{"@id":"https:\/\/heritagehubkrakow.org\/pl\/#\/schema\/logo\/image\/"}},{"@type":"Person","@id":"https:\/\/heritagehubkrakow.org\/pl\/#\/schema\/person\/112a7abbe48503b2f32e56abc46af660","name":"Lukasz","image":{"@type":"ImageObject","inLanguage":"pl-PL","@id":"https:\/\/heritagehubkrakow.org\/pl\/#\/schema\/person\/image\/","url":"https:\/\/secure.gravatar.com\/avatar\/ad98e1210139ce861e9a29f33990fb143471357f24b3f9df1095f3e51e7a4f52?s=96&d=mm&r=g","contentUrl":"https:\/\/secure.gravatar.com\/avatar\/ad98e1210139ce861e9a29f33990fb143471357f24b3f9df1095f3e51e7a4f52?s=96&d=mm&r=g","caption":"Lukasz"},"url":"https:\/\/heritagehubkrakow.org\/pl\/author\/lukasz-pierog\/"}]}},"_links":{"self":[{"href":"https:\/\/heritagehubkrakow.org\/pl\/wp-json\/wp\/v2\/posts\/5146","targetHints":{"allow":["GET"]}}],"collection":[{"href":"https:\/\/heritagehubkrakow.org\/pl\/wp-json\/wp\/v2\/posts"}],"about":[{"href":"https:\/\/heritagehubkrakow.org\/pl\/wp-json\/wp\/v2\/types\/post"}],"author":[{"embeddable":true,"href":"https:\/\/heritagehubkrakow.org\/pl\/wp-json\/wp\/v2\/users\/7"}],"replies":[{"embeddable":true,"href":"https:\/\/heritagehubkrakow.org\/pl\/wp-json\/wp\/v2\/comments?post=5146"}],"version-history":[{"count":15,"href":"https:\/\/heritagehubkrakow.org\/pl\/wp-json\/wp\/v2\/posts\/5146\/revisions"}],"predecessor-version":[{"id":5553,"href":"https:\/\/heritagehubkrakow.org\/pl\/wp-json\/wp\/v2\/posts\/5146\/revisions\/5553"}],"wp:featuredmedia":[{"embeddable":true,"href":"https:\/\/heritagehubkrakow.org\/pl\/wp-json\/wp\/v2\/media\/5138"}],"wp:attachment":[{"href":"https:\/\/heritagehubkrakow.org\/pl\/wp-json\/wp\/v2\/media?parent=5146"}],"wp:term":[{"taxonomy":"category","embeddable":true,"href":"https:\/\/heritagehubkrakow.org\/pl\/wp-json\/wp\/v2\/categories?post=5146"},{"taxonomy":"post_tag","embeddable":true,"href":"https:\/\/heritagehubkrakow.org\/pl\/wp-json\/wp\/v2\/tags?post=5146"}],"curies":[{"name":"wp","href":"https:\/\/api.w.org\/{rel}","templated":true}]}}