{"id":5656,"date":"2024-08-20T07:34:17","date_gmt":"2024-08-20T07:34:17","guid":{"rendered":"https:\/\/heritagehubkrakow.org\/?p=5656"},"modified":"2024-08-26T05:33:24","modified_gmt":"2024-08-26T05:33:24","slug":"nadsanie","status":"publish","type":"post","link":"https:\/\/heritagehubkrakow.org\/pl\/nadsanie\/","title":{"rendered":",,Nadsanie&#8221; \u2013 ws\u0142uchujemy si\u0119 w dziedzictwo kulturowe Ukrai\u0144c\u00f3w w Polsce!"},"content":{"rendered":"<div class=\"is-style-section-container, has-white-text is-style-section-container wp-block-group alignfull has-red-background-color has-background eplus-wrapper is-layout-constrained wp-block-group-is-layout-constrained eplus-styles-uid-2d17b3\"><div class=\"is-style-section-container wp-block-group alignfull eplus-wrapper is-layout-constrained wp-block-group-is-layout-constrained eplus-styles-uid-38b380\"><div class=\"has-white-text wp-block-group alignfull has-white-color has-text-color eplus-wrapper is-layout-constrained wp-block-group-is-layout-constrained eplus-styles-uid-0ed7c1\"><h1 class=\" wp-block-heading has-text-align-center eplus-wrapper eplus-styles-uid-49faf1\"><strong><strong><strong><strong>NADSANIE<\/strong><\/strong><\/strong><\/strong><\/h1>\n\n<div class=\"yoast-breadcrumbs\"><span><span><a href=\"https:\/\/heritagehubkrakow.org\/pl\/\">Homepage<\/a><\/span> &#8211; <span class=\"breadcrumb_last\" aria-current=\"page\">,,Nadsanie\u201d \u2013 ws\u0142uchujemy si\u0119 w dziedzictwo kulturowe Ukrai\u0144c\u00f3w w Polsce!<\/span><\/span><\/div><\/div><\/div><\/div>\n\n<div class=\"is-style-section-container wp-block-group alignfull has-green-dark-background-color has-background eplus-wrapper is-layout-constrained wp-block-group-is-layout-constrained eplus-styles-uid-4c6cdd\"><div class=\"wp-block-group alignwide eplus-wrapper is-layout-constrained wp-block-group-is-layout-constrained eplus-styles-uid-24f6f4\">\n<div class=\"wp-block-group eplus-wrapper is-layout-constrained wp-block-group-is-layout-constrained\"><div class=\"wp-block-group eplus-wrapper is-content-justification-center is-layout-flex wp-container-core-group-is-layout-8ee2ad45 wp-block-group-is-layout-flex eplus-styles-uid-117bd0\"><div class=\"article-date wp-block-post-date\"><time datetime=\"2024-08-20T07:34:17+00:00\">20 sierpnia 2024<\/time><\/div><\/div>\n\n<div class=\"wp-block-group eplus-wrapper is-layout-constrained wp-block-group-is-layout-constrained eplus-styles-uid-ba2e4b\"><\/div><\/div>\n\n\n\n<h4 class=\" wp-block-heading eplus-wrapper\">W pierwszym z trzech podcast\u00f3w z serii po\u015bwi\u0119conej ukrai\u0144skiemu dziedzictwu kulturowemu w Polsce przygl\u0105damy si\u0119 regionowi Nadsania i odkrywamy ukrai\u0144skie dziedzictwo w Przemy\u015blu. To w\u0142a\u015bnie w tym mie\u015bcie znajduje si\u0119 siedziba<a href=\"https:\/\/ukraincy.org.pl\/narodnyj-dim\/\"> Narodniy Dim \u2013 Domu Ukrai\u0144skiego \u2013<\/a> prowadzonego przez Zwi\u0105zek Ukrai\u0144c\u00f3w w Polsce. Wiele rodzin, kt\u00f3re zosta\u0142y deportowane z po\u0142udniowo-wschodniej cz\u0119\u015bci kraju w 1947 roku w ramach Akcji \u201eWis\u0142a\u201d, powr\u00f3ci\u0142o i kultywuje swoje regionalne tradycje, j\u0119zyk oraz muzyk\u0119.<\/h4>\n\n\n\n<p class=\" eplus-wrapper\">W ramach projektu <a href=\"https:\/\/heritagehubkrakow.org\/pl\/project\/niematerialne-dziedzictwo-kulturowe-ukraincow-w-polsce-mapowanie-i-upowszechnianie\/\">\u201eNiematerialne dziedzictwo kulturowe Ukrai\u0144c\u00f3w w Polsce: mapowanie i upowszechnianie\u201d,<\/a> kt\u00f3ry ma na celu zwr\u00f3cenie uwagi na jego obecne odrodzenie po latach zaniedbania, ws\u0142uchujemy si\u0119 w niekt\u00f3re z tych historii. Przewodniczk\u0105 po meandrach tematu i wsp\u00f3\u0142prowadz\u0105c\u0105 rozmowy jest dr Olga Kich-Mas\u0142ej z Zak\u0142adu Studi\u00f3w Polsko-Ukrai\u0144skich na Wydziale Studi\u00f3w Mi\u0119dzynarodowych i Politycznych UJ.<\/p>\n\n\n\n<p class=\" eplus-wrapper\"><\/p>\n\n\n\n<figure class=\" wp-block-image aligncenter size-large is-resized eplus-wrapper\"><a href=\"https:\/\/heritagehubkrakow.org\/project\/nadsanie\/\"><img loading=\"lazy\" decoding=\"async\" width=\"1024\" height=\"1024\" src=\"https:\/\/heritagehubkrakow.org\/wp-content\/uploads\/2024\/08\/TMHiZK_Podcast-Ukraine_heritage-Ukrainians-Nadsanie-1024x1024.jpg\" alt=\"\" class=\"wp-image-5643\" style=\"width:445px;height:auto\" srcset=\"https:\/\/heritagehubkrakow.org\/wp-content\/uploads\/2024\/08\/TMHiZK_Podcast-Ukraine_heritage-Ukrainians-Nadsanie-1024x1024.jpg 1024w, https:\/\/heritagehubkrakow.org\/wp-content\/uploads\/2024\/08\/TMHiZK_Podcast-Ukraine_heritage-Ukrainians-Nadsanie-300x300.jpg 300w, https:\/\/heritagehubkrakow.org\/wp-content\/uploads\/2024\/08\/TMHiZK_Podcast-Ukraine_heritage-Ukrainians-Nadsanie-150x150.jpg 150w, https:\/\/heritagehubkrakow.org\/wp-content\/uploads\/2024\/08\/TMHiZK_Podcast-Ukraine_heritage-Ukrainians-Nadsanie-768x768.jpg 768w, https:\/\/heritagehubkrakow.org\/wp-content\/uploads\/2024\/08\/TMHiZK_Podcast-Ukraine_heritage-Ukrainians-Nadsanie.jpg 1200w\" sizes=\"auto, (max-width: 1024px) 100vw, 1024px\" \/><\/a><\/figure>\n\n\n\n<div class=\"wp-block-buttons eplus-wrapper is-layout-flex wp-block-buttons-is-layout-flex\"><div class=\" wp-block-button eplus-wrapper eplus-styles-uid-b693ec\"><a class=\"wp-block-button__link has-text-align-center wp-element-button\" href=\"https:\/\/heritagehubkrakow.org\/project\/nadsanie\/\" target=\"_blank\" rel=\"noreferrer noopener\"><strong>S\u0142uchaj tutaj<\/strong><\/a><\/div><\/div>\n\n\n\n<p class=\" eplus-wrapper\"><\/p>\n\n\n\n<p class=\" eplus-wrapper\">W 13. odcinku podcastu \u201eUkraine Heritage Spotlight\u201d <strong>John Beauchamp i dr Katarzyna Jagodzi\u0144ska<\/strong>, cz\u0142onkowie zespo\u0142u Europa Nostra Heritage Hub w Krakowie, s\u0105 w Przemy\u015blu, gdzie rozmawiaj\u0105 z kilkoma ukrai\u0144skimi dzia\u0142aczami:<\/p>\n\n\n\n<p class=\" eplus-wrapper\">&#8211; <strong>Igorem Horkowem<\/strong> \u2013 dyrektorem <a href=\"https:\/\/ukraincy.org.pl\/narodnyj-dim\/\">Domu Ukrai\u0144skiego w Przemy\u015blu,<\/a> kt\u00f3ry podkre\u015bla, \u017ce dom jest otwarty \u201edla wszystkich\u201d;<\/p>\n\n\n\n<p class=\" eplus-wrapper\"><\/p>\n\n\n<ul class=\" wp-block-list eplus-wrapper eplus-styles-uid-069fe0\"><\/ul>\n\n\n<p class=\" eplus-wrapper\">&#8211; <strong>Mari\u0105 Tuck\u0105<\/strong> \u2013 lokaln\u0105 edukatork\u0105, kt\u00f3ra promuje regionalne stroje oraz kolekcj\u0119 etnograficzn\u0105 \u201ePer\u0142y Pogranicza\u201d;<\/p>\n\n\n\n<p class=\" eplus-wrapper\"><\/p>\n\n\n<ul class=\" wp-block-list eplus-wrapper eplus-styles-uid-b5b036\"><\/ul>\n\n\n<p class=\" eplus-wrapper\">&#8211; <strong>Mari\u0105 Mryczko<\/strong> \u2013 lokaln\u0105 artystk\u0105, kt\u00f3ra zajmuje si\u0119 tradycyjn\u0105 wycinank\u0105;<\/p>\n\n\n\n<p class=\" eplus-wrapper\"><\/p>\n\n\n<ul class=\" wp-block-list eplus-wrapper eplus-styles-uid-3c1841\"><\/ul>\n\n\n<p class=\" eplus-wrapper\">&#8211; <strong>Tatian\u0105 Czarn\u0105-Nakonieczn\u0105<\/strong> \u2013 lokaln\u0105 dzia\u0142aczk\u0105, kt\u00f3ra prowadzi zespo\u0142y muzyki ludowej <a href=\"https:\/\/www.facebook.com\/people\/Krajka%D0%9A%D1%80%D0%B0%D0%B9%D0%BA%D0%B0\/100063566921453\/\">\u201eKrajka\u201d<\/a> i \u201eKrajeczka\u201d.<\/p>\n\n\n\n<p class=\" eplus-wrapper\"><\/p>\n\n\n<ul class=\" wp-block-list eplus-wrapper eplus-styles-uid-b63223\"><\/ul>\n\n\n<p class=\" eplus-wrapper\">W podca\u015bcie s\u0142yszymy tak\u017ce <strong>Tatian\u0119 Harasym, Aleksandr\u0119 Ste\u0107 i Dari\u0119 Pulkovska, <\/strong>cz\u0142onkinie zespo\u0142u ,,Krajka&#8221; oraz <strong>Maksyma Nakoniecznego<\/strong> (syn Tatiany), kt\u00f3ry wyst\u0119puje jako frontman zespo\u0142u folkowego <a href=\"https:\/\/www.facebook.com\/hraybery\">Hraybery <\/a>i towarzyszy zespo\u0142owi ,,Krajeczka&#8221;.<\/p>\n\n\n\n<p class=\" eplus-wrapper\">Podcast zosta\u0142 zrealizowany w ramach uniwersyteckiego projektu badawczego <a href=\"https:\/\/heritagehubkrakow.org\/pl\/project\/niematerialne-dziedzictwo-kulturowe-ukraincow-w-polsce-mapowanie-i-upowszechnianie\/\">\u201eNiematerialne dziedzictwo kulturowe Ukrai\u0144c\u00f3w w Polsce: mapowanie i upowszechnianie\u201d<\/a> i jest finansowany w ramach Programu Strategicznego Inicjatywa Doskona\u0142o\u015bci w Uniwersytecie Jagiello\u0144skim.<\/p>\n\n\n\n<p class=\" eplus-wrapper\"><\/p>\n\n\n\n<p class=\" has-text-align-center eplus-wrapper\">&#8211;   &#8211;   &#8211;   &#8211;   &#8211;<\/p>\n\n\n\n<p class=\" eplus-wrapper\"><\/p>\n\n\n\n<p class=\" eplus-wrapper\"><\/p>\n\n\n\n<p class=\" eplus-wrapper\"><\/p>\n\n\n<ul class=\" wp-block-list eplus-wrapper eplus-styles-uid-729a35\"><\/ul>\n\n\n<p class=\" eplus-wrapper\"><strong>Ukraine Heritage Spotlight to seria podcast\u00f3w na temat ratowania dziedzictwa kulturowego Ukrainy w Europa Nostra Heritage Hub w Krakowie. Prowadzenie John Beauchamp, radiowiec i producent d\u017awi\u0119ku i dr Katarzyna Jagodzi\u0144ska, kierowniczka Europa Nostra Heritage Hub w Krakowie. Produkcja: John Beauchamp z Free Range Productions.<\/strong><\/p>\n\n\n\n<p class=\" eplus-wrapper\"><\/p>\n\n\n\n<p class=\" eplus-wrapper\"><\/p>\n\n\n<ul class=\" wp-block-list eplus-wrapper eplus-styles-uid-d3d71a\"><\/ul>\n\n\n<p class=\" eplus-wrapper\"><\/p>\n\n\n\n<p class=\" eplus-wrapper\"><\/p>\n\n\n\n<p class=\" eplus-wrapper\">Projekt jest wsp\u00f3\u0142finansowany przez <a href=\"https:\/\/european-union.europa.eu\/index_en\">Uni\u0119 Europejsk\u0105<\/a> i <a href=\"https:\/\/www.krakow.pl\/krakow_open_city\">Miasto Krak\u00f3w<\/a>.<\/p>\n\n\n\n<p class=\" eplus-wrapper\"><\/p>\n\n\n\n<p class=\" eplus-wrapper\"><\/p>\n\n\n\n<div class=\"wp-block-buttons eplus-wrapper is-layout-flex wp-block-buttons-is-layout-flex\"><div class=\" wp-block-button eplus-wrapper eplus-styles-uid-66710e\"><a class=\"wp-block-button__link wp-element-button\" href=\"https:\/\/heritagehubkrakow.org\/pl\/holistic-heritage\/\" target=\"_blank\" rel=\"noreferrer noopener\">HOLISTIC HERITAGE PODCASTY<\/a><\/div><\/div>\n\n\n\n<div class=\"wp-block-group eplus-wrapper is-layout-constrained wp-block-group-is-layout-constrained\"><\/div>\n\n\n\n<div class=\"wp-block-group eplus-wrapper is-layout-constrained wp-block-group-is-layout-constrained\"><\/div>\n<\/div><\/div>\n\n<div class=\"is-style-section-container wp-block-group alignfull has-blue-light-background-color has-background eplus-wrapper is-layout-constrained wp-block-group-is-layout-constrained eplus-styles-uid-4c6cdd\"><\/div>\n\n<div class=\"is-style-section-container wp-block-group alignfull has-orange-background-color has-background eplus-wrapper is-layout-constrained wp-block-group-is-layout-constrained eplus-styles-uid-4c6cdd\">\n<div class=\"wp-block-group alignfull eplus-wrapper is-layout-constrained wp-block-group-is-layout-constrained\"><\/div>\n<\/div>","protected":false},"excerpt":{"rendered":"<p>W 13. odcinku podcastu \u201eUkraine Heritage Spotlight\u201d pt. ,,Nadsanie\u201d jeste\u015bmy w Domu Ukrai\u0144skim w Przemy\u015blu, kt\u00f3ry prowadzi Zwi\u0105zek Ukrai\u0144c\u00f3w w Polsce. Rozmawiamy tam z kilkoma ukrai\u0144skimi dzia\u0142aczami o tym, jak niezwyk\u0142e jest to miejsce!<\/p>\n","protected":false},"author":7,"featured_media":5643,"comment_status":"open","ping_status":"open","sticky":true,"template":"","format":"standard","meta":{"_acf_changed":false,"editor_plus_copied_stylings":"{}","footnotes":""},"categories":[16],"tags":[],"class_list":["post-5656","post","type-post","status-publish","format-standard","has-post-thumbnail","hentry","category-bez-kategorii"],"acf":[],"yoast_head":"<!-- This site is optimized with the Yoast SEO plugin v23.8 - https:\/\/yoast.com\/wordpress\/plugins\/seo\/ -->\n<title>,,Nadsanie&quot; \u2013 ws\u0142uchujemy si\u0119 w dziedzictwo kulturowe Ukrai\u0144c\u00f3w w Polsce! - Europa Nostra<\/title>\n<meta name=\"description\" content=\"Ws\u0142uchujemy si\u0119 w dziedzictwo kulturowe Ukrai\u0144c\u00f3w w Polsce! W 13. odcinku podcastu \u201eUkraine Heritage Spotlight\u201d pt. ,,Nadsanie\u201d jeste\u015bmy w Domu Ukrai\u0144skim w Przemy\u015blu, kt\u00f3ry prowadzi Zwi\u0105zek Ukrai\u0144c\u00f3w w Polsce. Rozmawiamy tam z kilkoma ukrai\u0144skimi dzia\u0142aczami o tym, jak niezwyk\u0142e jest to miejsce!\" \/>\n<meta name=\"robots\" content=\"index, follow, max-snippet:-1, max-image-preview:large, max-video-preview:-1\" \/>\n<link rel=\"canonical\" href=\"https:\/\/heritagehubkrakow.org\/pl\/nadsanie\/\" \/>\n<meta property=\"og:locale\" content=\"pl_PL\" \/>\n<meta property=\"og:type\" content=\"article\" \/>\n<meta property=\"og:title\" content=\",,Nadsanie&quot; \u2013 ws\u0142uchujemy si\u0119 w dziedzictwo kulturowe Ukrai\u0144c\u00f3w w Polsce! - Europa Nostra\" \/>\n<meta property=\"og:description\" content=\"Ws\u0142uchujemy si\u0119 w dziedzictwo kulturowe Ukrai\u0144c\u00f3w w Polsce! W 13. odcinku podcastu \u201eUkraine Heritage Spotlight\u201d pt. ,,Nadsanie\u201d jeste\u015bmy w Domu Ukrai\u0144skim w Przemy\u015blu, kt\u00f3ry prowadzi Zwi\u0105zek Ukrai\u0144c\u00f3w w Polsce. Rozmawiamy tam z kilkoma ukrai\u0144skimi dzia\u0142aczami o tym, jak niezwyk\u0142e jest to miejsce!\" \/>\n<meta property=\"og:url\" content=\"https:\/\/heritagehubkrakow.org\/pl\/nadsanie\/\" \/>\n<meta property=\"og:site_name\" content=\"Europa Nostra\" \/>\n<meta property=\"article:published_time\" content=\"2024-08-20T07:34:17+00:00\" \/>\n<meta property=\"article:modified_time\" content=\"2024-08-26T05:33:24+00:00\" \/>\n<meta property=\"og:image\" content=\"https:\/\/heritagehubkrakow.org\/wp-content\/uploads\/2024\/08\/TMHiZK_Podcast-Ukraine_heritage-Ukrainians-Nadsanie.jpg\" \/>\n\t<meta property=\"og:image:width\" content=\"1200\" \/>\n\t<meta property=\"og:image:height\" content=\"1200\" \/>\n\t<meta property=\"og:image:type\" content=\"image\/jpeg\" \/>\n<meta name=\"author\" content=\"Lukasz\" \/>\n<meta name=\"twitter:card\" content=\"summary_large_image\" \/>\n<meta name=\"twitter:label1\" content=\"Napisane przez\" \/>\n\t<meta name=\"twitter:data1\" content=\"Lukasz\" \/>\n\t<meta name=\"twitter:label2\" content=\"Szacowany czas czytania\" \/>\n\t<meta name=\"twitter:data2\" content=\"2 minuty\" \/>\n<script type=\"application\/ld+json\" class=\"yoast-schema-graph\">{\"@context\":\"https:\/\/schema.org\",\"@graph\":[{\"@type\":\"Article\",\"@id\":\"https:\/\/heritagehubkrakow.org\/pl\/nadsanie\/#article\",\"isPartOf\":{\"@id\":\"https:\/\/heritagehubkrakow.org\/pl\/nadsanie\/\"},\"author\":{\"name\":\"Lukasz\",\"@id\":\"https:\/\/heritagehubkrakow.org\/pl\/#\/schema\/person\/112a7abbe48503b2f32e56abc46af660\"},\"headline\":\",,Nadsanie&#8221; \u2013 ws\u0142uchujemy si\u0119 w dziedzictwo kulturowe Ukrai\u0144c\u00f3w w Polsce!\",\"datePublished\":\"2024-08-20T07:34:17+00:00\",\"dateModified\":\"2024-08-26T05:33:24+00:00\",\"mainEntityOfPage\":{\"@id\":\"https:\/\/heritagehubkrakow.org\/pl\/nadsanie\/\"},\"wordCount\":410,\"commentCount\":0,\"publisher\":{\"@id\":\"https:\/\/heritagehubkrakow.org\/pl\/#organization\"},\"image\":{\"@id\":\"https:\/\/heritagehubkrakow.org\/pl\/nadsanie\/#primaryimage\"},\"thumbnailUrl\":\"https:\/\/heritagehubkrakow.org\/wp-content\/uploads\/2024\/08\/TMHiZK_Podcast-Ukraine_heritage-Ukrainians-Nadsanie.jpg\",\"inLanguage\":\"pl-PL\",\"potentialAction\":[{\"@type\":\"CommentAction\",\"name\":\"Comment\",\"target\":[\"https:\/\/heritagehubkrakow.org\/pl\/nadsanie\/#respond\"]}]},{\"@type\":\"WebPage\",\"@id\":\"https:\/\/heritagehubkrakow.org\/pl\/nadsanie\/\",\"url\":\"https:\/\/heritagehubkrakow.org\/pl\/nadsanie\/\",\"name\":\",,Nadsanie\\\" \u2013 ws\u0142uchujemy si\u0119 w dziedzictwo kulturowe Ukrai\u0144c\u00f3w w Polsce! - Europa Nostra\",\"isPartOf\":{\"@id\":\"https:\/\/heritagehubkrakow.org\/pl\/#website\"},\"primaryImageOfPage\":{\"@id\":\"https:\/\/heritagehubkrakow.org\/pl\/nadsanie\/#primaryimage\"},\"image\":{\"@id\":\"https:\/\/heritagehubkrakow.org\/pl\/nadsanie\/#primaryimage\"},\"thumbnailUrl\":\"https:\/\/heritagehubkrakow.org\/wp-content\/uploads\/2024\/08\/TMHiZK_Podcast-Ukraine_heritage-Ukrainians-Nadsanie.jpg\",\"datePublished\":\"2024-08-20T07:34:17+00:00\",\"dateModified\":\"2024-08-26T05:33:24+00:00\",\"description\":\"Ws\u0142uchujemy si\u0119 w dziedzictwo kulturowe Ukrai\u0144c\u00f3w w Polsce! W 13. odcinku podcastu \u201eUkraine Heritage Spotlight\u201d pt. ,,Nadsanie\u201d jeste\u015bmy w Domu Ukrai\u0144skim w Przemy\u015blu, kt\u00f3ry prowadzi Zwi\u0105zek Ukrai\u0144c\u00f3w w Polsce. Rozmawiamy tam z kilkoma ukrai\u0144skimi dzia\u0142aczami o tym, jak niezwyk\u0142e jest to miejsce!\",\"breadcrumb\":{\"@id\":\"https:\/\/heritagehubkrakow.org\/pl\/nadsanie\/#breadcrumb\"},\"inLanguage\":\"pl-PL\",\"potentialAction\":[{\"@type\":\"ReadAction\",\"target\":[\"https:\/\/heritagehubkrakow.org\/pl\/nadsanie\/\"]}]},{\"@type\":\"ImageObject\",\"inLanguage\":\"pl-PL\",\"@id\":\"https:\/\/heritagehubkrakow.org\/pl\/nadsanie\/#primaryimage\",\"url\":\"https:\/\/heritagehubkrakow.org\/wp-content\/uploads\/2024\/08\/TMHiZK_Podcast-Ukraine_heritage-Ukrainians-Nadsanie.jpg\",\"contentUrl\":\"https:\/\/heritagehubkrakow.org\/wp-content\/uploads\/2024\/08\/TMHiZK_Podcast-Ukraine_heritage-Ukrainians-Nadsanie.jpg\",\"width\":1200,\"height\":1200},{\"@type\":\"BreadcrumbList\",\"@id\":\"https:\/\/heritagehubkrakow.org\/pl\/nadsanie\/#breadcrumb\",\"itemListElement\":[{\"@type\":\"ListItem\",\"position\":1,\"name\":\"Homepage\",\"item\":\"https:\/\/heritagehubkrakow.org\/pl\/\"},{\"@type\":\"ListItem\",\"position\":2,\"name\":\",,Nadsanie&#8221; \u2013 ws\u0142uchujemy si\u0119 w dziedzictwo kulturowe Ukrai\u0144c\u00f3w w Polsce!\"}]},{\"@type\":\"WebSite\",\"@id\":\"https:\/\/heritagehubkrakow.org\/pl\/#website\",\"url\":\"https:\/\/heritagehubkrakow.org\/pl\/\",\"name\":\"Europa Nostra\",\"description\":\"Heritage Hub for Central and Eastern Europe\",\"publisher\":{\"@id\":\"https:\/\/heritagehubkrakow.org\/pl\/#organization\"},\"potentialAction\":[{\"@type\":\"SearchAction\",\"target\":{\"@type\":\"EntryPoint\",\"urlTemplate\":\"https:\/\/heritagehubkrakow.org\/pl\/?s={search_term_string}\"},\"query-input\":{\"@type\":\"PropertyValueSpecification\",\"valueRequired\":true,\"valueName\":\"search_term_string\"}}],\"inLanguage\":\"pl-PL\"},{\"@type\":\"Organization\",\"@id\":\"https:\/\/heritagehubkrakow.org\/pl\/#organization\",\"name\":\"Europa Nostra\",\"url\":\"https:\/\/heritagehubkrakow.org\/pl\/\",\"logo\":{\"@type\":\"ImageObject\",\"inLanguage\":\"pl-PL\",\"@id\":\"https:\/\/heritagehubkrakow.org\/pl\/#\/schema\/logo\/image\/\",\"url\":\"https:\/\/heritagehubkrakow.org\/wp-content\/uploads\/2023\/01\/europa-logo.png\",\"contentUrl\":\"https:\/\/heritagehubkrakow.org\/wp-content\/uploads\/2023\/01\/europa-logo.png\",\"width\":218,\"height\":237,\"caption\":\"Europa Nostra\"},\"image\":{\"@id\":\"https:\/\/heritagehubkrakow.org\/pl\/#\/schema\/logo\/image\/\"}},{\"@type\":\"Person\",\"@id\":\"https:\/\/heritagehubkrakow.org\/pl\/#\/schema\/person\/112a7abbe48503b2f32e56abc46af660\",\"name\":\"Lukasz\",\"image\":{\"@type\":\"ImageObject\",\"inLanguage\":\"pl-PL\",\"@id\":\"https:\/\/heritagehubkrakow.org\/pl\/#\/schema\/person\/image\/\",\"url\":\"https:\/\/secure.gravatar.com\/avatar\/ad98e1210139ce861e9a29f33990fb143471357f24b3f9df1095f3e51e7a4f52?s=96&d=mm&r=g\",\"contentUrl\":\"https:\/\/secure.gravatar.com\/avatar\/ad98e1210139ce861e9a29f33990fb143471357f24b3f9df1095f3e51e7a4f52?s=96&d=mm&r=g\",\"caption\":\"Lukasz\"},\"url\":\"https:\/\/heritagehubkrakow.org\/pl\/author\/lukasz-pierog\/\"}]}<\/script>\n<!-- \/ Yoast SEO plugin. -->","yoast_head_json":{"title":",,Nadsanie\" \u2013 ws\u0142uchujemy si\u0119 w dziedzictwo kulturowe Ukrai\u0144c\u00f3w w Polsce! - Europa Nostra","description":"Ws\u0142uchujemy si\u0119 w dziedzictwo kulturowe Ukrai\u0144c\u00f3w w Polsce! W 13. odcinku podcastu \u201eUkraine Heritage Spotlight\u201d pt. ,,Nadsanie\u201d jeste\u015bmy w Domu Ukrai\u0144skim w Przemy\u015blu, kt\u00f3ry prowadzi Zwi\u0105zek Ukrai\u0144c\u00f3w w Polsce. Rozmawiamy tam z kilkoma ukrai\u0144skimi dzia\u0142aczami o tym, jak niezwyk\u0142e jest to miejsce!","robots":{"index":"index","follow":"follow","max-snippet":"max-snippet:-1","max-image-preview":"max-image-preview:large","max-video-preview":"max-video-preview:-1"},"canonical":"https:\/\/heritagehubkrakow.org\/pl\/nadsanie\/","og_locale":"pl_PL","og_type":"article","og_title":",,Nadsanie\" \u2013 ws\u0142uchujemy si\u0119 w dziedzictwo kulturowe Ukrai\u0144c\u00f3w w Polsce! - Europa Nostra","og_description":"Ws\u0142uchujemy si\u0119 w dziedzictwo kulturowe Ukrai\u0144c\u00f3w w Polsce! W 13. odcinku podcastu \u201eUkraine Heritage Spotlight\u201d pt. ,,Nadsanie\u201d jeste\u015bmy w Domu Ukrai\u0144skim w Przemy\u015blu, kt\u00f3ry prowadzi Zwi\u0105zek Ukrai\u0144c\u00f3w w Polsce. Rozmawiamy tam z kilkoma ukrai\u0144skimi dzia\u0142aczami o tym, jak niezwyk\u0142e jest to miejsce!","og_url":"https:\/\/heritagehubkrakow.org\/pl\/nadsanie\/","og_site_name":"Europa Nostra","article_published_time":"2024-08-20T07:34:17+00:00","article_modified_time":"2024-08-26T05:33:24+00:00","og_image":[{"width":1200,"height":1200,"url":"https:\/\/heritagehubkrakow.org\/wp-content\/uploads\/2024\/08\/TMHiZK_Podcast-Ukraine_heritage-Ukrainians-Nadsanie.jpg","type":"image\/jpeg"}],"author":"Lukasz","twitter_card":"summary_large_image","twitter_misc":{"Napisane przez":"Lukasz","Szacowany czas czytania":"2 minuty"},"schema":{"@context":"https:\/\/schema.org","@graph":[{"@type":"Article","@id":"https:\/\/heritagehubkrakow.org\/pl\/nadsanie\/#article","isPartOf":{"@id":"https:\/\/heritagehubkrakow.org\/pl\/nadsanie\/"},"author":{"name":"Lukasz","@id":"https:\/\/heritagehubkrakow.org\/pl\/#\/schema\/person\/112a7abbe48503b2f32e56abc46af660"},"headline":",,Nadsanie&#8221; \u2013 ws\u0142uchujemy si\u0119 w dziedzictwo kulturowe Ukrai\u0144c\u00f3w w Polsce!","datePublished":"2024-08-20T07:34:17+00:00","dateModified":"2024-08-26T05:33:24+00:00","mainEntityOfPage":{"@id":"https:\/\/heritagehubkrakow.org\/pl\/nadsanie\/"},"wordCount":410,"commentCount":0,"publisher":{"@id":"https:\/\/heritagehubkrakow.org\/pl\/#organization"},"image":{"@id":"https:\/\/heritagehubkrakow.org\/pl\/nadsanie\/#primaryimage"},"thumbnailUrl":"https:\/\/heritagehubkrakow.org\/wp-content\/uploads\/2024\/08\/TMHiZK_Podcast-Ukraine_heritage-Ukrainians-Nadsanie.jpg","inLanguage":"pl-PL","potentialAction":[{"@type":"CommentAction","name":"Comment","target":["https:\/\/heritagehubkrakow.org\/pl\/nadsanie\/#respond"]}]},{"@type":"WebPage","@id":"https:\/\/heritagehubkrakow.org\/pl\/nadsanie\/","url":"https:\/\/heritagehubkrakow.org\/pl\/nadsanie\/","name":",,Nadsanie\" \u2013 ws\u0142uchujemy si\u0119 w dziedzictwo kulturowe Ukrai\u0144c\u00f3w w Polsce! - Europa Nostra","isPartOf":{"@id":"https:\/\/heritagehubkrakow.org\/pl\/#website"},"primaryImageOfPage":{"@id":"https:\/\/heritagehubkrakow.org\/pl\/nadsanie\/#primaryimage"},"image":{"@id":"https:\/\/heritagehubkrakow.org\/pl\/nadsanie\/#primaryimage"},"thumbnailUrl":"https:\/\/heritagehubkrakow.org\/wp-content\/uploads\/2024\/08\/TMHiZK_Podcast-Ukraine_heritage-Ukrainians-Nadsanie.jpg","datePublished":"2024-08-20T07:34:17+00:00","dateModified":"2024-08-26T05:33:24+00:00","description":"Ws\u0142uchujemy si\u0119 w dziedzictwo kulturowe Ukrai\u0144c\u00f3w w Polsce! W 13. odcinku podcastu \u201eUkraine Heritage Spotlight\u201d pt. ,,Nadsanie\u201d jeste\u015bmy w Domu Ukrai\u0144skim w Przemy\u015blu, kt\u00f3ry prowadzi Zwi\u0105zek Ukrai\u0144c\u00f3w w Polsce. Rozmawiamy tam z kilkoma ukrai\u0144skimi dzia\u0142aczami o tym, jak niezwyk\u0142e jest to miejsce!","breadcrumb":{"@id":"https:\/\/heritagehubkrakow.org\/pl\/nadsanie\/#breadcrumb"},"inLanguage":"pl-PL","potentialAction":[{"@type":"ReadAction","target":["https:\/\/heritagehubkrakow.org\/pl\/nadsanie\/"]}]},{"@type":"ImageObject","inLanguage":"pl-PL","@id":"https:\/\/heritagehubkrakow.org\/pl\/nadsanie\/#primaryimage","url":"https:\/\/heritagehubkrakow.org\/wp-content\/uploads\/2024\/08\/TMHiZK_Podcast-Ukraine_heritage-Ukrainians-Nadsanie.jpg","contentUrl":"https:\/\/heritagehubkrakow.org\/wp-content\/uploads\/2024\/08\/TMHiZK_Podcast-Ukraine_heritage-Ukrainians-Nadsanie.jpg","width":1200,"height":1200},{"@type":"BreadcrumbList","@id":"https:\/\/heritagehubkrakow.org\/pl\/nadsanie\/#breadcrumb","itemListElement":[{"@type":"ListItem","position":1,"name":"Homepage","item":"https:\/\/heritagehubkrakow.org\/pl\/"},{"@type":"ListItem","position":2,"name":",,Nadsanie&#8221; \u2013 ws\u0142uchujemy si\u0119 w dziedzictwo kulturowe Ukrai\u0144c\u00f3w w Polsce!"}]},{"@type":"WebSite","@id":"https:\/\/heritagehubkrakow.org\/pl\/#website","url":"https:\/\/heritagehubkrakow.org\/pl\/","name":"Europa Nostra","description":"Heritage Hub for Central and Eastern Europe","publisher":{"@id":"https:\/\/heritagehubkrakow.org\/pl\/#organization"},"potentialAction":[{"@type":"SearchAction","target":{"@type":"EntryPoint","urlTemplate":"https:\/\/heritagehubkrakow.org\/pl\/?s={search_term_string}"},"query-input":{"@type":"PropertyValueSpecification","valueRequired":true,"valueName":"search_term_string"}}],"inLanguage":"pl-PL"},{"@type":"Organization","@id":"https:\/\/heritagehubkrakow.org\/pl\/#organization","name":"Europa Nostra","url":"https:\/\/heritagehubkrakow.org\/pl\/","logo":{"@type":"ImageObject","inLanguage":"pl-PL","@id":"https:\/\/heritagehubkrakow.org\/pl\/#\/schema\/logo\/image\/","url":"https:\/\/heritagehubkrakow.org\/wp-content\/uploads\/2023\/01\/europa-logo.png","contentUrl":"https:\/\/heritagehubkrakow.org\/wp-content\/uploads\/2023\/01\/europa-logo.png","width":218,"height":237,"caption":"Europa Nostra"},"image":{"@id":"https:\/\/heritagehubkrakow.org\/pl\/#\/schema\/logo\/image\/"}},{"@type":"Person","@id":"https:\/\/heritagehubkrakow.org\/pl\/#\/schema\/person\/112a7abbe48503b2f32e56abc46af660","name":"Lukasz","image":{"@type":"ImageObject","inLanguage":"pl-PL","@id":"https:\/\/heritagehubkrakow.org\/pl\/#\/schema\/person\/image\/","url":"https:\/\/secure.gravatar.com\/avatar\/ad98e1210139ce861e9a29f33990fb143471357f24b3f9df1095f3e51e7a4f52?s=96&d=mm&r=g","contentUrl":"https:\/\/secure.gravatar.com\/avatar\/ad98e1210139ce861e9a29f33990fb143471357f24b3f9df1095f3e51e7a4f52?s=96&d=mm&r=g","caption":"Lukasz"},"url":"https:\/\/heritagehubkrakow.org\/pl\/author\/lukasz-pierog\/"}]}},"_links":{"self":[{"href":"https:\/\/heritagehubkrakow.org\/pl\/wp-json\/wp\/v2\/posts\/5656","targetHints":{"allow":["GET"]}}],"collection":[{"href":"https:\/\/heritagehubkrakow.org\/pl\/wp-json\/wp\/v2\/posts"}],"about":[{"href":"https:\/\/heritagehubkrakow.org\/pl\/wp-json\/wp\/v2\/types\/post"}],"author":[{"embeddable":true,"href":"https:\/\/heritagehubkrakow.org\/pl\/wp-json\/wp\/v2\/users\/7"}],"replies":[{"embeddable":true,"href":"https:\/\/heritagehubkrakow.org\/pl\/wp-json\/wp\/v2\/comments?post=5656"}],"version-history":[{"count":19,"href":"https:\/\/heritagehubkrakow.org\/pl\/wp-json\/wp\/v2\/posts\/5656\/revisions"}],"predecessor-version":[{"id":5744,"href":"https:\/\/heritagehubkrakow.org\/pl\/wp-json\/wp\/v2\/posts\/5656\/revisions\/5744"}],"wp:featuredmedia":[{"embeddable":true,"href":"https:\/\/heritagehubkrakow.org\/pl\/wp-json\/wp\/v2\/media\/5643"}],"wp:attachment":[{"href":"https:\/\/heritagehubkrakow.org\/pl\/wp-json\/wp\/v2\/media?parent=5656"}],"wp:term":[{"taxonomy":"category","embeddable":true,"href":"https:\/\/heritagehubkrakow.org\/pl\/wp-json\/wp\/v2\/categories?post=5656"},{"taxonomy":"post_tag","embeddable":true,"href":"https:\/\/heritagehubkrakow.org\/pl\/wp-json\/wp\/v2\/tags?post=5656"}],"curies":[{"name":"wp","href":"https:\/\/api.w.org\/{rel}","templated":true}]}}