{"id":5771,"date":"2024-09-06T16:38:07","date_gmt":"2024-09-06T16:38:07","guid":{"rendered":"https:\/\/heritagehubkrakow.org\/?p=5771"},"modified":"2024-09-16T21:53:05","modified_gmt":"2024-09-16T21:53:05","slug":"ceremonia-wreczenia-nagrody-dziedzictwa-europejskiego-nagrody-europa-nostra-dla-serfenty-w-cieszynie","status":"publish","type":"post","link":"https:\/\/heritagehubkrakow.org\/pl\/ceremonia-wreczenia-nagrody-dziedzictwa-europejskiego-nagrody-europa-nostra-dla-serfenty-w-cieszynie\/","title":{"rendered":"Ceremonia wr\u0119czenia Nagrody Dziedzictwa Europejskiego \/ Nagrody Europa Nostra dla Serfenty w Cieszynie"},"content":{"rendered":"<div class=\"is-style-section-container, has-white-text is-style-section-container wp-block-group alignfull has-red-background-color has-background eplus-wrapper is-layout-constrained wp-block-group-is-layout-constrained eplus-styles-uid-2d17b3\"><div class=\"is-style-section-container wp-block-group alignfull eplus-wrapper is-layout-constrained wp-block-group-is-layout-constrained eplus-styles-uid-38b380\"><div class=\"has-white-text wp-block-group alignfull has-white-color has-text-color eplus-wrapper is-layout-constrained wp-block-group-is-layout-constrained eplus-styles-uid-0ed7c1\"><h1 class=\" wp-block-heading has-text-align-center eplus-wrapper eplus-styles-uid-49faf1\"><strong><strong><strong><strong><strong><strong><strong><strong><strong><strong><strong><strong><strong><strong>CEREMONIA WR\u0118CZENIA NAGRODY DZIEDZICTWA EUROPEJSKIEGO \/ NAGRODY EUROPA NOSTRA DLA SERFENTY W CIESZYNIE<\/strong><\/strong><\/strong><\/strong><\/strong><\/strong><\/strong><\/strong><\/strong><\/strong><\/strong><\/strong><\/strong><\/strong><\/h1>\n\n<div class=\"yoast-breadcrumbs\"><span><span><a href=\"https:\/\/heritagehubkrakow.org\/pl\/\">Homepage<\/a><\/span> &#8211; <span class=\"breadcrumb_last\" aria-current=\"page\">Ceremonia wr\u0119czenia Nagrody Dziedzictwa Europejskiego \/ Nagrody Europa Nostra dla Serfenty w Cieszynie<\/span><\/span><\/div><\/div><\/div><\/div>\n\n<div class=\"is-style-section-container wp-block-group alignfull has-green-dark-background-color has-background eplus-wrapper is-layout-constrained wp-block-group-is-layout-constrained eplus-styles-uid-4c6cdd\"><div class=\"wp-block-group alignfull has-green-dark-background-color has-background eplus-wrapper is-layout-constrained wp-block-group-is-layout-constrained eplus-styles-uid-24f6f4\">\n<div class=\"wp-block-group eplus-wrapper is-layout-constrained wp-block-group-is-layout-constrained\"><div class=\"wp-block-group eplus-wrapper is-content-justification-center is-layout-flex wp-container-core-group-is-layout-8ee2ad45 wp-block-group-is-layout-flex eplus-styles-uid-117bd0\"><div class=\"article-date wp-block-post-date\"><time datetime=\"2024-09-06T16:38:07+00:00\">06 wrze\u015bnia 2024<\/time><\/div><\/div>\n\n<div class=\"wp-block-group eplus-wrapper is-layout-constrained wp-block-group-is-layout-constrained eplus-styles-uid-ba2e4b\"><div class=\"taxonomy-post_tag has-text-align-center article-tags wp-block-post-terms eplus-styles-uid-d35575\"><a href=\"https:\/\/heritagehubkrakow.org\/pl\/tag\/nagroda\/\" rel=\"tag\">Nagroda<\/a><span class=\"wp-block-post-terms__separator\"> <\/span><a href=\"https:\/\/heritagehubkrakow.org\/pl\/tag\/nagrody-dziedzictwa-europejskiego\/\" rel=\"tag\">Nagrody Dziedzictwa Europejskiego<\/a><span class=\"wp-block-post-terms__separator\"> <\/span><a href=\"https:\/\/heritagehubkrakow.org\/pl\/tag\/nagrody-europa-nostra\/\" rel=\"tag\">Nagrody Europa Nostra<\/a><span class=\"wp-block-post-terms__separator\"> <\/span><a href=\"https:\/\/heritagehubkrakow.org\/pl\/tag\/projekt\/\" rel=\"tag\">Projekt<\/a><span class=\"wp-block-post-terms__suffix\"> <\/span><\/div><\/div><\/div>\n\n\n\n<p class=\" eplus-wrapper\"><strong>6 wrze\u015bnia w Cieszynie odby\u0142a si\u0119 uroczysto\u015b\u0107 uhonorowania <a href=\"https:\/\/serfenta.pl\/\">Stowarzyszenia Serfenta<\/a> presti\u017cow\u0105 Nagrod\u0105 Dziedzictwa Europejskiego \/ Nagrod\u0105 Europa Nostra za stworzenie innowacyjnego Modelu Rewitalizacji Dziedzictwa. Medal, b\u0119d\u0105cy cz\u0119\u015bci\u0105 wyr\u00f3\u017cnienia, zosta\u0142 wmurowany w \u015bcian\u0119 siedziby Serfenty, kt\u00f3ra mie\u015bci si\u0119 w zabytkowej kamienicy przy ul. Srebrnej 1, na cieszy\u0144skiej star\u00f3wce. W jego uroczystym ods\u0142oni\u0119ciu uczestniczy\u0142 profesor Jacek Purchla, wiceprezydent Europa Nostra, a tak\u017ce przedstawiciele lokalnych w\u0142adz.<\/strong><\/p>\n\n\n\n<p class=\" eplus-wrapper\"><\/p>\n\n\n\n<p class=\" eplus-wrapper\">\u201eTa inicjatywa koncentruje si\u0119 na budowaniu \u015bwiadomo\u015bci i zrozumienia warto\u015bci dziedzictwa niematerialnego w \u015bwiecie zdominowanym przez masow\u0105 produkcj\u0119 d\u00f3br wytwarzanych daleko poza granicami kraju i z niskiej jako\u015bci materia\u0142\u00f3w. Opieraj\u0105c si\u0119 na solidnych badaniach, oferuje strategi\u0119, kt\u00f3r\u0105 mo\u017cna powieli\u0107 dla innych rzemios\u0142 w r\u00f3\u017cnych kontekstach na skal\u0119 europejsk\u0105\u201d \u2013 przypomnia\u0142 s\u0142owa Jury w swoim wyst\u0105pieniu prof. Jacek Purchla.<\/p>\n\n\n\n<p class=\" eplus-wrapper\"><\/p>\n\n\n\n<figure class=\"wp-block-gallery has-nested-images columns-default is-cropped eplus-wrapper wp-block-gallery-1\">\n<figure class=\" wp-block-image size-large eplus-wrapper\"><img loading=\"lazy\" decoding=\"async\" width=\"1024\" height=\"768\" data-id=\"5777\" src=\"https:\/\/heritagehubkrakow.org\/wp-content\/uploads\/2024\/09\/458535254_499632823023996_4464772564608583500_n-1024x768.jpg\" alt=\"\" class=\"wp-image-5777\" srcset=\"https:\/\/heritagehubkrakow.org\/wp-content\/uploads\/2024\/09\/458535254_499632823023996_4464772564608583500_n-1024x768.jpg 1024w, https:\/\/heritagehubkrakow.org\/wp-content\/uploads\/2024\/09\/458535254_499632823023996_4464772564608583500_n-300x225.jpg 300w, https:\/\/heritagehubkrakow.org\/wp-content\/uploads\/2024\/09\/458535254_499632823023996_4464772564608583500_n-768x576.jpg 768w, https:\/\/heritagehubkrakow.org\/wp-content\/uploads\/2024\/09\/458535254_499632823023996_4464772564608583500_n-1536x1152.jpg 1536w, https:\/\/heritagehubkrakow.org\/wp-content\/uploads\/2024\/09\/458535254_499632823023996_4464772564608583500_n.jpg 1600w\" sizes=\"auto, (max-width: 1024px) 100vw, 1024px\" \/><\/figure>\n\n\n\n<figure class=\" wp-block-image size-large eplus-wrapper\"><img loading=\"lazy\" decoding=\"async\" width=\"1024\" height=\"768\" data-id=\"5775\" src=\"https:\/\/heritagehubkrakow.org\/wp-content\/uploads\/2024\/09\/458485225_499632533024025_3987679075712147404_n-1-1024x768.jpg\" alt=\"\" class=\"wp-image-5775\" srcset=\"https:\/\/heritagehubkrakow.org\/wp-content\/uploads\/2024\/09\/458485225_499632533024025_3987679075712147404_n-1-1024x768.jpg 1024w, https:\/\/heritagehubkrakow.org\/wp-content\/uploads\/2024\/09\/458485225_499632533024025_3987679075712147404_n-1-300x225.jpg 300w, https:\/\/heritagehubkrakow.org\/wp-content\/uploads\/2024\/09\/458485225_499632533024025_3987679075712147404_n-1-768x576.jpg 768w, https:\/\/heritagehubkrakow.org\/wp-content\/uploads\/2024\/09\/458485225_499632533024025_3987679075712147404_n-1-1536x1152.jpg 1536w, https:\/\/heritagehubkrakow.org\/wp-content\/uploads\/2024\/09\/458485225_499632533024025_3987679075712147404_n-1.jpg 2048w\" sizes=\"auto, (max-width: 1024px) 100vw, 1024px\" \/><\/figure>\n\n\n\n<figure class=\" wp-block-image size-large eplus-wrapper\"><img loading=\"lazy\" decoding=\"async\" width=\"768\" height=\"1024\" data-id=\"5773\" src=\"https:\/\/heritagehubkrakow.org\/wp-content\/uploads\/2024\/09\/458697439_499633049690640_452606823515809000_n-768x1024.jpg\" alt=\"\" class=\"wp-image-5773\" srcset=\"https:\/\/heritagehubkrakow.org\/wp-content\/uploads\/2024\/09\/458697439_499633049690640_452606823515809000_n-768x1024.jpg 768w, https:\/\/heritagehubkrakow.org\/wp-content\/uploads\/2024\/09\/458697439_499633049690640_452606823515809000_n-225x300.jpg 225w, https:\/\/heritagehubkrakow.org\/wp-content\/uploads\/2024\/09\/458697439_499633049690640_452606823515809000_n-1152x1536.jpg 1152w, https:\/\/heritagehubkrakow.org\/wp-content\/uploads\/2024\/09\/458697439_499633049690640_452606823515809000_n.jpg 1200w\" sizes=\"auto, (max-width: 768px) 100vw, 768px\" \/><\/figure>\n<\/figure>\n\n\n\n<p class=\" eplus-wrapper\">Wydarzenie poprzedzi\u0142a gala w Urz\u0119dzie Miasta Cieszyna, w kt\u00f3rej uczestniczy\u0142y lokalne w\u0142adze: burmistrzyni Cieszyna Gabriela Staszkiewicz, pe\u0142nomocniczka Marsza\u0142ka Wojew\u00f3dztwa \u015al\u0105skiego ds. subregionu po\u0142udniowego Aneta Legierska, Joanna Bojczuk, cz\u0142onkini Zarz\u0105du Wojew\u00f3dztwa \u015al\u0105skiego, a tak\u017ce zesp\u00f3\u0142 Miros\u0142awy Nykiel, pos\u0142anki do Parlamentu Europejskiego.<\/p>\n\n\n\n<p class=\" eplus-wrapper\"><\/p>\n\n\n\n<figure class=\"wp-block-gallery has-nested-images columns-default is-cropped eplus-wrapper wp-block-gallery-2\">\n<figure class=\" wp-block-image size-large eplus-wrapper\"><img loading=\"lazy\" decoding=\"async\" width=\"768\" height=\"1024\" data-id=\"5783\" src=\"https:\/\/heritagehubkrakow.org\/wp-content\/uploads\/2024\/09\/458449874_499633133023965_3832124012231121136_n-768x1024.jpg\" alt=\"\" class=\"wp-image-5783\" srcset=\"https:\/\/heritagehubkrakow.org\/wp-content\/uploads\/2024\/09\/458449874_499633133023965_3832124012231121136_n-768x1024.jpg 768w, https:\/\/heritagehubkrakow.org\/wp-content\/uploads\/2024\/09\/458449874_499633133023965_3832124012231121136_n-225x300.jpg 225w, https:\/\/heritagehubkrakow.org\/wp-content\/uploads\/2024\/09\/458449874_499633133023965_3832124012231121136_n-1152x1536.jpg 1152w, https:\/\/heritagehubkrakow.org\/wp-content\/uploads\/2024\/09\/458449874_499633133023965_3832124012231121136_n.jpg 1536w\" sizes=\"auto, (max-width: 768px) 100vw, 768px\" \/><\/figure>\n\n\n\n<figure class=\" wp-block-image size-large eplus-wrapper\"><img loading=\"lazy\" decoding=\"async\" width=\"768\" height=\"1024\" data-id=\"5780\" src=\"https:\/\/heritagehubkrakow.org\/wp-content\/uploads\/2024\/09\/458676488_499633206357291_900636796314889285_n-768x1024.jpg\" alt=\"\" class=\"wp-image-5780\" srcset=\"https:\/\/heritagehubkrakow.org\/wp-content\/uploads\/2024\/09\/458676488_499633206357291_900636796314889285_n-768x1024.jpg 768w, https:\/\/heritagehubkrakow.org\/wp-content\/uploads\/2024\/09\/458676488_499633206357291_900636796314889285_n-225x300.jpg 225w, https:\/\/heritagehubkrakow.org\/wp-content\/uploads\/2024\/09\/458676488_499633206357291_900636796314889285_n-1152x1536.jpg 1152w, https:\/\/heritagehubkrakow.org\/wp-content\/uploads\/2024\/09\/458676488_499633206357291_900636796314889285_n.jpg 1536w\" sizes=\"auto, (max-width: 768px) 100vw, 768px\" \/><\/figure>\n\n\n\n<figure class=\" wp-block-image size-large eplus-wrapper\"><img loading=\"lazy\" decoding=\"async\" width=\"1024\" height=\"768\" data-id=\"5779\" src=\"https:\/\/heritagehubkrakow.org\/wp-content\/uploads\/2024\/09\/458492184_499633353023943_4274455988297027498_n-1024x768.jpg\" alt=\"\" class=\"wp-image-5779\" srcset=\"https:\/\/heritagehubkrakow.org\/wp-content\/uploads\/2024\/09\/458492184_499633353023943_4274455988297027498_n-1024x768.jpg 1024w, https:\/\/heritagehubkrakow.org\/wp-content\/uploads\/2024\/09\/458492184_499633353023943_4274455988297027498_n-300x225.jpg 300w, https:\/\/heritagehubkrakow.org\/wp-content\/uploads\/2024\/09\/458492184_499633353023943_4274455988297027498_n-768x576.jpg 768w, https:\/\/heritagehubkrakow.org\/wp-content\/uploads\/2024\/09\/458492184_499633353023943_4274455988297027498_n-1536x1152.jpg 1536w, https:\/\/heritagehubkrakow.org\/wp-content\/uploads\/2024\/09\/458492184_499633353023943_4274455988297027498_n.jpg 2048w\" sizes=\"auto, (max-width: 1024px) 100vw, 1024px\" \/><\/figure>\n<\/figure>\n\n\n\n<p class=\" eplus-wrapper\">Przyznana Serfencie nagroda nie tylko podkre\u015bla wyj\u0105tkowe dzia\u0142ania prezesek stowarzyszenia Pauliny Adamskiej i \u0141ucji Cie\u015blar na rzecz dziedzictwa niematerialnego, ale tak\u017ce wzmacnia pozycj\u0119 Cieszyna i ca\u0142ego \u015al\u0105ska Cieszy\u0144skiego na europejskiej mapie dziedzictwa kulturowego. Nagroda, okre\u015blana mianem \u201eEuropejskiego Oskara\u201d w dziedzinie dziedzictwa kultury i jednocze\u015bnie g\u0142os spo\u0142ecze\u0144stwa obywatelskiego, stanowi ogromny sukces. Dowodzi, \u017ce dzia\u0142alno\u015b\u0107 Serfenty, kt\u00f3ra od 16 lat skutecznie promuje rzemios\u0142o plecionkarskie, \u0142\u0105cz\u0105c tradycj\u0119 z nowoczesnym podej\u015bciem biznesowym, ma znaczenie nie tylko w Polsce, ale r\u00f3wnie\u017c na arenie mi\u0119dzynarodowej.<\/p>\n\n\n\n<p class=\" eplus-wrapper\">Przypomnijmy, \u017ce w tym roku a\u017c tr\u00f3jka laureat\u00f3w Nagr\u00f3d Dziedzictwa Europejskiego \/ Europa Nostra pochodzi z Polski: Zabytkowa Kopalnia Ignacy w Rybniku (kategoria Konserwacja i Adaptacja), Model Rewitalizacji Rzemios\u0142a Serfenty w Cieszynie (kategoria Edukacja, Szkolenia i Umiej\u0119tno\u015bci) oraz dr Piotr Gerber z Wroc\u0142awia (kategoria Mistrzowie Dziedzictwa). Wi\u0119cej o nagrodzonych mo\u017cna znale\u017a\u0107 <a href=\"https:\/\/heritagehubkrakow.org\/pl\/trzy-nagrody-dziedzictwa-europejskiego-nagrody-europa-nostra-w-2024-dla-polski\/\">TUTAJ.<\/a> Zach\u0119camy r\u00f3wnie\u017c do oddania g\u0142osu na laureat\u00f3w w <a href=\"https:\/\/vote.europanostra.org\/\">g\u0142osowaniu na Nagrod\u0119 Publiczno\u015bci. G\u0142osowanie trwa do 22 wrze\u015bnia!<\/a><\/p>\n\n\n\n<p class=\" eplus-wrapper\"><\/p>\n\n\n\n<p class=\" eplus-wrapper\"><\/p>\n\n\n\n<p class=\" eplus-wrapper\"><\/p>\n\n\n<ul class=\" wp-block-list eplus-wrapper eplus-styles-uid-32aded\">\n<li class=\" eplus-wrapper\">\n<\/li><\/ul>\n\n\n<p class=\" eplus-wrapper\"><\/p>\n\n\n\n<div class=\"wp-block-buttons eplus-wrapper is-layout-flex wp-block-buttons-is-layout-flex\"><\/div>\n\n\n\n<div class=\"wp-block-group eplus-wrapper is-layout-constrained wp-block-group-is-layout-constrained\"><\/div>\n<\/div><\/div>\n\n<div class=\"is-style-section-container wp-block-group alignfull has-blue-light-background-color has-background eplus-wrapper is-layout-constrained wp-block-group-is-layout-constrained eplus-styles-uid-4c6cdd\"><\/div>\n\n<div class=\"is-style-section-container wp-block-group alignfull has-orange-background-color has-background eplus-wrapper is-layout-constrained wp-block-group-is-layout-constrained eplus-styles-uid-4c6cdd\">\n<div class=\"wp-block-group alignfull eplus-wrapper is-layout-constrained wp-block-group-is-layout-constrained\"><\/div>\n<\/div>","protected":false},"excerpt":{"rendered":"<p>6 wrze\u015bnia w Cieszynie prof. Jacek Purchla, wiceprezydent Europa Nostra, uczestniczy\u0142 w uroczysto\u015bci uhonorowania Stowarzyszenia Serfenta presti\u017cow\u0105 Nagrod\u0105 Dziedzictwa Europejskiego \/ Nagrod\u0105 Europa Nostra. Cz\u0119\u015bci\u0105 wydarzenia by\u0142o tak\u017ce ods\u0142oni\u0119cie Medalu, kt\u00f3ry zosta\u0142 wmurowany w \u015bcian\u0119 siedziby Serfenty mieszcz\u0105cej si\u0119 na cieszy\u0144skiej star\u00f3wce.<\/p>\n","protected":false},"author":7,"featured_media":5858,"comment_status":"open","ping_status":"open","sticky":true,"template":"","format":"standard","meta":{"_acf_changed":false,"editor_plus_copied_stylings":"{}","footnotes":""},"categories":[16],"tags":[38,147,148,44],"class_list":["post-5771","post","type-post","status-publish","format-standard","has-post-thumbnail","hentry","category-bez-kategorii","tag-nagroda","tag-nagrody-dziedzictwa-europejskiego","tag-nagrody-europa-nostra","tag-projekt"],"acf":[],"yoast_head":"<!-- This site is optimized with the Yoast SEO plugin v23.8 - https:\/\/yoast.com\/wordpress\/plugins\/seo\/ -->\n<title>Ceremonia wr\u0119czenia Nagrody Dziedzictwa Europejskiego \/ Nagrody Europa Nostra dla Serfenty w Cieszynie - Europa Nostra<\/title>\n<meta name=\"description\" content=\"6 wrze\u015bnia w Cieszynie prof. Jacek Purchla, wiceprezydent Europa Nostra, uczestniczy\u0142 w uroczysto\u015bci uhonorowania Stowarzyszenia Serfenta presti\u017cow\u0105 Nagrod\u0105 Dziedzictwa Europejskiego \/ Nagrod\u0105 Europa Nostra. Cz\u0119\u015bci\u0105 wydarzenia by\u0142o tak\u017ce ods\u0142oni\u0119cie Medalu, kt\u00f3ry zosta\u0142 wmurowany w \u015bcian\u0119 siedziby Serfenty mieszcz\u0105cej si\u0119 na cieszy\u0144skiej star\u00f3wce.\" \/>\n<meta name=\"robots\" content=\"index, follow, max-snippet:-1, max-image-preview:large, max-video-preview:-1\" \/>\n<link rel=\"canonical\" href=\"https:\/\/heritagehubkrakow.org\/pl\/ceremonia-wreczenia-nagrody-dziedzictwa-europejskiego-nagrody-europa-nostra-dla-serfenty-w-cieszynie\/\" \/>\n<meta property=\"og:locale\" content=\"pl_PL\" \/>\n<meta property=\"og:type\" content=\"article\" \/>\n<meta property=\"og:title\" content=\"Ceremonia wr\u0119czenia Nagrody Dziedzictwa Europejskiego \/ Nagrody Europa Nostra dla Serfenty w Cieszynie - Europa Nostra\" \/>\n<meta property=\"og:description\" content=\"6 wrze\u015bnia w Cieszynie prof. Jacek Purchla, wiceprezydent Europa Nostra, uczestniczy\u0142 w uroczysto\u015bci uhonorowania Stowarzyszenia Serfenta presti\u017cow\u0105 Nagrod\u0105 Dziedzictwa Europejskiego \/ Nagrod\u0105 Europa Nostra. Cz\u0119\u015bci\u0105 wydarzenia by\u0142o tak\u017ce ods\u0142oni\u0119cie Medalu, kt\u00f3ry zosta\u0142 wmurowany w \u015bcian\u0119 siedziby Serfenty mieszcz\u0105cej si\u0119 na cieszy\u0144skiej star\u00f3wce.\" \/>\n<meta property=\"og:url\" content=\"https:\/\/heritagehubkrakow.org\/pl\/ceremonia-wreczenia-nagrody-dziedzictwa-europejskiego-nagrody-europa-nostra-dla-serfenty-w-cieszynie\/\" \/>\n<meta property=\"og:site_name\" content=\"Europa Nostra\" \/>\n<meta property=\"article:published_time\" content=\"2024-09-06T16:38:07+00:00\" \/>\n<meta property=\"article:modified_time\" content=\"2024-09-16T21:53:05+00:00\" \/>\n<meta property=\"og:image\" content=\"https:\/\/heritagehubkrakow.org\/wp-content\/uploads\/2024\/09\/459160583_937268745111407_1764181914125769380_n-1.jpg\" \/>\n\t<meta property=\"og:image:width\" content=\"2048\" \/>\n\t<meta property=\"og:image:height\" content=\"1365\" \/>\n\t<meta property=\"og:image:type\" content=\"image\/jpeg\" \/>\n<meta name=\"author\" content=\"Lukasz\" \/>\n<meta name=\"twitter:card\" content=\"summary_large_image\" \/>\n<meta name=\"twitter:label1\" content=\"Napisane przez\" \/>\n\t<meta name=\"twitter:data1\" content=\"Lukasz\" \/>\n\t<meta name=\"twitter:label2\" content=\"Szacowany czas czytania\" \/>\n\t<meta name=\"twitter:data2\" content=\"3 minuty\" \/>\n<script type=\"application\/ld+json\" class=\"yoast-schema-graph\">{\"@context\":\"https:\/\/schema.org\",\"@graph\":[{\"@type\":\"Article\",\"@id\":\"https:\/\/heritagehubkrakow.org\/pl\/ceremonia-wreczenia-nagrody-dziedzictwa-europejskiego-nagrody-europa-nostra-dla-serfenty-w-cieszynie\/#article\",\"isPartOf\":{\"@id\":\"https:\/\/heritagehubkrakow.org\/pl\/ceremonia-wreczenia-nagrody-dziedzictwa-europejskiego-nagrody-europa-nostra-dla-serfenty-w-cieszynie\/\"},\"author\":{\"name\":\"Lukasz\",\"@id\":\"https:\/\/heritagehubkrakow.org\/pl\/#\/schema\/person\/112a7abbe48503b2f32e56abc46af660\"},\"headline\":\"Ceremonia wr\u0119czenia Nagrody Dziedzictwa Europejskiego \/ Nagrody Europa Nostra dla Serfenty w Cieszynie\",\"datePublished\":\"2024-09-06T16:38:07+00:00\",\"dateModified\":\"2024-09-16T21:53:05+00:00\",\"mainEntityOfPage\":{\"@id\":\"https:\/\/heritagehubkrakow.org\/pl\/ceremonia-wreczenia-nagrody-dziedzictwa-europejskiego-nagrody-europa-nostra-dla-serfenty-w-cieszynie\/\"},\"wordCount\":408,\"commentCount\":0,\"publisher\":{\"@id\":\"https:\/\/heritagehubkrakow.org\/pl\/#organization\"},\"image\":{\"@id\":\"https:\/\/heritagehubkrakow.org\/pl\/ceremonia-wreczenia-nagrody-dziedzictwa-europejskiego-nagrody-europa-nostra-dla-serfenty-w-cieszynie\/#primaryimage\"},\"thumbnailUrl\":\"https:\/\/heritagehubkrakow.org\/wp-content\/uploads\/2024\/09\/459160583_937268745111407_1764181914125769380_n-1.jpg\",\"keywords\":[\"Nagroda\",\"Nagrody Dziedzictwa Europejskiego\",\"Nagrody Europa Nostra\",\"Projekt\"],\"inLanguage\":\"pl-PL\",\"potentialAction\":[{\"@type\":\"CommentAction\",\"name\":\"Comment\",\"target\":[\"https:\/\/heritagehubkrakow.org\/pl\/ceremonia-wreczenia-nagrody-dziedzictwa-europejskiego-nagrody-europa-nostra-dla-serfenty-w-cieszynie\/#respond\"]}]},{\"@type\":\"WebPage\",\"@id\":\"https:\/\/heritagehubkrakow.org\/pl\/ceremonia-wreczenia-nagrody-dziedzictwa-europejskiego-nagrody-europa-nostra-dla-serfenty-w-cieszynie\/\",\"url\":\"https:\/\/heritagehubkrakow.org\/pl\/ceremonia-wreczenia-nagrody-dziedzictwa-europejskiego-nagrody-europa-nostra-dla-serfenty-w-cieszynie\/\",\"name\":\"Ceremonia wr\u0119czenia Nagrody Dziedzictwa Europejskiego \/ Nagrody Europa Nostra dla Serfenty w Cieszynie - Europa Nostra\",\"isPartOf\":{\"@id\":\"https:\/\/heritagehubkrakow.org\/pl\/#website\"},\"primaryImageOfPage\":{\"@id\":\"https:\/\/heritagehubkrakow.org\/pl\/ceremonia-wreczenia-nagrody-dziedzictwa-europejskiego-nagrody-europa-nostra-dla-serfenty-w-cieszynie\/#primaryimage\"},\"image\":{\"@id\":\"https:\/\/heritagehubkrakow.org\/pl\/ceremonia-wreczenia-nagrody-dziedzictwa-europejskiego-nagrody-europa-nostra-dla-serfenty-w-cieszynie\/#primaryimage\"},\"thumbnailUrl\":\"https:\/\/heritagehubkrakow.org\/wp-content\/uploads\/2024\/09\/459160583_937268745111407_1764181914125769380_n-1.jpg\",\"datePublished\":\"2024-09-06T16:38:07+00:00\",\"dateModified\":\"2024-09-16T21:53:05+00:00\",\"description\":\"6 wrze\u015bnia w Cieszynie prof. Jacek Purchla, wiceprezydent Europa Nostra, uczestniczy\u0142 w uroczysto\u015bci uhonorowania Stowarzyszenia Serfenta presti\u017cow\u0105 Nagrod\u0105 Dziedzictwa Europejskiego \/ Nagrod\u0105 Europa Nostra. Cz\u0119\u015bci\u0105 wydarzenia by\u0142o tak\u017ce ods\u0142oni\u0119cie Medalu, kt\u00f3ry zosta\u0142 wmurowany w \u015bcian\u0119 siedziby Serfenty mieszcz\u0105cej si\u0119 na cieszy\u0144skiej star\u00f3wce.\",\"breadcrumb\":{\"@id\":\"https:\/\/heritagehubkrakow.org\/pl\/ceremonia-wreczenia-nagrody-dziedzictwa-europejskiego-nagrody-europa-nostra-dla-serfenty-w-cieszynie\/#breadcrumb\"},\"inLanguage\":\"pl-PL\",\"potentialAction\":[{\"@type\":\"ReadAction\",\"target\":[\"https:\/\/heritagehubkrakow.org\/pl\/ceremonia-wreczenia-nagrody-dziedzictwa-europejskiego-nagrody-europa-nostra-dla-serfenty-w-cieszynie\/\"]}]},{\"@type\":\"ImageObject\",\"inLanguage\":\"pl-PL\",\"@id\":\"https:\/\/heritagehubkrakow.org\/pl\/ceremonia-wreczenia-nagrody-dziedzictwa-europejskiego-nagrody-europa-nostra-dla-serfenty-w-cieszynie\/#primaryimage\",\"url\":\"https:\/\/heritagehubkrakow.org\/wp-content\/uploads\/2024\/09\/459160583_937268745111407_1764181914125769380_n-1.jpg\",\"contentUrl\":\"https:\/\/heritagehubkrakow.org\/wp-content\/uploads\/2024\/09\/459160583_937268745111407_1764181914125769380_n-1.jpg\",\"width\":2048,\"height\":1365},{\"@type\":\"BreadcrumbList\",\"@id\":\"https:\/\/heritagehubkrakow.org\/pl\/ceremonia-wreczenia-nagrody-dziedzictwa-europejskiego-nagrody-europa-nostra-dla-serfenty-w-cieszynie\/#breadcrumb\",\"itemListElement\":[{\"@type\":\"ListItem\",\"position\":1,\"name\":\"Homepage\",\"item\":\"https:\/\/heritagehubkrakow.org\/pl\/\"},{\"@type\":\"ListItem\",\"position\":2,\"name\":\"Ceremonia wr\u0119czenia Nagrody Dziedzictwa Europejskiego \/ Nagrody Europa Nostra dla Serfenty w Cieszynie\"}]},{\"@type\":\"WebSite\",\"@id\":\"https:\/\/heritagehubkrakow.org\/pl\/#website\",\"url\":\"https:\/\/heritagehubkrakow.org\/pl\/\",\"name\":\"Europa Nostra\",\"description\":\"Heritage Hub for Central and Eastern Europe\",\"publisher\":{\"@id\":\"https:\/\/heritagehubkrakow.org\/pl\/#organization\"},\"potentialAction\":[{\"@type\":\"SearchAction\",\"target\":{\"@type\":\"EntryPoint\",\"urlTemplate\":\"https:\/\/heritagehubkrakow.org\/pl\/?s={search_term_string}\"},\"query-input\":{\"@type\":\"PropertyValueSpecification\",\"valueRequired\":true,\"valueName\":\"search_term_string\"}}],\"inLanguage\":\"pl-PL\"},{\"@type\":\"Organization\",\"@id\":\"https:\/\/heritagehubkrakow.org\/pl\/#organization\",\"name\":\"Europa Nostra\",\"url\":\"https:\/\/heritagehubkrakow.org\/pl\/\",\"logo\":{\"@type\":\"ImageObject\",\"inLanguage\":\"pl-PL\",\"@id\":\"https:\/\/heritagehubkrakow.org\/pl\/#\/schema\/logo\/image\/\",\"url\":\"https:\/\/heritagehubkrakow.org\/wp-content\/uploads\/2023\/01\/europa-logo.png\",\"contentUrl\":\"https:\/\/heritagehubkrakow.org\/wp-content\/uploads\/2023\/01\/europa-logo.png\",\"width\":218,\"height\":237,\"caption\":\"Europa Nostra\"},\"image\":{\"@id\":\"https:\/\/heritagehubkrakow.org\/pl\/#\/schema\/logo\/image\/\"}},{\"@type\":\"Person\",\"@id\":\"https:\/\/heritagehubkrakow.org\/pl\/#\/schema\/person\/112a7abbe48503b2f32e56abc46af660\",\"name\":\"Lukasz\",\"image\":{\"@type\":\"ImageObject\",\"inLanguage\":\"pl-PL\",\"@id\":\"https:\/\/heritagehubkrakow.org\/pl\/#\/schema\/person\/image\/\",\"url\":\"https:\/\/secure.gravatar.com\/avatar\/ad98e1210139ce861e9a29f33990fb143471357f24b3f9df1095f3e51e7a4f52?s=96&d=mm&r=g\",\"contentUrl\":\"https:\/\/secure.gravatar.com\/avatar\/ad98e1210139ce861e9a29f33990fb143471357f24b3f9df1095f3e51e7a4f52?s=96&d=mm&r=g\",\"caption\":\"Lukasz\"},\"url\":\"https:\/\/heritagehubkrakow.org\/pl\/author\/lukasz-pierog\/\"}]}<\/script>\n<!-- \/ Yoast SEO plugin. -->","yoast_head_json":{"title":"Ceremonia wr\u0119czenia Nagrody Dziedzictwa Europejskiego \/ Nagrody Europa Nostra dla Serfenty w Cieszynie - Europa Nostra","description":"6 wrze\u015bnia w Cieszynie prof. Jacek Purchla, wiceprezydent Europa Nostra, uczestniczy\u0142 w uroczysto\u015bci uhonorowania Stowarzyszenia Serfenta presti\u017cow\u0105 Nagrod\u0105 Dziedzictwa Europejskiego \/ Nagrod\u0105 Europa Nostra. Cz\u0119\u015bci\u0105 wydarzenia by\u0142o tak\u017ce ods\u0142oni\u0119cie Medalu, kt\u00f3ry zosta\u0142 wmurowany w \u015bcian\u0119 siedziby Serfenty mieszcz\u0105cej si\u0119 na cieszy\u0144skiej star\u00f3wce.","robots":{"index":"index","follow":"follow","max-snippet":"max-snippet:-1","max-image-preview":"max-image-preview:large","max-video-preview":"max-video-preview:-1"},"canonical":"https:\/\/heritagehubkrakow.org\/pl\/ceremonia-wreczenia-nagrody-dziedzictwa-europejskiego-nagrody-europa-nostra-dla-serfenty-w-cieszynie\/","og_locale":"pl_PL","og_type":"article","og_title":"Ceremonia wr\u0119czenia Nagrody Dziedzictwa Europejskiego \/ Nagrody Europa Nostra dla Serfenty w Cieszynie - Europa Nostra","og_description":"6 wrze\u015bnia w Cieszynie prof. Jacek Purchla, wiceprezydent Europa Nostra, uczestniczy\u0142 w uroczysto\u015bci uhonorowania Stowarzyszenia Serfenta presti\u017cow\u0105 Nagrod\u0105 Dziedzictwa Europejskiego \/ Nagrod\u0105 Europa Nostra. Cz\u0119\u015bci\u0105 wydarzenia by\u0142o tak\u017ce ods\u0142oni\u0119cie Medalu, kt\u00f3ry zosta\u0142 wmurowany w \u015bcian\u0119 siedziby Serfenty mieszcz\u0105cej si\u0119 na cieszy\u0144skiej star\u00f3wce.","og_url":"https:\/\/heritagehubkrakow.org\/pl\/ceremonia-wreczenia-nagrody-dziedzictwa-europejskiego-nagrody-europa-nostra-dla-serfenty-w-cieszynie\/","og_site_name":"Europa Nostra","article_published_time":"2024-09-06T16:38:07+00:00","article_modified_time":"2024-09-16T21:53:05+00:00","og_image":[{"width":2048,"height":1365,"url":"https:\/\/heritagehubkrakow.org\/wp-content\/uploads\/2024\/09\/459160583_937268745111407_1764181914125769380_n-1.jpg","type":"image\/jpeg"}],"author":"Lukasz","twitter_card":"summary_large_image","twitter_misc":{"Napisane przez":"Lukasz","Szacowany czas czytania":"3 minuty"},"schema":{"@context":"https:\/\/schema.org","@graph":[{"@type":"Article","@id":"https:\/\/heritagehubkrakow.org\/pl\/ceremonia-wreczenia-nagrody-dziedzictwa-europejskiego-nagrody-europa-nostra-dla-serfenty-w-cieszynie\/#article","isPartOf":{"@id":"https:\/\/heritagehubkrakow.org\/pl\/ceremonia-wreczenia-nagrody-dziedzictwa-europejskiego-nagrody-europa-nostra-dla-serfenty-w-cieszynie\/"},"author":{"name":"Lukasz","@id":"https:\/\/heritagehubkrakow.org\/pl\/#\/schema\/person\/112a7abbe48503b2f32e56abc46af660"},"headline":"Ceremonia wr\u0119czenia Nagrody Dziedzictwa Europejskiego \/ Nagrody Europa Nostra dla Serfenty w Cieszynie","datePublished":"2024-09-06T16:38:07+00:00","dateModified":"2024-09-16T21:53:05+00:00","mainEntityOfPage":{"@id":"https:\/\/heritagehubkrakow.org\/pl\/ceremonia-wreczenia-nagrody-dziedzictwa-europejskiego-nagrody-europa-nostra-dla-serfenty-w-cieszynie\/"},"wordCount":408,"commentCount":0,"publisher":{"@id":"https:\/\/heritagehubkrakow.org\/pl\/#organization"},"image":{"@id":"https:\/\/heritagehubkrakow.org\/pl\/ceremonia-wreczenia-nagrody-dziedzictwa-europejskiego-nagrody-europa-nostra-dla-serfenty-w-cieszynie\/#primaryimage"},"thumbnailUrl":"https:\/\/heritagehubkrakow.org\/wp-content\/uploads\/2024\/09\/459160583_937268745111407_1764181914125769380_n-1.jpg","keywords":["Nagroda","Nagrody Dziedzictwa Europejskiego","Nagrody Europa Nostra","Projekt"],"inLanguage":"pl-PL","potentialAction":[{"@type":"CommentAction","name":"Comment","target":["https:\/\/heritagehubkrakow.org\/pl\/ceremonia-wreczenia-nagrody-dziedzictwa-europejskiego-nagrody-europa-nostra-dla-serfenty-w-cieszynie\/#respond"]}]},{"@type":"WebPage","@id":"https:\/\/heritagehubkrakow.org\/pl\/ceremonia-wreczenia-nagrody-dziedzictwa-europejskiego-nagrody-europa-nostra-dla-serfenty-w-cieszynie\/","url":"https:\/\/heritagehubkrakow.org\/pl\/ceremonia-wreczenia-nagrody-dziedzictwa-europejskiego-nagrody-europa-nostra-dla-serfenty-w-cieszynie\/","name":"Ceremonia wr\u0119czenia Nagrody Dziedzictwa Europejskiego \/ Nagrody Europa Nostra dla Serfenty w Cieszynie - Europa Nostra","isPartOf":{"@id":"https:\/\/heritagehubkrakow.org\/pl\/#website"},"primaryImageOfPage":{"@id":"https:\/\/heritagehubkrakow.org\/pl\/ceremonia-wreczenia-nagrody-dziedzictwa-europejskiego-nagrody-europa-nostra-dla-serfenty-w-cieszynie\/#primaryimage"},"image":{"@id":"https:\/\/heritagehubkrakow.org\/pl\/ceremonia-wreczenia-nagrody-dziedzictwa-europejskiego-nagrody-europa-nostra-dla-serfenty-w-cieszynie\/#primaryimage"},"thumbnailUrl":"https:\/\/heritagehubkrakow.org\/wp-content\/uploads\/2024\/09\/459160583_937268745111407_1764181914125769380_n-1.jpg","datePublished":"2024-09-06T16:38:07+00:00","dateModified":"2024-09-16T21:53:05+00:00","description":"6 wrze\u015bnia w Cieszynie prof. Jacek Purchla, wiceprezydent Europa Nostra, uczestniczy\u0142 w uroczysto\u015bci uhonorowania Stowarzyszenia Serfenta presti\u017cow\u0105 Nagrod\u0105 Dziedzictwa Europejskiego \/ Nagrod\u0105 Europa Nostra. Cz\u0119\u015bci\u0105 wydarzenia by\u0142o tak\u017ce ods\u0142oni\u0119cie Medalu, kt\u00f3ry zosta\u0142 wmurowany w \u015bcian\u0119 siedziby Serfenty mieszcz\u0105cej si\u0119 na cieszy\u0144skiej star\u00f3wce.","breadcrumb":{"@id":"https:\/\/heritagehubkrakow.org\/pl\/ceremonia-wreczenia-nagrody-dziedzictwa-europejskiego-nagrody-europa-nostra-dla-serfenty-w-cieszynie\/#breadcrumb"},"inLanguage":"pl-PL","potentialAction":[{"@type":"ReadAction","target":["https:\/\/heritagehubkrakow.org\/pl\/ceremonia-wreczenia-nagrody-dziedzictwa-europejskiego-nagrody-europa-nostra-dla-serfenty-w-cieszynie\/"]}]},{"@type":"ImageObject","inLanguage":"pl-PL","@id":"https:\/\/heritagehubkrakow.org\/pl\/ceremonia-wreczenia-nagrody-dziedzictwa-europejskiego-nagrody-europa-nostra-dla-serfenty-w-cieszynie\/#primaryimage","url":"https:\/\/heritagehubkrakow.org\/wp-content\/uploads\/2024\/09\/459160583_937268745111407_1764181914125769380_n-1.jpg","contentUrl":"https:\/\/heritagehubkrakow.org\/wp-content\/uploads\/2024\/09\/459160583_937268745111407_1764181914125769380_n-1.jpg","width":2048,"height":1365},{"@type":"BreadcrumbList","@id":"https:\/\/heritagehubkrakow.org\/pl\/ceremonia-wreczenia-nagrody-dziedzictwa-europejskiego-nagrody-europa-nostra-dla-serfenty-w-cieszynie\/#breadcrumb","itemListElement":[{"@type":"ListItem","position":1,"name":"Homepage","item":"https:\/\/heritagehubkrakow.org\/pl\/"},{"@type":"ListItem","position":2,"name":"Ceremonia wr\u0119czenia Nagrody Dziedzictwa Europejskiego \/ Nagrody Europa Nostra dla Serfenty w Cieszynie"}]},{"@type":"WebSite","@id":"https:\/\/heritagehubkrakow.org\/pl\/#website","url":"https:\/\/heritagehubkrakow.org\/pl\/","name":"Europa Nostra","description":"Heritage Hub for Central and Eastern Europe","publisher":{"@id":"https:\/\/heritagehubkrakow.org\/pl\/#organization"},"potentialAction":[{"@type":"SearchAction","target":{"@type":"EntryPoint","urlTemplate":"https:\/\/heritagehubkrakow.org\/pl\/?s={search_term_string}"},"query-input":{"@type":"PropertyValueSpecification","valueRequired":true,"valueName":"search_term_string"}}],"inLanguage":"pl-PL"},{"@type":"Organization","@id":"https:\/\/heritagehubkrakow.org\/pl\/#organization","name":"Europa Nostra","url":"https:\/\/heritagehubkrakow.org\/pl\/","logo":{"@type":"ImageObject","inLanguage":"pl-PL","@id":"https:\/\/heritagehubkrakow.org\/pl\/#\/schema\/logo\/image\/","url":"https:\/\/heritagehubkrakow.org\/wp-content\/uploads\/2023\/01\/europa-logo.png","contentUrl":"https:\/\/heritagehubkrakow.org\/wp-content\/uploads\/2023\/01\/europa-logo.png","width":218,"height":237,"caption":"Europa Nostra"},"image":{"@id":"https:\/\/heritagehubkrakow.org\/pl\/#\/schema\/logo\/image\/"}},{"@type":"Person","@id":"https:\/\/heritagehubkrakow.org\/pl\/#\/schema\/person\/112a7abbe48503b2f32e56abc46af660","name":"Lukasz","image":{"@type":"ImageObject","inLanguage":"pl-PL","@id":"https:\/\/heritagehubkrakow.org\/pl\/#\/schema\/person\/image\/","url":"https:\/\/secure.gravatar.com\/avatar\/ad98e1210139ce861e9a29f33990fb143471357f24b3f9df1095f3e51e7a4f52?s=96&d=mm&r=g","contentUrl":"https:\/\/secure.gravatar.com\/avatar\/ad98e1210139ce861e9a29f33990fb143471357f24b3f9df1095f3e51e7a4f52?s=96&d=mm&r=g","caption":"Lukasz"},"url":"https:\/\/heritagehubkrakow.org\/pl\/author\/lukasz-pierog\/"}]}},"_links":{"self":[{"href":"https:\/\/heritagehubkrakow.org\/pl\/wp-json\/wp\/v2\/posts\/5771","targetHints":{"allow":["GET"]}}],"collection":[{"href":"https:\/\/heritagehubkrakow.org\/pl\/wp-json\/wp\/v2\/posts"}],"about":[{"href":"https:\/\/heritagehubkrakow.org\/pl\/wp-json\/wp\/v2\/types\/post"}],"author":[{"embeddable":true,"href":"https:\/\/heritagehubkrakow.org\/pl\/wp-json\/wp\/v2\/users\/7"}],"replies":[{"embeddable":true,"href":"https:\/\/heritagehubkrakow.org\/pl\/wp-json\/wp\/v2\/comments?post=5771"}],"version-history":[{"count":12,"href":"https:\/\/heritagehubkrakow.org\/pl\/wp-json\/wp\/v2\/posts\/5771\/revisions"}],"predecessor-version":[{"id":6207,"href":"https:\/\/heritagehubkrakow.org\/pl\/wp-json\/wp\/v2\/posts\/5771\/revisions\/6207"}],"wp:featuredmedia":[{"embeddable":true,"href":"https:\/\/heritagehubkrakow.org\/pl\/wp-json\/wp\/v2\/media\/5858"}],"wp:attachment":[{"href":"https:\/\/heritagehubkrakow.org\/pl\/wp-json\/wp\/v2\/media?parent=5771"}],"wp:term":[{"taxonomy":"category","embeddable":true,"href":"https:\/\/heritagehubkrakow.org\/pl\/wp-json\/wp\/v2\/categories?post=5771"},{"taxonomy":"post_tag","embeddable":true,"href":"https:\/\/heritagehubkrakow.org\/pl\/wp-json\/wp\/v2\/tags?post=5771"}],"curies":[{"name":"wp","href":"https:\/\/api.w.org\/{rel}","templated":true}]}}