{"id":5946,"date":"2024-09-20T04:30:52","date_gmt":"2024-09-20T04:30:52","guid":{"rendered":"https:\/\/heritagehubkrakow.org\/?p=5946"},"modified":"2024-09-23T10:52:54","modified_gmt":"2024-09-23T10:52:54","slug":"lemkowie-karpacka-grupa-etniczna-gorali","status":"publish","type":"post","link":"https:\/\/heritagehubkrakow.org\/pl\/lemkowie-karpacka-grupa-etniczna-gorali\/","title":{"rendered":"Nowy podkast o dziedzictwie \u0141emkowszczyzny"},"content":{"rendered":"<div class=\"is-style-section-container, has-white-text is-style-section-container wp-block-group alignfull has-red-background-color has-background eplus-wrapper is-layout-constrained wp-block-group-is-layout-constrained eplus-styles-uid-2d17b3\"><div class=\"is-style-section-container wp-block-group alignfull eplus-wrapper is-layout-constrained wp-block-group-is-layout-constrained eplus-styles-uid-38b380\"><div class=\"has-white-text wp-block-group alignfull has-white-color has-text-color eplus-wrapper is-layout-constrained wp-block-group-is-layout-constrained eplus-styles-uid-0ed7c1\"><h1 class=\" wp-block-heading has-text-align-center eplus-wrapper eplus-styles-uid-49faf1\"><strong><strong><strong><strong>\u0141EMKOWSZCZYZNA<\/strong><\/strong><\/strong><\/strong><\/h1>\n\n<div class=\"yoast-breadcrumbs\"><span><span><a href=\"https:\/\/heritagehubkrakow.org\/pl\/\">Homepage<\/a><\/span> &#8211; <span class=\"breadcrumb_last\" aria-current=\"page\">Nowy podkast o dziedzictwie \u0141emkowszczyzny<\/span><\/span><\/div><\/div><\/div><\/div>\n\n<div class=\"is-style-section-container wp-block-group alignfull has-green-dark-background-color has-background eplus-wrapper is-layout-constrained wp-block-group-is-layout-constrained eplus-styles-uid-4c6cdd\"><div class=\"wp-block-group alignwide eplus-wrapper is-layout-constrained wp-block-group-is-layout-constrained eplus-styles-uid-24f6f4\">\n<div class=\"wp-block-group eplus-wrapper is-layout-constrained wp-block-group-is-layout-constrained\"><div class=\"wp-block-group eplus-wrapper is-content-justification-center is-layout-flex wp-container-core-group-is-layout-8ee2ad45 wp-block-group-is-layout-flex eplus-styles-uid-117bd0\"><div class=\"article-date wp-block-post-date\"><time datetime=\"2024-09-20T04:30:52+00:00\">20 wrze\u015bnia 2024<\/time><\/div><\/div>\n\n<div class=\"wp-block-group eplus-wrapper is-layout-constrained wp-block-group-is-layout-constrained eplus-styles-uid-ba2e4b\"><\/div><\/div>\n\n\n\n<h4 class=\" wp-block-heading eplus-wrapper\">Znajdujemy si\u0119 w malowniczym pa\u015bmie Beskidu Niskiego, kt\u00f3ry od wiek\u00f3w jest domem dla \u0141emk\u00f3w \u2013 karpackiej grupy etnicznej g\u00f3rali. Pos\u0142uguj\u0105 si\u0119 oni w\u0142asnym j\u0119zykiem, klasyfikowanym jako dialekt j\u0119zyka rusi\u0144skiego, spokrewnionego z ukrai\u0144skim. \u0141emkowie s\u0105 obecni na tych terenach od pokole\u0144.<\/h4>\n\n\n\n<p class=\" eplus-wrapper\">Wed\u0142ug najnowszych danych ze spisu powszechnego z 2021 roku, ponad 13 600 os\u00f3b identyfikuje si\u0119 jako \u0141emkowie lub osoby o mieszanej to\u017csamo\u015bci \u0142emkowskiej. Co ciekawe, wi\u0119kszo\u015b\u0107 z nich nie mieszka ju\u017c na \u0141emkowszczy\u017anie, lecz osiedli\u0142a si\u0119 na Dolnym \u015al\u0105sku.<\/p>\n\n\n\n<p class=\" eplus-wrapper\">W tym odcinku podcastu, John Beauchamp i Katarzyna Jagodzi\u0144ska z Europa Nostra Heritage Hub w Krakowie podr\u00f3\u017cuj\u0105 przez zielone tereny Beskidu Niskiego, by spotka\u0107 ludzi, kt\u00f3rzy zmagaj\u0105 si\u0119 z trudno\u015bciami w zachowaniu swojego dziedzictwa. D\u0105\u017c\u0105 oni do tego, by wzbudzi\u0107 szersze uznanie dla swojej kultury oraz da\u0107 nowym pokoleniom si\u0142\u0119 do kultywowania i rozwijania \u0142emkowskich tradycji, zwyczaj\u00f3w, umiej\u0119tno\u015bci rzemie\u015blniczych oraz j\u0119zyka.<\/p>\n\n\n\n<p class=\" eplus-wrapper\"><\/p>\n\n\n\n<figure class=\" wp-block-image aligncenter size-large is-resized eplus-wrapper\"><img loading=\"lazy\" decoding=\"async\" width=\"1024\" height=\"1024\" src=\"https:\/\/heritagehubkrakow.org\/wp-content\/uploads\/2024\/09\/TMHiZK_Podcast-Ukraine_heritage-Ukrainians2-Lemkowszczyzna-1-1-1024x1024.jpg\" alt=\"\" class=\"wp-image-5950\" style=\"width:444px;height:auto\" srcset=\"https:\/\/heritagehubkrakow.org\/wp-content\/uploads\/2024\/09\/TMHiZK_Podcast-Ukraine_heritage-Ukrainians2-Lemkowszczyzna-1-1-1024x1024.jpg 1024w, https:\/\/heritagehubkrakow.org\/wp-content\/uploads\/2024\/09\/TMHiZK_Podcast-Ukraine_heritage-Ukrainians2-Lemkowszczyzna-1-1-300x300.jpg 300w, https:\/\/heritagehubkrakow.org\/wp-content\/uploads\/2024\/09\/TMHiZK_Podcast-Ukraine_heritage-Ukrainians2-Lemkowszczyzna-1-1-150x150.jpg 150w, https:\/\/heritagehubkrakow.org\/wp-content\/uploads\/2024\/09\/TMHiZK_Podcast-Ukraine_heritage-Ukrainians2-Lemkowszczyzna-1-1-768x768.jpg 768w, https:\/\/heritagehubkrakow.org\/wp-content\/uploads\/2024\/09\/TMHiZK_Podcast-Ukraine_heritage-Ukrainians2-Lemkowszczyzna-1-1.jpg 1200w\" sizes=\"auto, (max-width: 1024px) 100vw, 1024px\" \/><\/figure>\n\n\n\n<div class=\"wp-block-buttons eplus-wrapper is-layout-flex wp-block-buttons-is-layout-flex\"><div class=\" wp-block-button eplus-wrapper eplus-styles-uid-d524df\"><a class=\"wp-block-button__link has-text-align-center wp-element-button\" href=\"https:\/\/heritagehubkrakow.org\/pl\/project\/lemkowszczyzna\/\" target=\"_blank\" rel=\"noreferrer noopener\"><strong>S\u0142uchaj tutaj<\/strong><\/a><\/div><\/div>\n\n\n\n<p class=\" eplus-wrapper\"><\/p>\n\n\n\n<p class=\" eplus-wrapper\">Podczas tej podr\u00f3\u017cy spotykamy Mychaj\u0142o Markowicza, za\u0142o\u017cyciela <strong><a href=\"http:\/\/nowycia.pl\">Fundacji Nowycia w Nowicy.<\/a><\/strong> Drewniany budynek fundacji, zwany \u201echy\u017c\u0105\u201d, w przesz\u0142o\u015bci pe\u0142ni\u0142 rol\u0119 miejsca spotka\u0144 i wymiany informacji \u2013 swego rodzaju dawnego WhatsAppa. Obecnie, jak wyja\u015bnia Markowicz, Fundacja Nowycia chce wype\u0142ni\u0107 t\u0119 funkcj\u0119 na nowo, tworz\u0105c wsp\u00f3\u0142czesn\u0105 platform\u0119 \u0142emkowskiej komunikacji.<\/p>\n\n\n\n<p class=\" eplus-wrapper\">Nast\u0119pnie odwiedzamy gospodarstwo agroturystyczne <strong><a href=\"http:\/\/ropki.com.pl\">\u201eSwystowy Sad\u201d w Ropkach<\/a><\/strong>, prowadzone przez <strong>Gra\u017cyn\u0119 Betlej-Furman,<\/strong> kt\u00f3ra opowiada nam o lokalnych produktach, kuchni \u0142emkowskiej i codziennym \u017cyciu na tych terenach.<\/p>\n\n\n\n<p class=\" eplus-wrapper\">W \u0141osiach spotykamy Wasylego Szlant\u0119, kt\u00f3rego \u017cycie zawodowe koncentrowa\u0142o si\u0119 na tradycyjnym smolarstwie. By\u0142 tak\u017ce jednym z za\u0142o\u017cycieli festiwalu <strong><a href=\"http:\/\/watrazdynia.pl\">\u0141emkowska Watra.<\/a><\/strong><\/p>\n\n\n\n<p class=\" eplus-wrapper\">W S\u0119kowej odwiedzamy <strong><a href=\"https:\/\/www.facebook.com\/p\/Majsternia-Karpat-100083173096414\/\">\u201eMajsterni\u0119 Karpat\u201d<\/a><\/strong> \u2013 warsztat i kawiarni\u0119 prowadzon\u0105 przez Ann\u0119 Czucht\u0119 i Piotra Jasiona. Poznajemy zmieniaj\u0105cy si\u0119 j\u0119zyk \u0142emkowski, lokalne zio\u0142a i kuchni\u0119.<\/p>\n\n\n\n<p class=\" eplus-wrapper\">Na koniec spotykamy Juli\u0119 Doszn\u0105, znan\u0105 \u0142emkowsk\u0105 pie\u015bniark\u0119, dla kt\u00f3rej j\u0119zyk i tradycyjny \u015bpiew s\u0105 nieod\u0142\u0105cznym elementem jej to\u017csamo\u015bci.<\/p>\n\n\n\n<p class=\" eplus-wrapper\">Wszyscy ci ludzie, kt\u00f3rych poznali\u015bmy podczas tej podr\u00f3\u017cy, zbieraj\u0105 si\u0119 na festiwalu <strong><a href=\"http:\/\/watrazdynia.pl\">\u0141emkowska Watra<\/a> <\/strong>\u2013 najwi\u0119kszym wydarzeniu \u0142emkowskiej kultury, kt\u00f3re przyci\u0105ga nie tylko \u0141emk\u00f3w, ale tak\u017ce szerok\u0105 spo\u0142eczno\u015b\u0107 ukrai\u0144sk\u0105.<\/p>\n\n\n\n<p class=\" eplus-wrapper\"><strong>Podcast zosta\u0142 zrealizowany w ramach projektu <a href=\"https:\/\/heritagehubkrakow.org\/pl\/project\/niematerialne-dziedzictwo-kulturowe-ukraincow-w-polsce-mapowanie-i-upowszechnianie\/\">\u201eNiematerialne dziedzictwo kulturowe Ukrai\u0144c\u00f3w w Polsce: mapowanie i rozpowszechnianie\u201d,<\/a> prowadzonego przez Wydzia\u0142 Studi\u00f3w Mi\u0119dzynarodowych i Politycznych Uniwersytetu Jagiello\u0144skiego we wsp\u00f3\u0142pracy z Europa Nostra Heritage Hub w Krakowie. Projekt kierowany przez dr Olg\u0119 Kich-Mas\u0142ej z Katedry Studi\u00f3w Polsko-Ukrai\u0144skich zosta\u0142 sfinansowany w ramach Programu Strategicznego Inicjatywa Doskona\u0142o\u015bci Uniwersytetu Jagiello\u0144skiego.<\/strong><\/p>\n\n\n\n<p class=\" eplus-wrapper\"><\/p>\n\n\n\n<p class=\" has-text-align-center eplus-wrapper\">&#8211;     &#8211;     &#8211;     &#8211;     &#8211;<\/p>\n\n\n\n<p class=\" eplus-wrapper\"><\/p>\n\n\n\n<p class=\" eplus-wrapper\">Projekt jest wsp\u00f3\u0142finansowany przez <a href=\"https:\/\/european-union.europa.eu\/index_en\">Uni\u0119 Europejsk\u0105<\/a> i <a href=\"https:\/\/www.krakow.pl\/krakow_open_city\">Miasto Krak\u00f3w<\/a>.<\/p>\n\n\n\n<p class=\" eplus-wrapper\"><\/p>\n\n\n\n<p class=\" eplus-wrapper\"><\/p>\n\n\n\n<div class=\"wp-block-buttons eplus-wrapper is-layout-flex wp-block-buttons-is-layout-flex\"><div class=\" wp-block-button eplus-wrapper eplus-styles-uid-d95edf\"><a class=\"wp-block-button__link wp-element-button\" href=\"https:\/\/heritagehubkrakow.org\/pl\/holistic-heritage\/\" target=\"_blank\" rel=\"noreferrer noopener\">HOLISTIC HERITAGE PODCASTY<\/a><\/div><\/div>\n\n\n\n<div class=\"wp-block-group eplus-wrapper is-layout-constrained wp-block-group-is-layout-constrained\"><\/div>\n\n\n\n<div class=\"wp-block-group eplus-wrapper is-layout-constrained wp-block-group-is-layout-constrained\"><\/div>\n<\/div><\/div>\n\n<div class=\"is-style-section-container wp-block-group alignfull has-blue-light-background-color has-background eplus-wrapper is-layout-constrained wp-block-group-is-layout-constrained eplus-styles-uid-4c6cdd\"><\/div>\n\n<div class=\"is-style-section-container wp-block-group alignfull has-orange-background-color has-background eplus-wrapper is-layout-constrained wp-block-group-is-layout-constrained eplus-styles-uid-4c6cdd\">\n<div class=\"wp-block-group alignfull eplus-wrapper is-layout-constrained wp-block-group-is-layout-constrained\"><\/div>\n<\/div>","protected":false},"excerpt":{"rendered":"<p>Przemierzamy malownicze krajobrazy Beskidu Niskiego, gdzie od pokole\u0144 \u017cyj\u0105 \u0141emkowie. Chc\u0105c lepiej pozna\u0107 bogactwo kulturowe tej grupy etnicznej ws\u0142uchujemy si\u0119 w ich opowie\u015b\u0107  o dziedzictwie, kulturze i j\u0119zyku i przerzucaniu most\u00f3w mi\u0119dzy przesz\u0142o\u015bci\u0105 a przysz\u0142o\u015bci\u0105.<\/p>\n","protected":false},"author":7,"featured_media":5950,"comment_status":"open","ping_status":"open","sticky":true,"template":"","format":"standard","meta":{"_acf_changed":false,"editor_plus_copied_stylings":"{}","footnotes":""},"categories":[16],"tags":[],"class_list":["post-5946","post","type-post","status-publish","format-standard","has-post-thumbnail","hentry","category-bez-kategorii"],"acf":[],"yoast_head":"<!-- This site is optimized with the Yoast SEO plugin v23.8 - https:\/\/yoast.com\/wordpress\/plugins\/seo\/ -->\n<title>Nowy podkast o dziedzictwie \u0141emkowszczyzny - Europa Nostra<\/title>\n<meta name=\"description\" content=\"Przemierzamy malownicze krajobrazy Beskidu Niskiego, gdzie od pokole\u0144 \u017cyj\u0105 \u0141emkowie. Chc\u0105c lepiej pozna\u0107 bogactwo kulturowe tej grupy etnicznej ws\u0142uchujemy si\u0119 w ich opowie\u015b\u0107 o dziedzictwie, kulturze i j\u0119zyku i przerzucaniu most\u00f3w mi\u0119dzy przesz\u0142o\u015bci\u0105 a przysz\u0142o\u015bci\u0105.\" \/>\n<meta name=\"robots\" content=\"index, follow, max-snippet:-1, max-image-preview:large, max-video-preview:-1\" \/>\n<link rel=\"canonical\" href=\"https:\/\/heritagehubkrakow.org\/pl\/lemkowie-karpacka-grupa-etniczna-gorali\/\" \/>\n<meta property=\"og:locale\" content=\"pl_PL\" \/>\n<meta property=\"og:type\" content=\"article\" \/>\n<meta property=\"og:title\" content=\"Nowy podkast o dziedzictwie \u0141emkowszczyzny - Europa Nostra\" \/>\n<meta property=\"og:description\" content=\"Przemierzamy malownicze krajobrazy Beskidu Niskiego, gdzie od pokole\u0144 \u017cyj\u0105 \u0141emkowie. Chc\u0105c lepiej pozna\u0107 bogactwo kulturowe tej grupy etnicznej ws\u0142uchujemy si\u0119 w ich opowie\u015b\u0107 o dziedzictwie, kulturze i j\u0119zyku i przerzucaniu most\u00f3w mi\u0119dzy przesz\u0142o\u015bci\u0105 a przysz\u0142o\u015bci\u0105.\" \/>\n<meta property=\"og:url\" content=\"https:\/\/heritagehubkrakow.org\/pl\/lemkowie-karpacka-grupa-etniczna-gorali\/\" \/>\n<meta property=\"og:site_name\" content=\"Europa Nostra\" \/>\n<meta property=\"article:published_time\" content=\"2024-09-20T04:30:52+00:00\" \/>\n<meta property=\"article:modified_time\" content=\"2024-09-23T10:52:54+00:00\" \/>\n<meta property=\"og:image\" content=\"https:\/\/heritagehubkrakow.org\/wp-content\/uploads\/2024\/09\/TMHiZK_Podcast-Ukraine_heritage-Ukrainians2-Lemkowszczyzna-1-1.jpg\" \/>\n\t<meta property=\"og:image:width\" content=\"1200\" \/>\n\t<meta property=\"og:image:height\" content=\"1200\" \/>\n\t<meta property=\"og:image:type\" content=\"image\/jpeg\" \/>\n<meta name=\"author\" content=\"Lukasz\" \/>\n<meta name=\"twitter:card\" content=\"summary_large_image\" \/>\n<meta name=\"twitter:label1\" content=\"Napisane przez\" \/>\n\t<meta name=\"twitter:data1\" content=\"Lukasz\" \/>\n\t<meta name=\"twitter:label2\" content=\"Szacowany czas czytania\" \/>\n\t<meta name=\"twitter:data2\" content=\"3 minuty\" \/>\n<script type=\"application\/ld+json\" class=\"yoast-schema-graph\">{\"@context\":\"https:\/\/schema.org\",\"@graph\":[{\"@type\":\"Article\",\"@id\":\"https:\/\/heritagehubkrakow.org\/pl\/lemkowie-karpacka-grupa-etniczna-gorali\/#article\",\"isPartOf\":{\"@id\":\"https:\/\/heritagehubkrakow.org\/pl\/lemkowie-karpacka-grupa-etniczna-gorali\/\"},\"author\":{\"name\":\"Lukasz\",\"@id\":\"https:\/\/heritagehubkrakow.org\/pl\/#\/schema\/person\/112a7abbe48503b2f32e56abc46af660\"},\"headline\":\"Nowy podkast o dziedzictwie \u0141emkowszczyzny\",\"datePublished\":\"2024-09-20T04:30:52+00:00\",\"dateModified\":\"2024-09-23T10:52:54+00:00\",\"mainEntityOfPage\":{\"@id\":\"https:\/\/heritagehubkrakow.org\/pl\/lemkowie-karpacka-grupa-etniczna-gorali\/\"},\"wordCount\":460,\"commentCount\":0,\"publisher\":{\"@id\":\"https:\/\/heritagehubkrakow.org\/pl\/#organization\"},\"image\":{\"@id\":\"https:\/\/heritagehubkrakow.org\/pl\/lemkowie-karpacka-grupa-etniczna-gorali\/#primaryimage\"},\"thumbnailUrl\":\"https:\/\/heritagehubkrakow.org\/wp-content\/uploads\/2024\/09\/TMHiZK_Podcast-Ukraine_heritage-Ukrainians2-Lemkowszczyzna-1-1.jpg\",\"inLanguage\":\"pl-PL\",\"potentialAction\":[{\"@type\":\"CommentAction\",\"name\":\"Comment\",\"target\":[\"https:\/\/heritagehubkrakow.org\/pl\/lemkowie-karpacka-grupa-etniczna-gorali\/#respond\"]}]},{\"@type\":\"WebPage\",\"@id\":\"https:\/\/heritagehubkrakow.org\/pl\/lemkowie-karpacka-grupa-etniczna-gorali\/\",\"url\":\"https:\/\/heritagehubkrakow.org\/pl\/lemkowie-karpacka-grupa-etniczna-gorali\/\",\"name\":\"Nowy podkast o dziedzictwie \u0141emkowszczyzny - Europa Nostra\",\"isPartOf\":{\"@id\":\"https:\/\/heritagehubkrakow.org\/pl\/#website\"},\"primaryImageOfPage\":{\"@id\":\"https:\/\/heritagehubkrakow.org\/pl\/lemkowie-karpacka-grupa-etniczna-gorali\/#primaryimage\"},\"image\":{\"@id\":\"https:\/\/heritagehubkrakow.org\/pl\/lemkowie-karpacka-grupa-etniczna-gorali\/#primaryimage\"},\"thumbnailUrl\":\"https:\/\/heritagehubkrakow.org\/wp-content\/uploads\/2024\/09\/TMHiZK_Podcast-Ukraine_heritage-Ukrainians2-Lemkowszczyzna-1-1.jpg\",\"datePublished\":\"2024-09-20T04:30:52+00:00\",\"dateModified\":\"2024-09-23T10:52:54+00:00\",\"description\":\"Przemierzamy malownicze krajobrazy Beskidu Niskiego, gdzie od pokole\u0144 \u017cyj\u0105 \u0141emkowie. Chc\u0105c lepiej pozna\u0107 bogactwo kulturowe tej grupy etnicznej ws\u0142uchujemy si\u0119 w ich opowie\u015b\u0107 o dziedzictwie, kulturze i j\u0119zyku i przerzucaniu most\u00f3w mi\u0119dzy przesz\u0142o\u015bci\u0105 a przysz\u0142o\u015bci\u0105.\",\"breadcrumb\":{\"@id\":\"https:\/\/heritagehubkrakow.org\/pl\/lemkowie-karpacka-grupa-etniczna-gorali\/#breadcrumb\"},\"inLanguage\":\"pl-PL\",\"potentialAction\":[{\"@type\":\"ReadAction\",\"target\":[\"https:\/\/heritagehubkrakow.org\/pl\/lemkowie-karpacka-grupa-etniczna-gorali\/\"]}]},{\"@type\":\"ImageObject\",\"inLanguage\":\"pl-PL\",\"@id\":\"https:\/\/heritagehubkrakow.org\/pl\/lemkowie-karpacka-grupa-etniczna-gorali\/#primaryimage\",\"url\":\"https:\/\/heritagehubkrakow.org\/wp-content\/uploads\/2024\/09\/TMHiZK_Podcast-Ukraine_heritage-Ukrainians2-Lemkowszczyzna-1-1.jpg\",\"contentUrl\":\"https:\/\/heritagehubkrakow.org\/wp-content\/uploads\/2024\/09\/TMHiZK_Podcast-Ukraine_heritage-Ukrainians2-Lemkowszczyzna-1-1.jpg\",\"width\":1200,\"height\":1200},{\"@type\":\"BreadcrumbList\",\"@id\":\"https:\/\/heritagehubkrakow.org\/pl\/lemkowie-karpacka-grupa-etniczna-gorali\/#breadcrumb\",\"itemListElement\":[{\"@type\":\"ListItem\",\"position\":1,\"name\":\"Homepage\",\"item\":\"https:\/\/heritagehubkrakow.org\/pl\/\"},{\"@type\":\"ListItem\",\"position\":2,\"name\":\"Nowy podkast o dziedzictwie \u0141emkowszczyzny\"}]},{\"@type\":\"WebSite\",\"@id\":\"https:\/\/heritagehubkrakow.org\/pl\/#website\",\"url\":\"https:\/\/heritagehubkrakow.org\/pl\/\",\"name\":\"Europa Nostra\",\"description\":\"Heritage Hub for Central and Eastern Europe\",\"publisher\":{\"@id\":\"https:\/\/heritagehubkrakow.org\/pl\/#organization\"},\"potentialAction\":[{\"@type\":\"SearchAction\",\"target\":{\"@type\":\"EntryPoint\",\"urlTemplate\":\"https:\/\/heritagehubkrakow.org\/pl\/?s={search_term_string}\"},\"query-input\":{\"@type\":\"PropertyValueSpecification\",\"valueRequired\":true,\"valueName\":\"search_term_string\"}}],\"inLanguage\":\"pl-PL\"},{\"@type\":\"Organization\",\"@id\":\"https:\/\/heritagehubkrakow.org\/pl\/#organization\",\"name\":\"Europa Nostra\",\"url\":\"https:\/\/heritagehubkrakow.org\/pl\/\",\"logo\":{\"@type\":\"ImageObject\",\"inLanguage\":\"pl-PL\",\"@id\":\"https:\/\/heritagehubkrakow.org\/pl\/#\/schema\/logo\/image\/\",\"url\":\"https:\/\/heritagehubkrakow.org\/wp-content\/uploads\/2023\/01\/europa-logo.png\",\"contentUrl\":\"https:\/\/heritagehubkrakow.org\/wp-content\/uploads\/2023\/01\/europa-logo.png\",\"width\":218,\"height\":237,\"caption\":\"Europa Nostra\"},\"image\":{\"@id\":\"https:\/\/heritagehubkrakow.org\/pl\/#\/schema\/logo\/image\/\"}},{\"@type\":\"Person\",\"@id\":\"https:\/\/heritagehubkrakow.org\/pl\/#\/schema\/person\/112a7abbe48503b2f32e56abc46af660\",\"name\":\"Lukasz\",\"image\":{\"@type\":\"ImageObject\",\"inLanguage\":\"pl-PL\",\"@id\":\"https:\/\/heritagehubkrakow.org\/pl\/#\/schema\/person\/image\/\",\"url\":\"https:\/\/secure.gravatar.com\/avatar\/ad98e1210139ce861e9a29f33990fb143471357f24b3f9df1095f3e51e7a4f52?s=96&d=mm&r=g\",\"contentUrl\":\"https:\/\/secure.gravatar.com\/avatar\/ad98e1210139ce861e9a29f33990fb143471357f24b3f9df1095f3e51e7a4f52?s=96&d=mm&r=g\",\"caption\":\"Lukasz\"},\"url\":\"https:\/\/heritagehubkrakow.org\/pl\/author\/lukasz-pierog\/\"}]}<\/script>\n<!-- \/ Yoast SEO plugin. -->","yoast_head_json":{"title":"Nowy podkast o dziedzictwie \u0141emkowszczyzny - Europa Nostra","description":"Przemierzamy malownicze krajobrazy Beskidu Niskiego, gdzie od pokole\u0144 \u017cyj\u0105 \u0141emkowie. Chc\u0105c lepiej pozna\u0107 bogactwo kulturowe tej grupy etnicznej ws\u0142uchujemy si\u0119 w ich opowie\u015b\u0107 o dziedzictwie, kulturze i j\u0119zyku i przerzucaniu most\u00f3w mi\u0119dzy przesz\u0142o\u015bci\u0105 a przysz\u0142o\u015bci\u0105.","robots":{"index":"index","follow":"follow","max-snippet":"max-snippet:-1","max-image-preview":"max-image-preview:large","max-video-preview":"max-video-preview:-1"},"canonical":"https:\/\/heritagehubkrakow.org\/pl\/lemkowie-karpacka-grupa-etniczna-gorali\/","og_locale":"pl_PL","og_type":"article","og_title":"Nowy podkast o dziedzictwie \u0141emkowszczyzny - Europa Nostra","og_description":"Przemierzamy malownicze krajobrazy Beskidu Niskiego, gdzie od pokole\u0144 \u017cyj\u0105 \u0141emkowie. Chc\u0105c lepiej pozna\u0107 bogactwo kulturowe tej grupy etnicznej ws\u0142uchujemy si\u0119 w ich opowie\u015b\u0107 o dziedzictwie, kulturze i j\u0119zyku i przerzucaniu most\u00f3w mi\u0119dzy przesz\u0142o\u015bci\u0105 a przysz\u0142o\u015bci\u0105.","og_url":"https:\/\/heritagehubkrakow.org\/pl\/lemkowie-karpacka-grupa-etniczna-gorali\/","og_site_name":"Europa Nostra","article_published_time":"2024-09-20T04:30:52+00:00","article_modified_time":"2024-09-23T10:52:54+00:00","og_image":[{"width":1200,"height":1200,"url":"https:\/\/heritagehubkrakow.org\/wp-content\/uploads\/2024\/09\/TMHiZK_Podcast-Ukraine_heritage-Ukrainians2-Lemkowszczyzna-1-1.jpg","type":"image\/jpeg"}],"author":"Lukasz","twitter_card":"summary_large_image","twitter_misc":{"Napisane przez":"Lukasz","Szacowany czas czytania":"3 minuty"},"schema":{"@context":"https:\/\/schema.org","@graph":[{"@type":"Article","@id":"https:\/\/heritagehubkrakow.org\/pl\/lemkowie-karpacka-grupa-etniczna-gorali\/#article","isPartOf":{"@id":"https:\/\/heritagehubkrakow.org\/pl\/lemkowie-karpacka-grupa-etniczna-gorali\/"},"author":{"name":"Lukasz","@id":"https:\/\/heritagehubkrakow.org\/pl\/#\/schema\/person\/112a7abbe48503b2f32e56abc46af660"},"headline":"Nowy podkast o dziedzictwie \u0141emkowszczyzny","datePublished":"2024-09-20T04:30:52+00:00","dateModified":"2024-09-23T10:52:54+00:00","mainEntityOfPage":{"@id":"https:\/\/heritagehubkrakow.org\/pl\/lemkowie-karpacka-grupa-etniczna-gorali\/"},"wordCount":460,"commentCount":0,"publisher":{"@id":"https:\/\/heritagehubkrakow.org\/pl\/#organization"},"image":{"@id":"https:\/\/heritagehubkrakow.org\/pl\/lemkowie-karpacka-grupa-etniczna-gorali\/#primaryimage"},"thumbnailUrl":"https:\/\/heritagehubkrakow.org\/wp-content\/uploads\/2024\/09\/TMHiZK_Podcast-Ukraine_heritage-Ukrainians2-Lemkowszczyzna-1-1.jpg","inLanguage":"pl-PL","potentialAction":[{"@type":"CommentAction","name":"Comment","target":["https:\/\/heritagehubkrakow.org\/pl\/lemkowie-karpacka-grupa-etniczna-gorali\/#respond"]}]},{"@type":"WebPage","@id":"https:\/\/heritagehubkrakow.org\/pl\/lemkowie-karpacka-grupa-etniczna-gorali\/","url":"https:\/\/heritagehubkrakow.org\/pl\/lemkowie-karpacka-grupa-etniczna-gorali\/","name":"Nowy podkast o dziedzictwie \u0141emkowszczyzny - Europa Nostra","isPartOf":{"@id":"https:\/\/heritagehubkrakow.org\/pl\/#website"},"primaryImageOfPage":{"@id":"https:\/\/heritagehubkrakow.org\/pl\/lemkowie-karpacka-grupa-etniczna-gorali\/#primaryimage"},"image":{"@id":"https:\/\/heritagehubkrakow.org\/pl\/lemkowie-karpacka-grupa-etniczna-gorali\/#primaryimage"},"thumbnailUrl":"https:\/\/heritagehubkrakow.org\/wp-content\/uploads\/2024\/09\/TMHiZK_Podcast-Ukraine_heritage-Ukrainians2-Lemkowszczyzna-1-1.jpg","datePublished":"2024-09-20T04:30:52+00:00","dateModified":"2024-09-23T10:52:54+00:00","description":"Przemierzamy malownicze krajobrazy Beskidu Niskiego, gdzie od pokole\u0144 \u017cyj\u0105 \u0141emkowie. Chc\u0105c lepiej pozna\u0107 bogactwo kulturowe tej grupy etnicznej ws\u0142uchujemy si\u0119 w ich opowie\u015b\u0107 o dziedzictwie, kulturze i j\u0119zyku i przerzucaniu most\u00f3w mi\u0119dzy przesz\u0142o\u015bci\u0105 a przysz\u0142o\u015bci\u0105.","breadcrumb":{"@id":"https:\/\/heritagehubkrakow.org\/pl\/lemkowie-karpacka-grupa-etniczna-gorali\/#breadcrumb"},"inLanguage":"pl-PL","potentialAction":[{"@type":"ReadAction","target":["https:\/\/heritagehubkrakow.org\/pl\/lemkowie-karpacka-grupa-etniczna-gorali\/"]}]},{"@type":"ImageObject","inLanguage":"pl-PL","@id":"https:\/\/heritagehubkrakow.org\/pl\/lemkowie-karpacka-grupa-etniczna-gorali\/#primaryimage","url":"https:\/\/heritagehubkrakow.org\/wp-content\/uploads\/2024\/09\/TMHiZK_Podcast-Ukraine_heritage-Ukrainians2-Lemkowszczyzna-1-1.jpg","contentUrl":"https:\/\/heritagehubkrakow.org\/wp-content\/uploads\/2024\/09\/TMHiZK_Podcast-Ukraine_heritage-Ukrainians2-Lemkowszczyzna-1-1.jpg","width":1200,"height":1200},{"@type":"BreadcrumbList","@id":"https:\/\/heritagehubkrakow.org\/pl\/lemkowie-karpacka-grupa-etniczna-gorali\/#breadcrumb","itemListElement":[{"@type":"ListItem","position":1,"name":"Homepage","item":"https:\/\/heritagehubkrakow.org\/pl\/"},{"@type":"ListItem","position":2,"name":"Nowy podkast o dziedzictwie \u0141emkowszczyzny"}]},{"@type":"WebSite","@id":"https:\/\/heritagehubkrakow.org\/pl\/#website","url":"https:\/\/heritagehubkrakow.org\/pl\/","name":"Europa Nostra","description":"Heritage Hub for Central and Eastern Europe","publisher":{"@id":"https:\/\/heritagehubkrakow.org\/pl\/#organization"},"potentialAction":[{"@type":"SearchAction","target":{"@type":"EntryPoint","urlTemplate":"https:\/\/heritagehubkrakow.org\/pl\/?s={search_term_string}"},"query-input":{"@type":"PropertyValueSpecification","valueRequired":true,"valueName":"search_term_string"}}],"inLanguage":"pl-PL"},{"@type":"Organization","@id":"https:\/\/heritagehubkrakow.org\/pl\/#organization","name":"Europa Nostra","url":"https:\/\/heritagehubkrakow.org\/pl\/","logo":{"@type":"ImageObject","inLanguage":"pl-PL","@id":"https:\/\/heritagehubkrakow.org\/pl\/#\/schema\/logo\/image\/","url":"https:\/\/heritagehubkrakow.org\/wp-content\/uploads\/2023\/01\/europa-logo.png","contentUrl":"https:\/\/heritagehubkrakow.org\/wp-content\/uploads\/2023\/01\/europa-logo.png","width":218,"height":237,"caption":"Europa Nostra"},"image":{"@id":"https:\/\/heritagehubkrakow.org\/pl\/#\/schema\/logo\/image\/"}},{"@type":"Person","@id":"https:\/\/heritagehubkrakow.org\/pl\/#\/schema\/person\/112a7abbe48503b2f32e56abc46af660","name":"Lukasz","image":{"@type":"ImageObject","inLanguage":"pl-PL","@id":"https:\/\/heritagehubkrakow.org\/pl\/#\/schema\/person\/image\/","url":"https:\/\/secure.gravatar.com\/avatar\/ad98e1210139ce861e9a29f33990fb143471357f24b3f9df1095f3e51e7a4f52?s=96&d=mm&r=g","contentUrl":"https:\/\/secure.gravatar.com\/avatar\/ad98e1210139ce861e9a29f33990fb143471357f24b3f9df1095f3e51e7a4f52?s=96&d=mm&r=g","caption":"Lukasz"},"url":"https:\/\/heritagehubkrakow.org\/pl\/author\/lukasz-pierog\/"}]}},"_links":{"self":[{"href":"https:\/\/heritagehubkrakow.org\/pl\/wp-json\/wp\/v2\/posts\/5946","targetHints":{"allow":["GET"]}}],"collection":[{"href":"https:\/\/heritagehubkrakow.org\/pl\/wp-json\/wp\/v2\/posts"}],"about":[{"href":"https:\/\/heritagehubkrakow.org\/pl\/wp-json\/wp\/v2\/types\/post"}],"author":[{"embeddable":true,"href":"https:\/\/heritagehubkrakow.org\/pl\/wp-json\/wp\/v2\/users\/7"}],"replies":[{"embeddable":true,"href":"https:\/\/heritagehubkrakow.org\/pl\/wp-json\/wp\/v2\/comments?post=5946"}],"version-history":[{"count":6,"href":"https:\/\/heritagehubkrakow.org\/pl\/wp-json\/wp\/v2\/posts\/5946\/revisions"}],"predecessor-version":[{"id":5991,"href":"https:\/\/heritagehubkrakow.org\/pl\/wp-json\/wp\/v2\/posts\/5946\/revisions\/5991"}],"wp:featuredmedia":[{"embeddable":true,"href":"https:\/\/heritagehubkrakow.org\/pl\/wp-json\/wp\/v2\/media\/5950"}],"wp:attachment":[{"href":"https:\/\/heritagehubkrakow.org\/pl\/wp-json\/wp\/v2\/media?parent=5946"}],"wp:term":[{"taxonomy":"category","embeddable":true,"href":"https:\/\/heritagehubkrakow.org\/pl\/wp-json\/wp\/v2\/categories?post=5946"},{"taxonomy":"post_tag","embeddable":true,"href":"https:\/\/heritagehubkrakow.org\/pl\/wp-json\/wp\/v2\/tags?post=5946"}],"curies":[{"name":"wp","href":"https:\/\/api.w.org\/{rel}","templated":true}]}}