{"id":6349,"date":"2024-11-19T08:07:16","date_gmt":"2024-11-19T08:07:16","guid":{"rendered":"https:\/\/heritagehubkrakow.org\/?p=6349"},"modified":"2024-11-19T08:21:37","modified_gmt":"2024-11-19T08:21:37","slug":"lekcje-dziedzictwa-z-estonii","status":"publish","type":"post","link":"https:\/\/heritagehubkrakow.org\/pl\/lekcje-dziedzictwa-z-estonii\/","title":{"rendered":"Lekcje dziedzictwa z Estonii"},"content":{"rendered":"<div class=\"is-style-section-container, has-white-text is-style-section-container wp-block-group alignfull has-red-background-color has-background eplus-wrapper is-layout-constrained wp-block-group-is-layout-constrained eplus-styles-uid-2d17b3\"><div class=\"is-style-section-container wp-block-group alignfull eplus-wrapper is-layout-constrained wp-block-group-is-layout-constrained eplus-styles-uid-38b380\"><div class=\"has-white-text wp-block-group alignfull has-white-color has-text-color eplus-wrapper is-layout-constrained wp-block-group-is-layout-constrained eplus-styles-uid-0ed7c1\"><h1 class=\" wp-block-heading has-text-align-center eplus-wrapper eplus-styles-uid-49faf1\"><strong><strong><strong><strong><strong><strong><strong><strong><strong><strong><strong><strong><strong><strong><br><br>LEKCJE DZIEDZICTWA Z ESTONII<\/strong><\/strong><\/strong><\/strong><\/strong><\/strong><\/strong><\/strong><\/strong><\/strong><\/strong><\/strong><\/strong><\/strong><br><div><b style='color: rgb(85, 85, 85); font-family: -apple-system, BlinkMacSystemFont, \"Helvetica Neue\", \"Segoe UI\", Arial, sans-serif, \"Apple Color Emoji\", \"Segoe UI Emoji\", \"Segoe UI Symbol\"; font-size: 13px; text-align: start; text-transform: none; white-space-collapse: collapse;'><\/b><\/div><\/h1>\n\n<div class=\"yoast-breadcrumbs\"><span><span><a href=\"https:\/\/heritagehubkrakow.org\/pl\/\">Homepage<\/a><\/span> &#8211; <span class=\"breadcrumb_last\" aria-current=\"page\">Lekcje dziedzictwa z Estonii<\/span><\/span><\/div><\/div><\/div><\/div>\n\n<div class=\"is-style-section-container wp-block-group alignfull has-green-dark-background-color has-background eplus-wrapper is-layout-constrained wp-block-group-is-layout-constrained eplus-styles-uid-4c6cdd\"><div class=\"wp-block-group alignfull has-green-dark-background-color has-background eplus-wrapper is-layout-constrained wp-block-group-is-layout-constrained eplus-styles-uid-24f6f4\">\n<div class=\"wp-block-group eplus-wrapper is-layout-constrained wp-block-group-is-layout-constrained\"><div class=\"wp-block-group eplus-wrapper is-content-justification-center is-layout-flex wp-container-core-group-is-layout-8ee2ad45 wp-block-group-is-layout-flex eplus-styles-uid-117bd0\"><div class=\"article-date wp-block-post-date\"><time datetime=\"2024-11-19T08:07:16+00:00\">19 listopada 2024<\/time><\/div><\/div>\n\n<div class=\"wp-block-group eplus-wrapper is-layout-constrained wp-block-group-is-layout-constrained eplus-styles-uid-ba2e4b\"><div class=\"taxonomy-post_tag has-text-align-center article-tags wp-block-post-terms eplus-styles-uid-d35575\"><a href=\"https:\/\/heritagehubkrakow.org\/pl\/tag\/holistic-heritage-pl\/\" rel=\"tag\">Holistic Heritage<\/a><span class=\"wp-block-post-terms__separator\"> <\/span><a href=\"https:\/\/heritagehubkrakow.org\/pl\/tag\/podcast-pl\/\" rel=\"tag\">Podcast<\/a><span class=\"wp-block-post-terms__separator\"> <\/span><a href=\"https:\/\/heritagehubkrakow.org\/pl\/tag\/projekt\/\" rel=\"tag\">Projekt<\/a><span class=\"wp-block-post-terms__suffix\"> <\/span><\/div><\/div><\/div>\n\n\n\n<p class=\" eplus-wrapper\">W kolejnym odcinku naszego podcastu Holistic Heritage skupiamy si\u0119 na Estonii, aby odkry\u0107 zar\u00f3wno jej osi\u0105gni\u0119cia, jak i wyzwania zwi\u0105zane z ochron\u0105 i promocj\u0105 bogatego dziedzictwa kulturowego. To najdalej na p\u00f3\u0142noc wysuni\u0119te pa\u0144stwo ba\u0142tyckie\u00a0znalaz\u0142o si\u0119 na styku coraz bardziej podzielonych \u015bwiat\u00f3w. Trwaj\u0105ca wojna w Ukrainie sk\u0142oni\u0142a w\u0142adze do przemy\u015blenia polityki dotycz\u0105cej dziedzictwa kulturowego w czasie wojny.<\/p>\n\n\n\n<p class=\" eplus-wrapper\">Jak skutecznie zabezpieczy\u0107 materialne skarby kultury? Jak zinterpretowa\u0107 i stawi\u0107 czo\u0142a z\u0142o\u017conemu dziedzictwu radzieckiemu, kt\u00f3re pozostawi\u0142o tu swoje \u015blady? Jakie dzia\u0142ania podj\u0119\u0142a Estonia w kontek\u015bcie inwazji na Ukrain\u0119, i jakie dobre praktyki mog\u0105 zainspirowa\u0107 inne kraje europejskie w zakresie ochrony dziedzictwa kulturowego?<\/p>\n\n\n\n<p class=\" eplus-wrapper\">John Beauchamp i Katarzyna Jagodzi\u0144ska z Europa Nostra Heritage Hub w Krakowie mieli okazj\u0119 rozmawia\u0107 z Riin Alatalu, wiceprezydentk\u0105 ICOMOS oraz przewodnicz\u0105c\u0105 UNESCO Chair of Cultural Heritage Studies na Esto\u0144skiej Akademii Sztuk Pi\u0119knych, podczas Europa Nostra Cultural Heritage Summit, kt\u00f3ry odby\u0142 si\u0119 w Bukareszcie w pa\u017adzierniku 2024 roku. Ich rozmowa przynosi cenne wnioski i inspiracje dla przysz\u0142ych dzia\u0142a\u0144 w tej dziedzinie.<\/p>\n\n\n\n<p class=\" eplus-wrapper\"><\/p>\n\n\n\n<div class=\"wp-block-buttons eplus-wrapper is-layout-flex wp-block-buttons-is-layout-flex\"><div class=\" wp-block-button eplus-wrapper eplus-styles-uid-f3dd27\"><a class=\"wp-block-button__link wp-element-button\" href=\"https:\/\/open.spotify.com\/episode\/2Hy1ZpGCaIUHwcrRUGxS4r\">S\u0141UCHAJ TUTAJ!<\/a><\/div><\/div>\n\n\n\n<p class=\" eplus-wrapper\"><\/p>\n\n\n\n<figure class=\"wp-block-gallery has-nested-images columns-default is-cropped eplus-wrapper wp-block-gallery-1\">\n<figure class=\" wp-block-image size-large eplus-wrapper\"><img loading=\"lazy\" decoding=\"async\" width=\"1024\" height=\"576\" data-id=\"6152\" src=\"https:\/\/heritagehubkrakow.org\/wp-content\/uploads\/2024\/10\/TMHiZK_podcast_Holistic_spotify-1-1024x576.jpg\" alt=\"\" class=\"wp-image-6152\" srcset=\"https:\/\/heritagehubkrakow.org\/wp-content\/uploads\/2024\/10\/TMHiZK_podcast_Holistic_spotify-1-1024x576.jpg 1024w, https:\/\/heritagehubkrakow.org\/wp-content\/uploads\/2024\/10\/TMHiZK_podcast_Holistic_spotify-1-300x169.jpg 300w, https:\/\/heritagehubkrakow.org\/wp-content\/uploads\/2024\/10\/TMHiZK_podcast_Holistic_spotify-1-768x432.jpg 768w, https:\/\/heritagehubkrakow.org\/wp-content\/uploads\/2024\/10\/TMHiZK_podcast_Holistic_spotify-1-1536x864.jpg 1536w, https:\/\/heritagehubkrakow.org\/wp-content\/uploads\/2024\/10\/TMHiZK_podcast_Holistic_spotify-1.jpg 1920w\" sizes=\"auto, (max-width: 1024px) 100vw, 1024px\" \/><\/figure>\n<\/figure>\n\n\n\n<p class=\" eplus-wrapper\"><\/p>\n\n\n\n<div class=\"wp-block-buttons eplus-wrapper is-layout-flex wp-block-buttons-is-layout-flex\"><\/div>\n\n\n\n<div class=\"wp-block-group eplus-wrapper is-layout-constrained wp-block-group-is-layout-constrained\"><\/div>\n<\/div><\/div>\n\n<div class=\"is-style-section-container wp-block-group alignfull has-blue-light-background-color has-background eplus-wrapper is-layout-constrained wp-block-group-is-layout-constrained eplus-styles-uid-4c6cdd\"><\/div>\n\n<div class=\"is-style-section-container wp-block-group alignfull has-orange-background-color has-background eplus-wrapper is-layout-constrained wp-block-group-is-layout-constrained eplus-styles-uid-4c6cdd\">\n<div class=\"wp-block-group alignfull eplus-wrapper is-layout-constrained wp-block-group-is-layout-constrained\"><\/div>\n<\/div>\n\n\n<p class=\" eplus-wrapper\"><\/p>\n","protected":false},"excerpt":{"rendered":"<p>Jak Estonia chroni swoje materialne skarby? W najnowszym odcinku naszego podcastu Holistic Heritage kierujemy uwag\u0119 na Estoni\u0119! W dziesi\u0105tym odcinku podcastu Holistic Heritage John Beauchamp i Katarzyna Jagodzi\u0144ska rozmawiaj\u0105 z Riin Alatalu, wiceprezydentem ICOMOS oraz przewodnicz\u0105c\u0105 UNESCO Chair of Cultural Heritage Studies na Esto\u0144skiej Akademii Sztuk Pi\u0119knych.<\/p>\n","protected":false},"author":7,"featured_media":6344,"comment_status":"open","ping_status":"open","sticky":true,"template":"","format":"standard","meta":{"_acf_changed":false,"editor_plus_copied_stylings":"{}","footnotes":""},"categories":[16],"tags":[156,109,44],"class_list":["post-6349","post","type-post","status-publish","format-standard","has-post-thumbnail","hentry","category-bez-kategorii","tag-holistic-heritage-pl","tag-podcast-pl","tag-projekt"],"acf":[],"yoast_head":"<!-- This site is optimized with the Yoast SEO plugin v23.8 - https:\/\/yoast.com\/wordpress\/plugins\/seo\/ -->\n<title>Lekcje dziedzictwa z Estonii - Europa Nostra<\/title>\n<meta name=\"description\" content=\"Jak Estonia chroni swoje materialne skarby? W najnowszym odcinku naszego podcastu Holistic Heritage kierujemy uwag\u0119 na Estoni\u0119! W dziesi\u0105tym odcinku podcastu Holistic Heritage John Beauchamp i Katarzyna Jagodzi\u0144ska rozmawiaj\u0105 z Riin Alatalu, wiceprezydentem ICOMOS oraz przewodnicz\u0105c\u0105 UNESCO Chair of Cultural Heritage Studies na Esto\u0144skiej Akademii Sztuk Pi\u0119knych.\" \/>\n<meta name=\"robots\" content=\"index, follow, max-snippet:-1, max-image-preview:large, max-video-preview:-1\" \/>\n<link rel=\"canonical\" href=\"https:\/\/heritagehubkrakow.org\/pl\/lekcje-dziedzictwa-z-estonii\/\" \/>\n<meta property=\"og:locale\" content=\"pl_PL\" \/>\n<meta property=\"og:type\" content=\"article\" \/>\n<meta property=\"og:title\" content=\"Lekcje dziedzictwa z Estonii - Europa Nostra\" \/>\n<meta property=\"og:description\" content=\"Jak Estonia chroni swoje materialne skarby? W najnowszym odcinku naszego podcastu Holistic Heritage kierujemy uwag\u0119 na Estoni\u0119! W dziesi\u0105tym odcinku podcastu Holistic Heritage John Beauchamp i Katarzyna Jagodzi\u0144ska rozmawiaj\u0105 z Riin Alatalu, wiceprezydentem ICOMOS oraz przewodnicz\u0105c\u0105 UNESCO Chair of Cultural Heritage Studies na Esto\u0144skiej Akademii Sztuk Pi\u0119knych.\" \/>\n<meta property=\"og:url\" content=\"https:\/\/heritagehubkrakow.org\/pl\/lekcje-dziedzictwa-z-estonii\/\" \/>\n<meta property=\"og:site_name\" content=\"Europa Nostra\" \/>\n<meta property=\"article:published_time\" content=\"2024-11-19T08:07:16+00:00\" \/>\n<meta property=\"article:modified_time\" content=\"2024-11-19T08:21:37+00:00\" \/>\n<meta property=\"og:image\" content=\"https:\/\/heritagehubkrakow.org\/wp-content\/uploads\/2024\/11\/TMHiZK_podcast_Holistic_spotify-10.jpg\" \/>\n\t<meta property=\"og:image:width\" content=\"1200\" \/>\n\t<meta property=\"og:image:height\" content=\"1200\" \/>\n\t<meta property=\"og:image:type\" content=\"image\/jpeg\" \/>\n<meta name=\"author\" content=\"Lukasz\" \/>\n<meta name=\"twitter:card\" content=\"summary_large_image\" \/>\n<meta name=\"twitter:label1\" content=\"Napisane przez\" \/>\n\t<meta name=\"twitter:data1\" content=\"Lukasz\" \/>\n\t<meta name=\"twitter:label2\" content=\"Szacowany czas czytania\" \/>\n\t<meta name=\"twitter:data2\" content=\"2 minuty\" \/>\n<script type=\"application\/ld+json\" class=\"yoast-schema-graph\">{\"@context\":\"https:\/\/schema.org\",\"@graph\":[{\"@type\":\"Article\",\"@id\":\"https:\/\/heritagehubkrakow.org\/pl\/lekcje-dziedzictwa-z-estonii\/#article\",\"isPartOf\":{\"@id\":\"https:\/\/heritagehubkrakow.org\/pl\/lekcje-dziedzictwa-z-estonii\/\"},\"author\":{\"name\":\"Lukasz\",\"@id\":\"https:\/\/heritagehubkrakow.org\/pl\/#\/schema\/person\/112a7abbe48503b2f32e56abc46af660\"},\"headline\":\"Lekcje dziedzictwa z Estonii\",\"datePublished\":\"2024-11-19T08:07:16+00:00\",\"dateModified\":\"2024-11-19T08:21:37+00:00\",\"mainEntityOfPage\":{\"@id\":\"https:\/\/heritagehubkrakow.org\/pl\/lekcje-dziedzictwa-z-estonii\/\"},\"wordCount\":203,\"commentCount\":0,\"publisher\":{\"@id\":\"https:\/\/heritagehubkrakow.org\/pl\/#organization\"},\"image\":{\"@id\":\"https:\/\/heritagehubkrakow.org\/pl\/lekcje-dziedzictwa-z-estonii\/#primaryimage\"},\"thumbnailUrl\":\"https:\/\/heritagehubkrakow.org\/wp-content\/uploads\/2024\/11\/TMHiZK_podcast_Holistic_spotify-10.jpg\",\"keywords\":[\"Holistic Heritage\",\"Podcast\",\"Projekt\"],\"inLanguage\":\"pl-PL\",\"potentialAction\":[{\"@type\":\"CommentAction\",\"name\":\"Comment\",\"target\":[\"https:\/\/heritagehubkrakow.org\/pl\/lekcje-dziedzictwa-z-estonii\/#respond\"]}]},{\"@type\":\"WebPage\",\"@id\":\"https:\/\/heritagehubkrakow.org\/pl\/lekcje-dziedzictwa-z-estonii\/\",\"url\":\"https:\/\/heritagehubkrakow.org\/pl\/lekcje-dziedzictwa-z-estonii\/\",\"name\":\"Lekcje dziedzictwa z Estonii - Europa Nostra\",\"isPartOf\":{\"@id\":\"https:\/\/heritagehubkrakow.org\/pl\/#website\"},\"primaryImageOfPage\":{\"@id\":\"https:\/\/heritagehubkrakow.org\/pl\/lekcje-dziedzictwa-z-estonii\/#primaryimage\"},\"image\":{\"@id\":\"https:\/\/heritagehubkrakow.org\/pl\/lekcje-dziedzictwa-z-estonii\/#primaryimage\"},\"thumbnailUrl\":\"https:\/\/heritagehubkrakow.org\/wp-content\/uploads\/2024\/11\/TMHiZK_podcast_Holistic_spotify-10.jpg\",\"datePublished\":\"2024-11-19T08:07:16+00:00\",\"dateModified\":\"2024-11-19T08:21:37+00:00\",\"description\":\"Jak Estonia chroni swoje materialne skarby? W najnowszym odcinku naszego podcastu Holistic Heritage kierujemy uwag\u0119 na Estoni\u0119! W dziesi\u0105tym odcinku podcastu Holistic Heritage John Beauchamp i Katarzyna Jagodzi\u0144ska rozmawiaj\u0105 z Riin Alatalu, wiceprezydentem ICOMOS oraz przewodnicz\u0105c\u0105 UNESCO Chair of Cultural Heritage Studies na Esto\u0144skiej Akademii Sztuk Pi\u0119knych.\",\"breadcrumb\":{\"@id\":\"https:\/\/heritagehubkrakow.org\/pl\/lekcje-dziedzictwa-z-estonii\/#breadcrumb\"},\"inLanguage\":\"pl-PL\",\"potentialAction\":[{\"@type\":\"ReadAction\",\"target\":[\"https:\/\/heritagehubkrakow.org\/pl\/lekcje-dziedzictwa-z-estonii\/\"]}]},{\"@type\":\"ImageObject\",\"inLanguage\":\"pl-PL\",\"@id\":\"https:\/\/heritagehubkrakow.org\/pl\/lekcje-dziedzictwa-z-estonii\/#primaryimage\",\"url\":\"https:\/\/heritagehubkrakow.org\/wp-content\/uploads\/2024\/11\/TMHiZK_podcast_Holistic_spotify-10.jpg\",\"contentUrl\":\"https:\/\/heritagehubkrakow.org\/wp-content\/uploads\/2024\/11\/TMHiZK_podcast_Holistic_spotify-10.jpg\",\"width\":1200,\"height\":1200},{\"@type\":\"BreadcrumbList\",\"@id\":\"https:\/\/heritagehubkrakow.org\/pl\/lekcje-dziedzictwa-z-estonii\/#breadcrumb\",\"itemListElement\":[{\"@type\":\"ListItem\",\"position\":1,\"name\":\"Homepage\",\"item\":\"https:\/\/heritagehubkrakow.org\/pl\/\"},{\"@type\":\"ListItem\",\"position\":2,\"name\":\"Lekcje dziedzictwa z Estonii\"}]},{\"@type\":\"WebSite\",\"@id\":\"https:\/\/heritagehubkrakow.org\/pl\/#website\",\"url\":\"https:\/\/heritagehubkrakow.org\/pl\/\",\"name\":\"Europa Nostra\",\"description\":\"Heritage Hub for Central and Eastern Europe\",\"publisher\":{\"@id\":\"https:\/\/heritagehubkrakow.org\/pl\/#organization\"},\"potentialAction\":[{\"@type\":\"SearchAction\",\"target\":{\"@type\":\"EntryPoint\",\"urlTemplate\":\"https:\/\/heritagehubkrakow.org\/pl\/?s={search_term_string}\"},\"query-input\":{\"@type\":\"PropertyValueSpecification\",\"valueRequired\":true,\"valueName\":\"search_term_string\"}}],\"inLanguage\":\"pl-PL\"},{\"@type\":\"Organization\",\"@id\":\"https:\/\/heritagehubkrakow.org\/pl\/#organization\",\"name\":\"Europa Nostra\",\"url\":\"https:\/\/heritagehubkrakow.org\/pl\/\",\"logo\":{\"@type\":\"ImageObject\",\"inLanguage\":\"pl-PL\",\"@id\":\"https:\/\/heritagehubkrakow.org\/pl\/#\/schema\/logo\/image\/\",\"url\":\"https:\/\/heritagehubkrakow.org\/wp-content\/uploads\/2023\/01\/europa-logo.png\",\"contentUrl\":\"https:\/\/heritagehubkrakow.org\/wp-content\/uploads\/2023\/01\/europa-logo.png\",\"width\":218,\"height\":237,\"caption\":\"Europa Nostra\"},\"image\":{\"@id\":\"https:\/\/heritagehubkrakow.org\/pl\/#\/schema\/logo\/image\/\"}},{\"@type\":\"Person\",\"@id\":\"https:\/\/heritagehubkrakow.org\/pl\/#\/schema\/person\/112a7abbe48503b2f32e56abc46af660\",\"name\":\"Lukasz\",\"image\":{\"@type\":\"ImageObject\",\"inLanguage\":\"pl-PL\",\"@id\":\"https:\/\/heritagehubkrakow.org\/pl\/#\/schema\/person\/image\/\",\"url\":\"https:\/\/secure.gravatar.com\/avatar\/ad98e1210139ce861e9a29f33990fb143471357f24b3f9df1095f3e51e7a4f52?s=96&d=mm&r=g\",\"contentUrl\":\"https:\/\/secure.gravatar.com\/avatar\/ad98e1210139ce861e9a29f33990fb143471357f24b3f9df1095f3e51e7a4f52?s=96&d=mm&r=g\",\"caption\":\"Lukasz\"},\"url\":\"https:\/\/heritagehubkrakow.org\/pl\/author\/lukasz-pierog\/\"}]}<\/script>\n<!-- \/ Yoast SEO plugin. -->","yoast_head_json":{"title":"Lekcje dziedzictwa z Estonii - Europa Nostra","description":"Jak Estonia chroni swoje materialne skarby? W najnowszym odcinku naszego podcastu Holistic Heritage kierujemy uwag\u0119 na Estoni\u0119! W dziesi\u0105tym odcinku podcastu Holistic Heritage John Beauchamp i Katarzyna Jagodzi\u0144ska rozmawiaj\u0105 z Riin Alatalu, wiceprezydentem ICOMOS oraz przewodnicz\u0105c\u0105 UNESCO Chair of Cultural Heritage Studies na Esto\u0144skiej Akademii Sztuk Pi\u0119knych.","robots":{"index":"index","follow":"follow","max-snippet":"max-snippet:-1","max-image-preview":"max-image-preview:large","max-video-preview":"max-video-preview:-1"},"canonical":"https:\/\/heritagehubkrakow.org\/pl\/lekcje-dziedzictwa-z-estonii\/","og_locale":"pl_PL","og_type":"article","og_title":"Lekcje dziedzictwa z Estonii - Europa Nostra","og_description":"Jak Estonia chroni swoje materialne skarby? W najnowszym odcinku naszego podcastu Holistic Heritage kierujemy uwag\u0119 na Estoni\u0119! W dziesi\u0105tym odcinku podcastu Holistic Heritage John Beauchamp i Katarzyna Jagodzi\u0144ska rozmawiaj\u0105 z Riin Alatalu, wiceprezydentem ICOMOS oraz przewodnicz\u0105c\u0105 UNESCO Chair of Cultural Heritage Studies na Esto\u0144skiej Akademii Sztuk Pi\u0119knych.","og_url":"https:\/\/heritagehubkrakow.org\/pl\/lekcje-dziedzictwa-z-estonii\/","og_site_name":"Europa Nostra","article_published_time":"2024-11-19T08:07:16+00:00","article_modified_time":"2024-11-19T08:21:37+00:00","og_image":[{"width":1200,"height":1200,"url":"https:\/\/heritagehubkrakow.org\/wp-content\/uploads\/2024\/11\/TMHiZK_podcast_Holistic_spotify-10.jpg","type":"image\/jpeg"}],"author":"Lukasz","twitter_card":"summary_large_image","twitter_misc":{"Napisane przez":"Lukasz","Szacowany czas czytania":"2 minuty"},"schema":{"@context":"https:\/\/schema.org","@graph":[{"@type":"Article","@id":"https:\/\/heritagehubkrakow.org\/pl\/lekcje-dziedzictwa-z-estonii\/#article","isPartOf":{"@id":"https:\/\/heritagehubkrakow.org\/pl\/lekcje-dziedzictwa-z-estonii\/"},"author":{"name":"Lukasz","@id":"https:\/\/heritagehubkrakow.org\/pl\/#\/schema\/person\/112a7abbe48503b2f32e56abc46af660"},"headline":"Lekcje dziedzictwa z Estonii","datePublished":"2024-11-19T08:07:16+00:00","dateModified":"2024-11-19T08:21:37+00:00","mainEntityOfPage":{"@id":"https:\/\/heritagehubkrakow.org\/pl\/lekcje-dziedzictwa-z-estonii\/"},"wordCount":203,"commentCount":0,"publisher":{"@id":"https:\/\/heritagehubkrakow.org\/pl\/#organization"},"image":{"@id":"https:\/\/heritagehubkrakow.org\/pl\/lekcje-dziedzictwa-z-estonii\/#primaryimage"},"thumbnailUrl":"https:\/\/heritagehubkrakow.org\/wp-content\/uploads\/2024\/11\/TMHiZK_podcast_Holistic_spotify-10.jpg","keywords":["Holistic Heritage","Podcast","Projekt"],"inLanguage":"pl-PL","potentialAction":[{"@type":"CommentAction","name":"Comment","target":["https:\/\/heritagehubkrakow.org\/pl\/lekcje-dziedzictwa-z-estonii\/#respond"]}]},{"@type":"WebPage","@id":"https:\/\/heritagehubkrakow.org\/pl\/lekcje-dziedzictwa-z-estonii\/","url":"https:\/\/heritagehubkrakow.org\/pl\/lekcje-dziedzictwa-z-estonii\/","name":"Lekcje dziedzictwa z Estonii - Europa Nostra","isPartOf":{"@id":"https:\/\/heritagehubkrakow.org\/pl\/#website"},"primaryImageOfPage":{"@id":"https:\/\/heritagehubkrakow.org\/pl\/lekcje-dziedzictwa-z-estonii\/#primaryimage"},"image":{"@id":"https:\/\/heritagehubkrakow.org\/pl\/lekcje-dziedzictwa-z-estonii\/#primaryimage"},"thumbnailUrl":"https:\/\/heritagehubkrakow.org\/wp-content\/uploads\/2024\/11\/TMHiZK_podcast_Holistic_spotify-10.jpg","datePublished":"2024-11-19T08:07:16+00:00","dateModified":"2024-11-19T08:21:37+00:00","description":"Jak Estonia chroni swoje materialne skarby? W najnowszym odcinku naszego podcastu Holistic Heritage kierujemy uwag\u0119 na Estoni\u0119! W dziesi\u0105tym odcinku podcastu Holistic Heritage John Beauchamp i Katarzyna Jagodzi\u0144ska rozmawiaj\u0105 z Riin Alatalu, wiceprezydentem ICOMOS oraz przewodnicz\u0105c\u0105 UNESCO Chair of Cultural Heritage Studies na Esto\u0144skiej Akademii Sztuk Pi\u0119knych.","breadcrumb":{"@id":"https:\/\/heritagehubkrakow.org\/pl\/lekcje-dziedzictwa-z-estonii\/#breadcrumb"},"inLanguage":"pl-PL","potentialAction":[{"@type":"ReadAction","target":["https:\/\/heritagehubkrakow.org\/pl\/lekcje-dziedzictwa-z-estonii\/"]}]},{"@type":"ImageObject","inLanguage":"pl-PL","@id":"https:\/\/heritagehubkrakow.org\/pl\/lekcje-dziedzictwa-z-estonii\/#primaryimage","url":"https:\/\/heritagehubkrakow.org\/wp-content\/uploads\/2024\/11\/TMHiZK_podcast_Holistic_spotify-10.jpg","contentUrl":"https:\/\/heritagehubkrakow.org\/wp-content\/uploads\/2024\/11\/TMHiZK_podcast_Holistic_spotify-10.jpg","width":1200,"height":1200},{"@type":"BreadcrumbList","@id":"https:\/\/heritagehubkrakow.org\/pl\/lekcje-dziedzictwa-z-estonii\/#breadcrumb","itemListElement":[{"@type":"ListItem","position":1,"name":"Homepage","item":"https:\/\/heritagehubkrakow.org\/pl\/"},{"@type":"ListItem","position":2,"name":"Lekcje dziedzictwa z Estonii"}]},{"@type":"WebSite","@id":"https:\/\/heritagehubkrakow.org\/pl\/#website","url":"https:\/\/heritagehubkrakow.org\/pl\/","name":"Europa Nostra","description":"Heritage Hub for Central and Eastern Europe","publisher":{"@id":"https:\/\/heritagehubkrakow.org\/pl\/#organization"},"potentialAction":[{"@type":"SearchAction","target":{"@type":"EntryPoint","urlTemplate":"https:\/\/heritagehubkrakow.org\/pl\/?s={search_term_string}"},"query-input":{"@type":"PropertyValueSpecification","valueRequired":true,"valueName":"search_term_string"}}],"inLanguage":"pl-PL"},{"@type":"Organization","@id":"https:\/\/heritagehubkrakow.org\/pl\/#organization","name":"Europa Nostra","url":"https:\/\/heritagehubkrakow.org\/pl\/","logo":{"@type":"ImageObject","inLanguage":"pl-PL","@id":"https:\/\/heritagehubkrakow.org\/pl\/#\/schema\/logo\/image\/","url":"https:\/\/heritagehubkrakow.org\/wp-content\/uploads\/2023\/01\/europa-logo.png","contentUrl":"https:\/\/heritagehubkrakow.org\/wp-content\/uploads\/2023\/01\/europa-logo.png","width":218,"height":237,"caption":"Europa Nostra"},"image":{"@id":"https:\/\/heritagehubkrakow.org\/pl\/#\/schema\/logo\/image\/"}},{"@type":"Person","@id":"https:\/\/heritagehubkrakow.org\/pl\/#\/schema\/person\/112a7abbe48503b2f32e56abc46af660","name":"Lukasz","image":{"@type":"ImageObject","inLanguage":"pl-PL","@id":"https:\/\/heritagehubkrakow.org\/pl\/#\/schema\/person\/image\/","url":"https:\/\/secure.gravatar.com\/avatar\/ad98e1210139ce861e9a29f33990fb143471357f24b3f9df1095f3e51e7a4f52?s=96&d=mm&r=g","contentUrl":"https:\/\/secure.gravatar.com\/avatar\/ad98e1210139ce861e9a29f33990fb143471357f24b3f9df1095f3e51e7a4f52?s=96&d=mm&r=g","caption":"Lukasz"},"url":"https:\/\/heritagehubkrakow.org\/pl\/author\/lukasz-pierog\/"}]}},"_links":{"self":[{"href":"https:\/\/heritagehubkrakow.org\/pl\/wp-json\/wp\/v2\/posts\/6349","targetHints":{"allow":["GET"]}}],"collection":[{"href":"https:\/\/heritagehubkrakow.org\/pl\/wp-json\/wp\/v2\/posts"}],"about":[{"href":"https:\/\/heritagehubkrakow.org\/pl\/wp-json\/wp\/v2\/types\/post"}],"author":[{"embeddable":true,"href":"https:\/\/heritagehubkrakow.org\/pl\/wp-json\/wp\/v2\/users\/7"}],"replies":[{"embeddable":true,"href":"https:\/\/heritagehubkrakow.org\/pl\/wp-json\/wp\/v2\/comments?post=6349"}],"version-history":[{"count":3,"href":"https:\/\/heritagehubkrakow.org\/pl\/wp-json\/wp\/v2\/posts\/6349\/revisions"}],"predecessor-version":[{"id":6363,"href":"https:\/\/heritagehubkrakow.org\/pl\/wp-json\/wp\/v2\/posts\/6349\/revisions\/6363"}],"wp:featuredmedia":[{"embeddable":true,"href":"https:\/\/heritagehubkrakow.org\/pl\/wp-json\/wp\/v2\/media\/6344"}],"wp:attachment":[{"href":"https:\/\/heritagehubkrakow.org\/pl\/wp-json\/wp\/v2\/media?parent=6349"}],"wp:term":[{"taxonomy":"category","embeddable":true,"href":"https:\/\/heritagehubkrakow.org\/pl\/wp-json\/wp\/v2\/categories?post=6349"},{"taxonomy":"post_tag","embeddable":true,"href":"https:\/\/heritagehubkrakow.org\/pl\/wp-json\/wp\/v2\/tags?post=6349"}],"curies":[{"name":"wp","href":"https:\/\/api.w.org\/{rel}","templated":true}]}}