{"id":6377,"date":"2024-11-22T14:59:28","date_gmt":"2024-11-22T14:59:28","guid":{"rendered":"https:\/\/heritagehubkrakow.org\/intangible-heritage-of-ukrainians-in-poland-what-next\/"},"modified":"2024-12-02T14:50:23","modified_gmt":"2024-12-02T14:50:23","slug":"niematerialne-dziedzictwo-ukraincow-w-polsce-co-dalej","status":"publish","type":"post","link":"https:\/\/heritagehubkrakow.org\/pl\/niematerialne-dziedzictwo-ukraincow-w-polsce-co-dalej\/","title":{"rendered":"Niematerialne dziedzictwo Ukrai\u0144c\u00f3w w Polsce: Co dalej?"},"content":{"rendered":"<div class=\"is-style-section-container, has-white-text is-style-section-container wp-block-group alignfull has-red-background-color has-background eplus-wrapper is-layout-constrained wp-block-group-is-layout-constrained eplus-styles-uid-2d17b3\"><div class=\"is-style-section-container wp-block-group alignfull eplus-wrapper is-layout-constrained wp-block-group-is-layout-constrained eplus-styles-uid-38b380\"><div class=\"has-white-text wp-block-group alignfull has-white-color has-text-color eplus-wrapper is-layout-constrained wp-block-group-is-layout-constrained eplus-styles-uid-0ed7c1\"><h1 class=\" wp-block-heading has-text-align-center eplus-wrapper eplus-styles-uid-49faf1\"><strong><strong><strong><strong><strong><strong><strong><strong><strong><strong><strong><strong><strong><strong><strong>Niematerialne dziedzictwo Ukrai\u0144c\u00f3w w Polsce: Co dalej?<\/strong><\/strong><\/strong><\/strong><\/strong><\/strong><\/strong><\/strong><\/strong><\/strong><\/strong><\/strong><\/strong><\/strong><\/strong><\/h1>\n\n<div class=\"yoast-breadcrumbs\"><span><span><a href=\"https:\/\/heritagehubkrakow.org\/pl\/\">Homepage<\/a><\/span> &#8211; <span class=\"breadcrumb_last\" aria-current=\"page\">Niematerialne dziedzictwo Ukrai\u0144c\u00f3w w Polsce: Co dalej?<\/span><\/span><\/div><\/div><\/div><\/div>\n\n<div class=\"is-style-section-container wp-block-group alignfull has-green-dark-background-color has-background eplus-wrapper is-layout-constrained wp-block-group-is-layout-constrained eplus-styles-uid-4c6cdd\"><div class=\"wp-block-group alignfull has-green-dark-background-color has-background eplus-wrapper is-layout-constrained wp-block-group-is-layout-constrained eplus-styles-uid-24f6f4\">\n<div class=\"wp-block-group eplus-wrapper is-layout-constrained wp-block-group-is-layout-constrained\"><div class=\"wp-block-group eplus-wrapper is-content-justification-center is-layout-flex wp-container-core-group-is-layout-8ee2ad45 wp-block-group-is-layout-flex eplus-styles-uid-117bd0\"><div class=\"article-date wp-block-post-date\"><time datetime=\"2024-11-22T14:59:28+00:00\">22 listopada 2024<\/time><\/div><\/div>\n\n<div class=\"wp-block-group eplus-wrapper is-layout-constrained wp-block-group-is-layout-constrained eplus-styles-uid-ba2e4b\"><div class=\"taxonomy-post_tag has-text-align-center article-tags wp-block-post-terms eplus-styles-uid-d35575\"><a href=\"https:\/\/heritagehubkrakow.org\/pl\/tag\/dziedzictwo-kulturowe\/\" rel=\"tag\">Dziedzictwo kulturowe<\/a><span class=\"wp-block-post-terms__separator\"> <\/span><a href=\"https:\/\/heritagehubkrakow.org\/pl\/tag\/ukraine-pl\/\" rel=\"tag\">Ukraina<\/a><span class=\"wp-block-post-terms__suffix\"> <\/span><\/div><\/div><\/div>\n\n\n\n<p class=\" eplus-wrapper\"><strong>Zarezerwuj sobie czas: 3 grudnia 2024, godz. 17:30\u201319:30! Zapraszamy na wyj\u0105tkow\u0105 dyskusj\u0119 i wyj\u0105tkowy koncert ,,Niematerialne dziedzictwo Ukrai\u0144c\u00f3w w Polsce: Co dalej?&#8221; oraz koncert zespo\u0142u HrayBery. Wydzia\u0142 Studi\u00f3w Mi\u0119dzynarodowych i Politycznych, Uniwersytet Jagiello\u0144ski, ul. Reymonta 4, Krak\u00f3w, aula 039 (parter).<\/strong> <strong>Wydarzenie b\u0119dzie transmitowane online: <a href=\"https:\/\/tiny.pl\/dd4zkxjh?fbclid=IwZXh0bgNhZW0CMTAAAR1448NmLAW2ai6hro5Hn_ubyNKguEleQkh8lO-zFty5C7kcsr-Mk1VFPAQ_aem_2mTrTSWBhrkgkioWQTFIFg\" target=\"_blank\" rel=\"noreferrer noopener\">https:\/\/tiny.pl\/dd4zkxjh<\/a>.<\/strong><\/p>\n\n\n\n<p class=\" eplus-wrapper\">Inicjujemy dyskusj\u0119 w gronie ukrai\u0144skich aktywist\u00f3w i depozytariuszy dziedzictwa oraz badaczy na temat ukrai\u0144skiego dziedzictwa niematerialnego na terenach postmigracyjnych Polski po\u0142udniowo-wschodniej. W dyskusji udzia\u0142 wezm\u0105 osoby reprezentuj\u0105ce trzy regiony: Nadsanie, \u0141emkowszyzn\u0119 i Podlasie oraz dr Olga Kich-Mas\u0142ej. Porozmawiamy o znaczeniu tego dziedzictwa dla lokalnych spo\u0142eczno\u015bci, ich miejscu w przestrzeni publicznej, wyzwaniach zwi\u0105zanych z jego zachowaniem oraz perspektywach. Co dalej z tym dziedzictwem?<\/p>\n\n\n\n<p class=\" eplus-wrapper\">Po godzinnej dyskusji porwie nas muzycznie wielokrotnie nagradzany zesp\u00f3\u0142 HrayBery, kt\u00f3ry rekonstruuje i przywraca do \u017cycia zapomnian\u0105 muzyk\u0119 powsta\u0142\u0105 na styku dw\u00f3ch kultur polskiej i ukrai\u0144skiej.<\/p>\n\n\n\n<p class=\" eplus-wrapper\">Podczas spotkania zainaugurujemy Spo\u0142eczne archiwum aktywizmu na rzecz dziedzictwa w Europie \u015arodkowej i Wschodniej z wywiadami ze wszystkimi prelegentami.<\/p>\n\n\n\n<p class=\" eplus-wrapper\">Paneli\u015bci: Gra\u017cyna Betlej-Furman, Anna Czuchta, Jerzy Hawryluk, Igor Hork\u00f3w, Micha\u0142 Markowicz, Jerzy Misiejuk, Szymon Modrzejewski, Tatiana Nakonieczna, Maksym Nakonieczny, Eugeniusz Ry\u017cyk, Wac\u0142aw Szlanta, Maria Tucka oraz Olga Kich-Mas\u0142ej.<\/p>\n\n\n\n<p class=\" eplus-wrapper\">Wydarzenie poprowadz\u0105 dr Katarzyna Jagodzi\u0144ska i John Beauchamp. <\/p>\n\n\n\n<p class=\" eplus-wrapper\">Spotkanie jest cz\u0119\u015bci\u0105 projektu \u201eNiematerialne dziedzictwo kulturowe Ukrai\u0144c\u00f3w w Polsce: mapowanie i upowszechnianie\u201d realizowanego przez Wydzia\u0142 Studi\u00f3w Mi\u0119dzynarodowych i Politycznych Uniwersytetu Jagiello\u0144skiego. Projektem kieruje dr Olga Kich-Mas\u0142ej z Zak\u0142adu Studi\u00f3w Polsko-Ukrai\u0144skich, a realizuje go we wsp\u00f3\u0142pracy z dr Katarzyn\u0105 Jagodzi\u0144sk\u0105 z Instytutu Studi\u00f3w Europejskiej i jednocze\u015bnie kierowniczk\u0105 Huba Europa Nostra oraz zespo\u0142em Huba: Johnem Beauchampem i dr Joann\u0105 Dziadowiec-Gregani\u0107.<\/p>\n\n\n\n<p class=\" eplus-wrapper\">Projekt uzyska\u0142 finansowanie uczelni w ramach Programu Strategicznego Inicjatywa Doskona\u0142o\u015bci w Uniwersytecie Jagiello\u0144skim.<\/p>\n\n\n\n<p class=\" eplus-wrapper\">Informacja o projekcie <a href=\"https:\/\/heritagehubkrakow.org\/pl\/project\/niematerialne-dziedzictwo-kulturowe-ukraincow-w-polsce-mapowanie-i-upowszechnianie\/\">TUTAJ<\/a><\/p>\n\n\n\n<p class=\" eplus-wrapper\"><\/p>\n\n\n\n<figure class=\" wp-block-image aligncenter size-large eplus-wrapper\"><img loading=\"lazy\" decoding=\"async\" width=\"1024\" height=\"536\" src=\"https:\/\/heritagehubkrakow.org\/wp-content\/uploads\/2024\/11\/Hub_Niematerialne-dziedzictwo-UA-FB-wydarzenie-1024x536.jpg\" alt=\"\" class=\"wp-image-6371\" srcset=\"https:\/\/heritagehubkrakow.org\/wp-content\/uploads\/2024\/11\/Hub_Niematerialne-dziedzictwo-UA-FB-wydarzenie-1024x536.jpg 1024w, https:\/\/heritagehubkrakow.org\/wp-content\/uploads\/2024\/11\/Hub_Niematerialne-dziedzictwo-UA-FB-wydarzenie-300x157.jpg 300w, https:\/\/heritagehubkrakow.org\/wp-content\/uploads\/2024\/11\/Hub_Niematerialne-dziedzictwo-UA-FB-wydarzenie-768x402.jpg 768w, https:\/\/heritagehubkrakow.org\/wp-content\/uploads\/2024\/11\/Hub_Niematerialne-dziedzictwo-UA-FB-wydarzenie.jpg 1200w\" sizes=\"auto, (max-width: 1024px) 100vw, 1024px\" \/><\/figure>\n\n\n\n<p class=\" eplus-wrapper\"><\/p>\n\n\n\n<div class=\"wp-block-buttons eplus-wrapper is-layout-flex wp-block-buttons-is-layout-flex\"><\/div>\n\n\n\n<div class=\"wp-block-group eplus-wrapper is-layout-constrained wp-block-group-is-layout-constrained\"><\/div>\n<\/div><\/div>\n\n<div class=\"is-style-section-container wp-block-group alignfull has-blue-light-background-color has-background eplus-wrapper is-layout-constrained wp-block-group-is-layout-constrained eplus-styles-uid-4c6cdd\"><\/div>\n\n<div class=\"is-style-section-container wp-block-group alignfull has-orange-background-color has-background eplus-wrapper is-layout-constrained wp-block-group-is-layout-constrained eplus-styles-uid-4c6cdd\">\n<div class=\"wp-block-group alignfull eplus-wrapper is-layout-constrained wp-block-group-is-layout-constrained\"><\/div>\n<\/div>","protected":false},"excerpt":{"rendered":"<p>We\u017a udzia\u0142 w dyskusji z ukrai\u0144skimi aktywistami, depozytariuszami dziedzictwa oraz badaczami na temat ukrai\u0144skiego dziedzictwa niematerialnego na terenach postmigracyjnych Polski po\u0142udniowo-wschodniej! A nast\u0119pnie zanurz si\u0119 w jego melodi\u0119 \u2013 wydarzenie zako\u0144czy koncert zespo\u0142u HrayBery.<\/p>\n","protected":false},"author":7,"featured_media":6394,"comment_status":"open","ping_status":"open","sticky":true,"template":"","format":"standard","meta":{"_acf_changed":false,"editor_plus_copied_stylings":"{}","footnotes":""},"categories":[16],"tags":[166,117],"class_list":["post-6377","post","type-post","status-publish","format-standard","has-post-thumbnail","hentry","category-bez-kategorii","tag-dziedzictwo-kulturowe","tag-ukraine-pl"],"acf":[],"yoast_head":"<!-- This site is optimized with the Yoast SEO plugin v23.8 - https:\/\/yoast.com\/wordpress\/plugins\/seo\/ -->\n<title>Niematerialne dziedzictwo Ukrai\u0144c\u00f3w w Polsce: Co dalej? - Europa Nostra<\/title>\n<meta name=\"description\" content=\"We\u017a udzia\u0142 w dyskusji z ukrai\u0144skimi aktywistami, depozytariuszami dziedzictwa oraz badaczami na temat ukrai\u0144skiego dziedzictwa niematerialnego na terenach postmigracyjnych Polski po\u0142udniowo-wschodniej! A nast\u0119pnie zanurz si\u0119 w jego melodi\u0119 \u2013 wydarzenie zako\u0144czy koncert zespo\u0142u HrayBery.\" \/>\n<meta name=\"robots\" content=\"index, follow, max-snippet:-1, max-image-preview:large, max-video-preview:-1\" \/>\n<link rel=\"canonical\" href=\"https:\/\/heritagehubkrakow.org\/pl\/niematerialne-dziedzictwo-ukraincow-w-polsce-co-dalej\/\" \/>\n<meta property=\"og:locale\" content=\"pl_PL\" \/>\n<meta property=\"og:type\" content=\"article\" \/>\n<meta property=\"og:title\" content=\"Niematerialne dziedzictwo Ukrai\u0144c\u00f3w w Polsce: Co dalej? - Europa Nostra\" \/>\n<meta property=\"og:description\" content=\"We\u017a udzia\u0142 w dyskusji z ukrai\u0144skimi aktywistami, depozytariuszami dziedzictwa oraz badaczami na temat ukrai\u0144skiego dziedzictwa niematerialnego na terenach postmigracyjnych Polski po\u0142udniowo-wschodniej! A nast\u0119pnie zanurz si\u0119 w jego melodi\u0119 \u2013 wydarzenie zako\u0144czy koncert zespo\u0142u HrayBery.\" \/>\n<meta property=\"og:url\" content=\"https:\/\/heritagehubkrakow.org\/pl\/niematerialne-dziedzictwo-ukraincow-w-polsce-co-dalej\/\" \/>\n<meta property=\"og:site_name\" content=\"Europa Nostra\" \/>\n<meta property=\"article:published_time\" content=\"2024-11-22T14:59:28+00:00\" \/>\n<meta property=\"article:modified_time\" content=\"2024-12-02T14:50:23+00:00\" \/>\n<meta property=\"og:image\" content=\"https:\/\/heritagehubkrakow.org\/wp-content\/uploads\/2024\/11\/co-dalej.png\" \/>\n\t<meta property=\"og:image:width\" content=\"1080\" \/>\n\t<meta property=\"og:image:height\" content=\"1080\" \/>\n\t<meta property=\"og:image:type\" content=\"image\/png\" \/>\n<meta name=\"author\" content=\"Lukasz\" \/>\n<meta name=\"twitter:card\" content=\"summary_large_image\" \/>\n<meta name=\"twitter:label1\" content=\"Napisane przez\" \/>\n\t<meta name=\"twitter:data1\" content=\"Lukasz\" \/>\n\t<meta name=\"twitter:label2\" content=\"Szacowany czas czytania\" \/>\n\t<meta name=\"twitter:data2\" content=\"2 minuty\" \/>\n<script type=\"application\/ld+json\" class=\"yoast-schema-graph\">{\"@context\":\"https:\/\/schema.org\",\"@graph\":[{\"@type\":\"Article\",\"@id\":\"https:\/\/heritagehubkrakow.org\/pl\/niematerialne-dziedzictwo-ukraincow-w-polsce-co-dalej\/#article\",\"isPartOf\":{\"@id\":\"https:\/\/heritagehubkrakow.org\/pl\/niematerialne-dziedzictwo-ukraincow-w-polsce-co-dalej\/\"},\"author\":{\"name\":\"Lukasz\",\"@id\":\"https:\/\/heritagehubkrakow.org\/pl\/#\/schema\/person\/112a7abbe48503b2f32e56abc46af660\"},\"headline\":\"Niematerialne dziedzictwo Ukrai\u0144c\u00f3w w Polsce: Co dalej?\",\"datePublished\":\"2024-11-22T14:59:28+00:00\",\"dateModified\":\"2024-12-02T14:50:23+00:00\",\"mainEntityOfPage\":{\"@id\":\"https:\/\/heritagehubkrakow.org\/pl\/niematerialne-dziedzictwo-ukraincow-w-polsce-co-dalej\/\"},\"wordCount\":329,\"commentCount\":0,\"publisher\":{\"@id\":\"https:\/\/heritagehubkrakow.org\/pl\/#organization\"},\"image\":{\"@id\":\"https:\/\/heritagehubkrakow.org\/pl\/niematerialne-dziedzictwo-ukraincow-w-polsce-co-dalej\/#primaryimage\"},\"thumbnailUrl\":\"https:\/\/heritagehubkrakow.org\/wp-content\/uploads\/2024\/11\/co-dalej.png\",\"keywords\":[\"Dziedzictwo kulturowe\",\"Ukraina\"],\"inLanguage\":\"pl-PL\",\"potentialAction\":[{\"@type\":\"CommentAction\",\"name\":\"Comment\",\"target\":[\"https:\/\/heritagehubkrakow.org\/pl\/niematerialne-dziedzictwo-ukraincow-w-polsce-co-dalej\/#respond\"]}]},{\"@type\":\"WebPage\",\"@id\":\"https:\/\/heritagehubkrakow.org\/pl\/niematerialne-dziedzictwo-ukraincow-w-polsce-co-dalej\/\",\"url\":\"https:\/\/heritagehubkrakow.org\/pl\/niematerialne-dziedzictwo-ukraincow-w-polsce-co-dalej\/\",\"name\":\"Niematerialne dziedzictwo Ukrai\u0144c\u00f3w w Polsce: Co dalej? - Europa Nostra\",\"isPartOf\":{\"@id\":\"https:\/\/heritagehubkrakow.org\/pl\/#website\"},\"primaryImageOfPage\":{\"@id\":\"https:\/\/heritagehubkrakow.org\/pl\/niematerialne-dziedzictwo-ukraincow-w-polsce-co-dalej\/#primaryimage\"},\"image\":{\"@id\":\"https:\/\/heritagehubkrakow.org\/pl\/niematerialne-dziedzictwo-ukraincow-w-polsce-co-dalej\/#primaryimage\"},\"thumbnailUrl\":\"https:\/\/heritagehubkrakow.org\/wp-content\/uploads\/2024\/11\/co-dalej.png\",\"datePublished\":\"2024-11-22T14:59:28+00:00\",\"dateModified\":\"2024-12-02T14:50:23+00:00\",\"description\":\"We\u017a udzia\u0142 w dyskusji z ukrai\u0144skimi aktywistami, depozytariuszami dziedzictwa oraz badaczami na temat ukrai\u0144skiego dziedzictwa niematerialnego na terenach postmigracyjnych Polski po\u0142udniowo-wschodniej! A nast\u0119pnie zanurz si\u0119 w jego melodi\u0119 \u2013 wydarzenie zako\u0144czy koncert zespo\u0142u HrayBery.\",\"breadcrumb\":{\"@id\":\"https:\/\/heritagehubkrakow.org\/pl\/niematerialne-dziedzictwo-ukraincow-w-polsce-co-dalej\/#breadcrumb\"},\"inLanguage\":\"pl-PL\",\"potentialAction\":[{\"@type\":\"ReadAction\",\"target\":[\"https:\/\/heritagehubkrakow.org\/pl\/niematerialne-dziedzictwo-ukraincow-w-polsce-co-dalej\/\"]}]},{\"@type\":\"ImageObject\",\"inLanguage\":\"pl-PL\",\"@id\":\"https:\/\/heritagehubkrakow.org\/pl\/niematerialne-dziedzictwo-ukraincow-w-polsce-co-dalej\/#primaryimage\",\"url\":\"https:\/\/heritagehubkrakow.org\/wp-content\/uploads\/2024\/11\/co-dalej.png\",\"contentUrl\":\"https:\/\/heritagehubkrakow.org\/wp-content\/uploads\/2024\/11\/co-dalej.png\",\"width\":1080,\"height\":1080},{\"@type\":\"BreadcrumbList\",\"@id\":\"https:\/\/heritagehubkrakow.org\/pl\/niematerialne-dziedzictwo-ukraincow-w-polsce-co-dalej\/#breadcrumb\",\"itemListElement\":[{\"@type\":\"ListItem\",\"position\":1,\"name\":\"Homepage\",\"item\":\"https:\/\/heritagehubkrakow.org\/pl\/\"},{\"@type\":\"ListItem\",\"position\":2,\"name\":\"Niematerialne dziedzictwo Ukrai\u0144c\u00f3w w Polsce: Co dalej?\"}]},{\"@type\":\"WebSite\",\"@id\":\"https:\/\/heritagehubkrakow.org\/pl\/#website\",\"url\":\"https:\/\/heritagehubkrakow.org\/pl\/\",\"name\":\"Europa Nostra\",\"description\":\"Heritage Hub for Central and Eastern Europe\",\"publisher\":{\"@id\":\"https:\/\/heritagehubkrakow.org\/pl\/#organization\"},\"potentialAction\":[{\"@type\":\"SearchAction\",\"target\":{\"@type\":\"EntryPoint\",\"urlTemplate\":\"https:\/\/heritagehubkrakow.org\/pl\/?s={search_term_string}\"},\"query-input\":{\"@type\":\"PropertyValueSpecification\",\"valueRequired\":true,\"valueName\":\"search_term_string\"}}],\"inLanguage\":\"pl-PL\"},{\"@type\":\"Organization\",\"@id\":\"https:\/\/heritagehubkrakow.org\/pl\/#organization\",\"name\":\"Europa Nostra\",\"url\":\"https:\/\/heritagehubkrakow.org\/pl\/\",\"logo\":{\"@type\":\"ImageObject\",\"inLanguage\":\"pl-PL\",\"@id\":\"https:\/\/heritagehubkrakow.org\/pl\/#\/schema\/logo\/image\/\",\"url\":\"https:\/\/heritagehubkrakow.org\/wp-content\/uploads\/2023\/01\/europa-logo.png\",\"contentUrl\":\"https:\/\/heritagehubkrakow.org\/wp-content\/uploads\/2023\/01\/europa-logo.png\",\"width\":218,\"height\":237,\"caption\":\"Europa Nostra\"},\"image\":{\"@id\":\"https:\/\/heritagehubkrakow.org\/pl\/#\/schema\/logo\/image\/\"}},{\"@type\":\"Person\",\"@id\":\"https:\/\/heritagehubkrakow.org\/pl\/#\/schema\/person\/112a7abbe48503b2f32e56abc46af660\",\"name\":\"Lukasz\",\"image\":{\"@type\":\"ImageObject\",\"inLanguage\":\"pl-PL\",\"@id\":\"https:\/\/heritagehubkrakow.org\/pl\/#\/schema\/person\/image\/\",\"url\":\"https:\/\/secure.gravatar.com\/avatar\/ad98e1210139ce861e9a29f33990fb143471357f24b3f9df1095f3e51e7a4f52?s=96&d=mm&r=g\",\"contentUrl\":\"https:\/\/secure.gravatar.com\/avatar\/ad98e1210139ce861e9a29f33990fb143471357f24b3f9df1095f3e51e7a4f52?s=96&d=mm&r=g\",\"caption\":\"Lukasz\"},\"url\":\"https:\/\/heritagehubkrakow.org\/pl\/author\/lukasz-pierog\/\"}]}<\/script>\n<!-- \/ Yoast SEO plugin. -->","yoast_head_json":{"title":"Niematerialne dziedzictwo Ukrai\u0144c\u00f3w w Polsce: Co dalej? - Europa Nostra","description":"We\u017a udzia\u0142 w dyskusji z ukrai\u0144skimi aktywistami, depozytariuszami dziedzictwa oraz badaczami na temat ukrai\u0144skiego dziedzictwa niematerialnego na terenach postmigracyjnych Polski po\u0142udniowo-wschodniej! A nast\u0119pnie zanurz si\u0119 w jego melodi\u0119 \u2013 wydarzenie zako\u0144czy koncert zespo\u0142u HrayBery.","robots":{"index":"index","follow":"follow","max-snippet":"max-snippet:-1","max-image-preview":"max-image-preview:large","max-video-preview":"max-video-preview:-1"},"canonical":"https:\/\/heritagehubkrakow.org\/pl\/niematerialne-dziedzictwo-ukraincow-w-polsce-co-dalej\/","og_locale":"pl_PL","og_type":"article","og_title":"Niematerialne dziedzictwo Ukrai\u0144c\u00f3w w Polsce: Co dalej? - Europa Nostra","og_description":"We\u017a udzia\u0142 w dyskusji z ukrai\u0144skimi aktywistami, depozytariuszami dziedzictwa oraz badaczami na temat ukrai\u0144skiego dziedzictwa niematerialnego na terenach postmigracyjnych Polski po\u0142udniowo-wschodniej! A nast\u0119pnie zanurz si\u0119 w jego melodi\u0119 \u2013 wydarzenie zako\u0144czy koncert zespo\u0142u HrayBery.","og_url":"https:\/\/heritagehubkrakow.org\/pl\/niematerialne-dziedzictwo-ukraincow-w-polsce-co-dalej\/","og_site_name":"Europa Nostra","article_published_time":"2024-11-22T14:59:28+00:00","article_modified_time":"2024-12-02T14:50:23+00:00","og_image":[{"width":1080,"height":1080,"url":"https:\/\/heritagehubkrakow.org\/wp-content\/uploads\/2024\/11\/co-dalej.png","type":"image\/png"}],"author":"Lukasz","twitter_card":"summary_large_image","twitter_misc":{"Napisane przez":"Lukasz","Szacowany czas czytania":"2 minuty"},"schema":{"@context":"https:\/\/schema.org","@graph":[{"@type":"Article","@id":"https:\/\/heritagehubkrakow.org\/pl\/niematerialne-dziedzictwo-ukraincow-w-polsce-co-dalej\/#article","isPartOf":{"@id":"https:\/\/heritagehubkrakow.org\/pl\/niematerialne-dziedzictwo-ukraincow-w-polsce-co-dalej\/"},"author":{"name":"Lukasz","@id":"https:\/\/heritagehubkrakow.org\/pl\/#\/schema\/person\/112a7abbe48503b2f32e56abc46af660"},"headline":"Niematerialne dziedzictwo Ukrai\u0144c\u00f3w w Polsce: Co dalej?","datePublished":"2024-11-22T14:59:28+00:00","dateModified":"2024-12-02T14:50:23+00:00","mainEntityOfPage":{"@id":"https:\/\/heritagehubkrakow.org\/pl\/niematerialne-dziedzictwo-ukraincow-w-polsce-co-dalej\/"},"wordCount":329,"commentCount":0,"publisher":{"@id":"https:\/\/heritagehubkrakow.org\/pl\/#organization"},"image":{"@id":"https:\/\/heritagehubkrakow.org\/pl\/niematerialne-dziedzictwo-ukraincow-w-polsce-co-dalej\/#primaryimage"},"thumbnailUrl":"https:\/\/heritagehubkrakow.org\/wp-content\/uploads\/2024\/11\/co-dalej.png","keywords":["Dziedzictwo kulturowe","Ukraina"],"inLanguage":"pl-PL","potentialAction":[{"@type":"CommentAction","name":"Comment","target":["https:\/\/heritagehubkrakow.org\/pl\/niematerialne-dziedzictwo-ukraincow-w-polsce-co-dalej\/#respond"]}]},{"@type":"WebPage","@id":"https:\/\/heritagehubkrakow.org\/pl\/niematerialne-dziedzictwo-ukraincow-w-polsce-co-dalej\/","url":"https:\/\/heritagehubkrakow.org\/pl\/niematerialne-dziedzictwo-ukraincow-w-polsce-co-dalej\/","name":"Niematerialne dziedzictwo Ukrai\u0144c\u00f3w w Polsce: Co dalej? - Europa Nostra","isPartOf":{"@id":"https:\/\/heritagehubkrakow.org\/pl\/#website"},"primaryImageOfPage":{"@id":"https:\/\/heritagehubkrakow.org\/pl\/niematerialne-dziedzictwo-ukraincow-w-polsce-co-dalej\/#primaryimage"},"image":{"@id":"https:\/\/heritagehubkrakow.org\/pl\/niematerialne-dziedzictwo-ukraincow-w-polsce-co-dalej\/#primaryimage"},"thumbnailUrl":"https:\/\/heritagehubkrakow.org\/wp-content\/uploads\/2024\/11\/co-dalej.png","datePublished":"2024-11-22T14:59:28+00:00","dateModified":"2024-12-02T14:50:23+00:00","description":"We\u017a udzia\u0142 w dyskusji z ukrai\u0144skimi aktywistami, depozytariuszami dziedzictwa oraz badaczami na temat ukrai\u0144skiego dziedzictwa niematerialnego na terenach postmigracyjnych Polski po\u0142udniowo-wschodniej! A nast\u0119pnie zanurz si\u0119 w jego melodi\u0119 \u2013 wydarzenie zako\u0144czy koncert zespo\u0142u HrayBery.","breadcrumb":{"@id":"https:\/\/heritagehubkrakow.org\/pl\/niematerialne-dziedzictwo-ukraincow-w-polsce-co-dalej\/#breadcrumb"},"inLanguage":"pl-PL","potentialAction":[{"@type":"ReadAction","target":["https:\/\/heritagehubkrakow.org\/pl\/niematerialne-dziedzictwo-ukraincow-w-polsce-co-dalej\/"]}]},{"@type":"ImageObject","inLanguage":"pl-PL","@id":"https:\/\/heritagehubkrakow.org\/pl\/niematerialne-dziedzictwo-ukraincow-w-polsce-co-dalej\/#primaryimage","url":"https:\/\/heritagehubkrakow.org\/wp-content\/uploads\/2024\/11\/co-dalej.png","contentUrl":"https:\/\/heritagehubkrakow.org\/wp-content\/uploads\/2024\/11\/co-dalej.png","width":1080,"height":1080},{"@type":"BreadcrumbList","@id":"https:\/\/heritagehubkrakow.org\/pl\/niematerialne-dziedzictwo-ukraincow-w-polsce-co-dalej\/#breadcrumb","itemListElement":[{"@type":"ListItem","position":1,"name":"Homepage","item":"https:\/\/heritagehubkrakow.org\/pl\/"},{"@type":"ListItem","position":2,"name":"Niematerialne dziedzictwo Ukrai\u0144c\u00f3w w Polsce: Co dalej?"}]},{"@type":"WebSite","@id":"https:\/\/heritagehubkrakow.org\/pl\/#website","url":"https:\/\/heritagehubkrakow.org\/pl\/","name":"Europa Nostra","description":"Heritage Hub for Central and Eastern Europe","publisher":{"@id":"https:\/\/heritagehubkrakow.org\/pl\/#organization"},"potentialAction":[{"@type":"SearchAction","target":{"@type":"EntryPoint","urlTemplate":"https:\/\/heritagehubkrakow.org\/pl\/?s={search_term_string}"},"query-input":{"@type":"PropertyValueSpecification","valueRequired":true,"valueName":"search_term_string"}}],"inLanguage":"pl-PL"},{"@type":"Organization","@id":"https:\/\/heritagehubkrakow.org\/pl\/#organization","name":"Europa Nostra","url":"https:\/\/heritagehubkrakow.org\/pl\/","logo":{"@type":"ImageObject","inLanguage":"pl-PL","@id":"https:\/\/heritagehubkrakow.org\/pl\/#\/schema\/logo\/image\/","url":"https:\/\/heritagehubkrakow.org\/wp-content\/uploads\/2023\/01\/europa-logo.png","contentUrl":"https:\/\/heritagehubkrakow.org\/wp-content\/uploads\/2023\/01\/europa-logo.png","width":218,"height":237,"caption":"Europa Nostra"},"image":{"@id":"https:\/\/heritagehubkrakow.org\/pl\/#\/schema\/logo\/image\/"}},{"@type":"Person","@id":"https:\/\/heritagehubkrakow.org\/pl\/#\/schema\/person\/112a7abbe48503b2f32e56abc46af660","name":"Lukasz","image":{"@type":"ImageObject","inLanguage":"pl-PL","@id":"https:\/\/heritagehubkrakow.org\/pl\/#\/schema\/person\/image\/","url":"https:\/\/secure.gravatar.com\/avatar\/ad98e1210139ce861e9a29f33990fb143471357f24b3f9df1095f3e51e7a4f52?s=96&d=mm&r=g","contentUrl":"https:\/\/secure.gravatar.com\/avatar\/ad98e1210139ce861e9a29f33990fb143471357f24b3f9df1095f3e51e7a4f52?s=96&d=mm&r=g","caption":"Lukasz"},"url":"https:\/\/heritagehubkrakow.org\/pl\/author\/lukasz-pierog\/"}]}},"_links":{"self":[{"href":"https:\/\/heritagehubkrakow.org\/pl\/wp-json\/wp\/v2\/posts\/6377","targetHints":{"allow":["GET"]}}],"collection":[{"href":"https:\/\/heritagehubkrakow.org\/pl\/wp-json\/wp\/v2\/posts"}],"about":[{"href":"https:\/\/heritagehubkrakow.org\/pl\/wp-json\/wp\/v2\/types\/post"}],"author":[{"embeddable":true,"href":"https:\/\/heritagehubkrakow.org\/pl\/wp-json\/wp\/v2\/users\/7"}],"replies":[{"embeddable":true,"href":"https:\/\/heritagehubkrakow.org\/pl\/wp-json\/wp\/v2\/comments?post=6377"}],"version-history":[{"count":7,"href":"https:\/\/heritagehubkrakow.org\/pl\/wp-json\/wp\/v2\/posts\/6377\/revisions"}],"predecessor-version":[{"id":6465,"href":"https:\/\/heritagehubkrakow.org\/pl\/wp-json\/wp\/v2\/posts\/6377\/revisions\/6465"}],"wp:featuredmedia":[{"embeddable":true,"href":"https:\/\/heritagehubkrakow.org\/pl\/wp-json\/wp\/v2\/media\/6394"}],"wp:attachment":[{"href":"https:\/\/heritagehubkrakow.org\/pl\/wp-json\/wp\/v2\/media?parent=6377"}],"wp:term":[{"taxonomy":"category","embeddable":true,"href":"https:\/\/heritagehubkrakow.org\/pl\/wp-json\/wp\/v2\/categories?post=6377"},{"taxonomy":"post_tag","embeddable":true,"href":"https:\/\/heritagehubkrakow.org\/pl\/wp-json\/wp\/v2\/tags?post=6377"}],"curies":[{"name":"wp","href":"https:\/\/api.w.org\/{rel}","templated":true}]}}