{"id":6726,"date":"2024-12-24T07:30:11","date_gmt":"2024-12-24T07:30:11","guid":{"rendered":"https:\/\/heritagehubkrakow.org\/?p=6726"},"modified":"2024-12-24T11:57:11","modified_gmt":"2024-12-24T11:57:11","slug":"swiateczny-podcast-o-szopce-krakowskiej","status":"publish","type":"post","link":"https:\/\/heritagehubkrakow.org\/pl\/swiateczny-podcast-o-szopce-krakowskiej\/","title":{"rendered":"\u015awi\u0105teczny podcast o szopce krakowskiej"},"content":{"rendered":"<div class=\"is-style-section-container, has-white-text is-style-section-container wp-block-group alignfull has-red-background-color has-background eplus-wrapper is-layout-constrained wp-block-group-is-layout-constrained eplus-styles-uid-2d17b3\"><div class=\"is-style-section-container wp-block-group alignfull eplus-wrapper is-layout-constrained wp-block-group-is-layout-constrained eplus-styles-uid-38b380\"><div class=\"has-white-text wp-block-group alignfull has-white-color has-text-color eplus-wrapper is-layout-constrained wp-block-group-is-layout-constrained eplus-styles-uid-0ed7c1\"><h1 class=\" wp-block-heading has-text-align-center eplus-wrapper eplus-styles-uid-49faf1\"><strong><strong><strong><strong><strong><strong><strong><strong><strong><strong><strong><strong><strong><strong>\u015awi\u0105teczny podcast o szopce krakowskiej<\/strong><\/strong><\/strong><\/strong><\/strong><\/strong><\/strong><\/strong><\/strong><\/strong><\/strong><\/strong><\/strong><\/strong><br><div><b style='color: rgb(85, 85, 85); font-family: -apple-system, BlinkMacSystemFont, \"Helvetica Neue\", \"Segoe UI\", Arial, sans-serif, \"Apple Color Emoji\", \"Segoe UI Emoji\", \"Segoe UI Symbol\"; font-size: 13px; text-align: start; text-transform: none; white-space-collapse: collapse;'><\/b><\/div><\/h1>\n\n<div class=\"yoast-breadcrumbs\"><span><span><a href=\"https:\/\/heritagehubkrakow.org\/pl\/\">Homepage<\/a><\/span> &#8211; <span class=\"breadcrumb_last\" aria-current=\"page\">\u015awi\u0105teczny podcast o szopce krakowskiej<\/span><\/span><\/div><\/div><\/div><\/div>\n\n<div class=\"is-style-section-container wp-block-group alignfull has-green-dark-background-color has-background eplus-wrapper is-layout-constrained wp-block-group-is-layout-constrained eplus-styles-uid-4c6cdd\"><div class=\"wp-block-group alignfull has-green-dark-background-color has-background eplus-wrapper is-layout-constrained wp-block-group-is-layout-constrained eplus-styles-uid-24f6f4\">\n<div class=\"wp-block-group eplus-wrapper is-layout-constrained wp-block-group-is-layout-constrained\"><div class=\"wp-block-group eplus-wrapper is-content-justification-center is-layout-flex wp-container-core-group-is-layout-8ee2ad45 wp-block-group-is-layout-flex eplus-styles-uid-117bd0\"><div class=\"article-date wp-block-post-date\"><time datetime=\"2024-12-24T07:30:11+00:00\">24 grudnia 2024<\/time><\/div><\/div>\n\n<div class=\"wp-block-group eplus-wrapper is-layout-constrained wp-block-group-is-layout-constrained eplus-styles-uid-ba2e4b\"><div class=\"taxonomy-post_tag has-text-align-center article-tags wp-block-post-terms eplus-styles-uid-d35575\"><a href=\"https:\/\/heritagehubkrakow.org\/pl\/tag\/holistic-heritage-pl\/\" rel=\"tag\">Holistic Heritage<\/a><span class=\"wp-block-post-terms__separator\"> <\/span><a href=\"https:\/\/heritagehubkrakow.org\/pl\/tag\/podcast-pl\/\" rel=\"tag\">Podcast<\/a><span class=\"wp-block-post-terms__separator\"> <\/span><a href=\"https:\/\/heritagehubkrakow.org\/pl\/tag\/projekt\/\" rel=\"tag\">Projekt<\/a><span class=\"wp-block-post-terms__separator\"> <\/span><a href=\"https:\/\/heritagehubkrakow.org\/pl\/tag\/projekt-pl\/\" rel=\"tag\">Projekt<\/a><span class=\"wp-block-post-terms__suffix\"> <\/span><\/div><\/div><\/div>\n\n\n\n<p class=\" eplus-wrapper\"><strong>Pierwszy czwartek grudnia. Rynek G\u0142\u00f3wny w Krakowie. Podczas gdy u podn\u00f3\u017ca Wie\u017cy Ratuszowej trwaj\u0105 przygotowania do jarmarku bo\u017conarodzeniowego, po drugiej stronie Sukiennic t\u0142umy zbieraj\u0105 si\u0119 wok\u00f3\u0142 pomnika Adama Mickiewicza. Ju\u017c za chwil\u0119 dowiemy si\u0119, kto zwyci\u0119\u017cy\u0142 w tegorocznym Konkursie Szopek Krakowskich. W tym roku to ju\u017c jego 82. edycja!<\/strong><\/p>\n\n\n\n<p class=\" eplus-wrapper\">Szopki krakowskie maj\u0105 d\u0142ug\u0105 histori\u0119 si\u0119gaj\u0105c\u0105 XIX wieku, a od 1937 roku szopkarze rywalizuj\u0105 w konkursie na te najpi\u0119kniejsze. Te wyj\u0105tkowe dzie\u0142a sztuki to nie tylko tradycyjne przedstawienia sceny narodzenia Jezusa sprzed dw\u00f3ch tysi\u0119cy lat, z Maryj\u0105, J\u00f3zefem i pasterzami. Opr\u00f3cz typowych element\u00f3w chrze\u015bcija\u0144skiego \u015bwi\u0119ta Bo\u017cego Narodzenia krakowskie szopki wyr\u00f3\u017cniaj\u0105 si\u0119 niezwyk\u0142\u0105 technik\u0105 wykonania oraz bogatym regionalnym symbolizmem. Dzi\u0119ki temu ka\u017cda z nich opowiada unikaln\u0105 histori\u0119, wzbogacaj\u0105c \u015bwi\u0105teczn\u0105 atmosfer\u0119 Krakowa.<\/p>\n\n\n\n<p class=\" eplus-wrapper\">W 2018 roku ta kolorowa, \u017cywa tradycja zosta\u0142a wpisana na Reprezentatywn\u0105 list\u0119 niematerialnego dziedzictwa kulturowego ludzko\u015bci UNESCO. Jakie tajemnice skrywaj\u0105 te barwne dzie\u0142a sztuki? John Beauchamp i dr Katarzyna Jagodzi\u0144ska rozmawiaj\u0105 o tym z dr. Andrzejem Szok\u0105, szefem Centrum Interpretacji Niematerialnego Dziedzictwa Krakowa (cz\u0119\u015bci Muzeum Krakowa). Zach\u0119camy do wys\u0142uchania kolejnego odcinka podcastu \u201eHolistic Heritage\u201d, w kt\u00f3rym odkrywamy sekrety tego unikalnego dziedzictwa i badamy przyczyny, dzi\u0119ki kt\u00f3rym szopki krakowskie zachwycaj\u0105 kolejne pokolenia! <\/p>\n\n\n\n<p class=\" eplus-wrapper\"><\/p>\n\n\n\n<div class=\"wp-block-buttons eplus-wrapper is-layout-flex wp-block-buttons-is-layout-flex\"><div class=\" wp-block-button eplus-wrapper eplus-styles-uid-140f8d\"><a class=\"wp-block-button__link wp-element-button\" href=\"https:\/\/heritagehubkrakow.org\/pl\/project\/swiateczny-podcast-o-szopce-krakowskiej\/\">POS\u0141UCHAJ!<\/a><\/div><\/div>\n\n\n\n<p class=\" eplus-wrapper\"><\/p>\n\n\n\n<p class=\" eplus-wrapper\"><\/p>\n\n\n\n<div class=\"wp-block-buttons eplus-wrapper is-layout-flex wp-block-buttons-is-layout-flex\"><\/div>\n\n\n\n<div class=\"wp-block-group eplus-wrapper is-layout-constrained wp-block-group-is-layout-constrained\"><\/div>\n<\/div><\/div>\n\n<div class=\"is-style-section-container wp-block-group alignfull has-blue-light-background-color has-background eplus-wrapper is-layout-constrained wp-block-group-is-layout-constrained eplus-styles-uid-4c6cdd\"><\/div>\n\n<div class=\"is-style-section-container wp-block-group alignfull has-orange-background-color has-background eplus-wrapper is-layout-constrained wp-block-group-is-layout-constrained eplus-styles-uid-4c6cdd\">\n<div class=\"wp-block-group alignfull eplus-wrapper is-layout-constrained wp-block-group-is-layout-constrained\"><\/div>\n<\/div>\n\n\n<p class=\" eplus-wrapper\"><\/p>\n","protected":false},"excerpt":{"rendered":"<p>W 2018 roku szopkarstwo krakowskie trafi\u0142o na Reprezentatywn\u0105 list\u0119 niematerialnego dziedzictwa kulturowego ludzko\u015bci UNESCO. Jakie tajemnice skrywaj\u0105 te barwne dzie\u0142a sztuki? Co sprawia, \u017ce szopki krakowskie zachwycaj\u0105 kolejne pokolenia? Zach\u0119camy do wys\u0142uchania \u015bwi\u0105tecznego odcinka podcastu \u201eHolistic Heritage\u201d, w kt\u00f3rym John Beauchamp i dr Katarzyna Jagodzi\u0144ska, w rozmowie z dr. Andrzejem Szok\u0105, szefem Centrum Interpretacji Niematerialnego Dziedzictwa Krakowa (cz\u0119\u015bci Muzeum Krakowa), odkrywaj\u0105 ich unikaln\u0105 histori\u0119, wzbogacaj\u0105c\u0105 \u015bwi\u0105teczn\u0105 atmosfer\u0119 Krakowa.<\/p>\n","protected":false},"author":7,"featured_media":6725,"comment_status":"open","ping_status":"open","sticky":true,"template":"","format":"standard","meta":{"_acf_changed":false,"editor_plus_copied_stylings":"{}","footnotes":""},"categories":[16],"tags":[156,109,44,77],"class_list":["post-6726","post","type-post","status-publish","format-standard","has-post-thumbnail","hentry","category-bez-kategorii","tag-holistic-heritage-pl","tag-podcast-pl","tag-projekt","tag-projekt-pl"],"acf":[],"yoast_head":"<!-- This site is optimized with the Yoast SEO plugin v23.8 - https:\/\/yoast.com\/wordpress\/plugins\/seo\/ -->\n<title>\u015awi\u0105teczny podcast o szopce krakowskiej - Europa Nostra<\/title>\n<meta name=\"description\" content=\"W 2018 roku szopkarstwo krakowskie trafi\u0142o na Reprezentatywn\u0105 list\u0119 niematerialnego dziedzictwa kulturowego ludzko\u015bci UNESCO. Jakie tajemnice skrywaj\u0105 te barwne dzie\u0142a sztuki? Co sprawia, \u017ce szopki krakowskie zachwycaj\u0105 kolejne pokolenia? Zach\u0119camy do wys\u0142uchania \u015bwi\u0105tecznego odcinka podcastu \u201eHolistic Heritage\u201d, w kt\u00f3rym John Beauchamp i dr Katarzyna Jagodzi\u0144ska, w rozmowie z dr. Andrzejem Szok\u0105, szefem Centrum Interpretacji Niematerialnego Dziedzictwa Krakowa (cz\u0119\u015bci Muzeum Krakowa), odkrywaj\u0105 ich unikaln\u0105 histori\u0119, wzbogacaj\u0105c\u0105 \u015bwi\u0105teczn\u0105 atmosfer\u0119 Krakowa.\" \/>\n<meta name=\"robots\" content=\"index, follow, max-snippet:-1, max-image-preview:large, max-video-preview:-1\" \/>\n<link rel=\"canonical\" href=\"https:\/\/heritagehubkrakow.org\/pl\/swiateczny-podcast-o-szopce-krakowskiej\/\" \/>\n<meta property=\"og:locale\" content=\"pl_PL\" \/>\n<meta property=\"og:type\" content=\"article\" \/>\n<meta property=\"og:title\" content=\"\u015awi\u0105teczny podcast o szopce krakowskiej - Europa Nostra\" \/>\n<meta property=\"og:description\" content=\"W 2018 roku szopkarstwo krakowskie trafi\u0142o na Reprezentatywn\u0105 list\u0119 niematerialnego dziedzictwa kulturowego ludzko\u015bci UNESCO. Jakie tajemnice skrywaj\u0105 te barwne dzie\u0142a sztuki? Co sprawia, \u017ce szopki krakowskie zachwycaj\u0105 kolejne pokolenia? Zach\u0119camy do wys\u0142uchania \u015bwi\u0105tecznego odcinka podcastu \u201eHolistic Heritage\u201d, w kt\u00f3rym John Beauchamp i dr Katarzyna Jagodzi\u0144ska, w rozmowie z dr. Andrzejem Szok\u0105, szefem Centrum Interpretacji Niematerialnego Dziedzictwa Krakowa (cz\u0119\u015bci Muzeum Krakowa), odkrywaj\u0105 ich unikaln\u0105 histori\u0119, wzbogacaj\u0105c\u0105 \u015bwi\u0105teczn\u0105 atmosfer\u0119 Krakowa.\" \/>\n<meta property=\"og:url\" content=\"https:\/\/heritagehubkrakow.org\/pl\/swiateczny-podcast-o-szopce-krakowskiej\/\" \/>\n<meta property=\"og:site_name\" content=\"Europa Nostra\" \/>\n<meta property=\"article:published_time\" content=\"2024-12-24T07:30:11+00:00\" \/>\n<meta property=\"article:modified_time\" content=\"2024-12-24T11:57:11+00:00\" \/>\n<meta property=\"og:image\" content=\"https:\/\/heritagehubkrakow.org\/wp-content\/uploads\/2024\/12\/TMHiZK_podcast_Holistic_spotify-12-1.jpg\" \/>\n\t<meta property=\"og:image:width\" content=\"1200\" \/>\n\t<meta property=\"og:image:height\" content=\"1200\" \/>\n\t<meta property=\"og:image:type\" content=\"image\/jpeg\" \/>\n<meta name=\"author\" content=\"Lukasz\" \/>\n<meta name=\"twitter:card\" content=\"summary_large_image\" \/>\n<meta name=\"twitter:label1\" content=\"Napisane przez\" \/>\n\t<meta name=\"twitter:data1\" content=\"Lukasz\" \/>\n\t<meta name=\"twitter:label2\" content=\"Szacowany czas czytania\" \/>\n\t<meta name=\"twitter:data2\" content=\"1 minuta\" \/>\n<script type=\"application\/ld+json\" class=\"yoast-schema-graph\">{\"@context\":\"https:\/\/schema.org\",\"@graph\":[{\"@type\":\"Article\",\"@id\":\"https:\/\/heritagehubkrakow.org\/pl\/swiateczny-podcast-o-szopce-krakowskiej\/#article\",\"isPartOf\":{\"@id\":\"https:\/\/heritagehubkrakow.org\/pl\/swiateczny-podcast-o-szopce-krakowskiej\/\"},\"author\":{\"name\":\"Lukasz\",\"@id\":\"https:\/\/heritagehubkrakow.org\/pl\/#\/schema\/person\/112a7abbe48503b2f32e56abc46af660\"},\"headline\":\"\u015awi\u0105teczny podcast o szopce krakowskiej\",\"datePublished\":\"2024-12-24T07:30:11+00:00\",\"dateModified\":\"2024-12-24T11:57:11+00:00\",\"mainEntityOfPage\":{\"@id\":\"https:\/\/heritagehubkrakow.org\/pl\/swiateczny-podcast-o-szopce-krakowskiej\/\"},\"wordCount\":237,\"commentCount\":0,\"publisher\":{\"@id\":\"https:\/\/heritagehubkrakow.org\/pl\/#organization\"},\"image\":{\"@id\":\"https:\/\/heritagehubkrakow.org\/pl\/swiateczny-podcast-o-szopce-krakowskiej\/#primaryimage\"},\"thumbnailUrl\":\"https:\/\/heritagehubkrakow.org\/wp-content\/uploads\/2024\/12\/TMHiZK_podcast_Holistic_spotify-12-1.jpg\",\"keywords\":[\"Holistic Heritage\",\"Podcast\",\"Projekt\",\"Projekt\"],\"inLanguage\":\"pl-PL\",\"potentialAction\":[{\"@type\":\"CommentAction\",\"name\":\"Comment\",\"target\":[\"https:\/\/heritagehubkrakow.org\/pl\/swiateczny-podcast-o-szopce-krakowskiej\/#respond\"]}]},{\"@type\":\"WebPage\",\"@id\":\"https:\/\/heritagehubkrakow.org\/pl\/swiateczny-podcast-o-szopce-krakowskiej\/\",\"url\":\"https:\/\/heritagehubkrakow.org\/pl\/swiateczny-podcast-o-szopce-krakowskiej\/\",\"name\":\"\u015awi\u0105teczny podcast o szopce krakowskiej - Europa Nostra\",\"isPartOf\":{\"@id\":\"https:\/\/heritagehubkrakow.org\/pl\/#website\"},\"primaryImageOfPage\":{\"@id\":\"https:\/\/heritagehubkrakow.org\/pl\/swiateczny-podcast-o-szopce-krakowskiej\/#primaryimage\"},\"image\":{\"@id\":\"https:\/\/heritagehubkrakow.org\/pl\/swiateczny-podcast-o-szopce-krakowskiej\/#primaryimage\"},\"thumbnailUrl\":\"https:\/\/heritagehubkrakow.org\/wp-content\/uploads\/2024\/12\/TMHiZK_podcast_Holistic_spotify-12-1.jpg\",\"datePublished\":\"2024-12-24T07:30:11+00:00\",\"dateModified\":\"2024-12-24T11:57:11+00:00\",\"description\":\"W 2018 roku szopkarstwo krakowskie trafi\u0142o na Reprezentatywn\u0105 list\u0119 niematerialnego dziedzictwa kulturowego ludzko\u015bci UNESCO. Jakie tajemnice skrywaj\u0105 te barwne dzie\u0142a sztuki? Co sprawia, \u017ce szopki krakowskie zachwycaj\u0105 kolejne pokolenia? Zach\u0119camy do wys\u0142uchania \u015bwi\u0105tecznego odcinka podcastu \u201eHolistic Heritage\u201d, w kt\u00f3rym John Beauchamp i dr Katarzyna Jagodzi\u0144ska, w rozmowie z dr. Andrzejem Szok\u0105, szefem Centrum Interpretacji Niematerialnego Dziedzictwa Krakowa (cz\u0119\u015bci Muzeum Krakowa), odkrywaj\u0105 ich unikaln\u0105 histori\u0119, wzbogacaj\u0105c\u0105 \u015bwi\u0105teczn\u0105 atmosfer\u0119 Krakowa.\",\"breadcrumb\":{\"@id\":\"https:\/\/heritagehubkrakow.org\/pl\/swiateczny-podcast-o-szopce-krakowskiej\/#breadcrumb\"},\"inLanguage\":\"pl-PL\",\"potentialAction\":[{\"@type\":\"ReadAction\",\"target\":[\"https:\/\/heritagehubkrakow.org\/pl\/swiateczny-podcast-o-szopce-krakowskiej\/\"]}]},{\"@type\":\"ImageObject\",\"inLanguage\":\"pl-PL\",\"@id\":\"https:\/\/heritagehubkrakow.org\/pl\/swiateczny-podcast-o-szopce-krakowskiej\/#primaryimage\",\"url\":\"https:\/\/heritagehubkrakow.org\/wp-content\/uploads\/2024\/12\/TMHiZK_podcast_Holistic_spotify-12-1.jpg\",\"contentUrl\":\"https:\/\/heritagehubkrakow.org\/wp-content\/uploads\/2024\/12\/TMHiZK_podcast_Holistic_spotify-12-1.jpg\",\"width\":1200,\"height\":1200},{\"@type\":\"BreadcrumbList\",\"@id\":\"https:\/\/heritagehubkrakow.org\/pl\/swiateczny-podcast-o-szopce-krakowskiej\/#breadcrumb\",\"itemListElement\":[{\"@type\":\"ListItem\",\"position\":1,\"name\":\"Homepage\",\"item\":\"https:\/\/heritagehubkrakow.org\/pl\/\"},{\"@type\":\"ListItem\",\"position\":2,\"name\":\"\u015awi\u0105teczny podcast o szopce krakowskiej\"}]},{\"@type\":\"WebSite\",\"@id\":\"https:\/\/heritagehubkrakow.org\/pl\/#website\",\"url\":\"https:\/\/heritagehubkrakow.org\/pl\/\",\"name\":\"Europa Nostra\",\"description\":\"Heritage Hub for Central and Eastern Europe\",\"publisher\":{\"@id\":\"https:\/\/heritagehubkrakow.org\/pl\/#organization\"},\"potentialAction\":[{\"@type\":\"SearchAction\",\"target\":{\"@type\":\"EntryPoint\",\"urlTemplate\":\"https:\/\/heritagehubkrakow.org\/pl\/?s={search_term_string}\"},\"query-input\":{\"@type\":\"PropertyValueSpecification\",\"valueRequired\":true,\"valueName\":\"search_term_string\"}}],\"inLanguage\":\"pl-PL\"},{\"@type\":\"Organization\",\"@id\":\"https:\/\/heritagehubkrakow.org\/pl\/#organization\",\"name\":\"Europa Nostra\",\"url\":\"https:\/\/heritagehubkrakow.org\/pl\/\",\"logo\":{\"@type\":\"ImageObject\",\"inLanguage\":\"pl-PL\",\"@id\":\"https:\/\/heritagehubkrakow.org\/pl\/#\/schema\/logo\/image\/\",\"url\":\"https:\/\/heritagehubkrakow.org\/wp-content\/uploads\/2023\/01\/europa-logo.png\",\"contentUrl\":\"https:\/\/heritagehubkrakow.org\/wp-content\/uploads\/2023\/01\/europa-logo.png\",\"width\":218,\"height\":237,\"caption\":\"Europa Nostra\"},\"image\":{\"@id\":\"https:\/\/heritagehubkrakow.org\/pl\/#\/schema\/logo\/image\/\"}},{\"@type\":\"Person\",\"@id\":\"https:\/\/heritagehubkrakow.org\/pl\/#\/schema\/person\/112a7abbe48503b2f32e56abc46af660\",\"name\":\"Lukasz\",\"image\":{\"@type\":\"ImageObject\",\"inLanguage\":\"pl-PL\",\"@id\":\"https:\/\/heritagehubkrakow.org\/pl\/#\/schema\/person\/image\/\",\"url\":\"https:\/\/secure.gravatar.com\/avatar\/ad98e1210139ce861e9a29f33990fb143471357f24b3f9df1095f3e51e7a4f52?s=96&d=mm&r=g\",\"contentUrl\":\"https:\/\/secure.gravatar.com\/avatar\/ad98e1210139ce861e9a29f33990fb143471357f24b3f9df1095f3e51e7a4f52?s=96&d=mm&r=g\",\"caption\":\"Lukasz\"},\"url\":\"https:\/\/heritagehubkrakow.org\/pl\/author\/lukasz-pierog\/\"}]}<\/script>\n<!-- \/ Yoast SEO plugin. -->","yoast_head_json":{"title":"\u015awi\u0105teczny podcast o szopce krakowskiej - Europa Nostra","description":"W 2018 roku szopkarstwo krakowskie trafi\u0142o na Reprezentatywn\u0105 list\u0119 niematerialnego dziedzictwa kulturowego ludzko\u015bci UNESCO. Jakie tajemnice skrywaj\u0105 te barwne dzie\u0142a sztuki? Co sprawia, \u017ce szopki krakowskie zachwycaj\u0105 kolejne pokolenia? Zach\u0119camy do wys\u0142uchania \u015bwi\u0105tecznego odcinka podcastu \u201eHolistic Heritage\u201d, w kt\u00f3rym John Beauchamp i dr Katarzyna Jagodzi\u0144ska, w rozmowie z dr. Andrzejem Szok\u0105, szefem Centrum Interpretacji Niematerialnego Dziedzictwa Krakowa (cz\u0119\u015bci Muzeum Krakowa), odkrywaj\u0105 ich unikaln\u0105 histori\u0119, wzbogacaj\u0105c\u0105 \u015bwi\u0105teczn\u0105 atmosfer\u0119 Krakowa.","robots":{"index":"index","follow":"follow","max-snippet":"max-snippet:-1","max-image-preview":"max-image-preview:large","max-video-preview":"max-video-preview:-1"},"canonical":"https:\/\/heritagehubkrakow.org\/pl\/swiateczny-podcast-o-szopce-krakowskiej\/","og_locale":"pl_PL","og_type":"article","og_title":"\u015awi\u0105teczny podcast o szopce krakowskiej - Europa Nostra","og_description":"W 2018 roku szopkarstwo krakowskie trafi\u0142o na Reprezentatywn\u0105 list\u0119 niematerialnego dziedzictwa kulturowego ludzko\u015bci UNESCO. Jakie tajemnice skrywaj\u0105 te barwne dzie\u0142a sztuki? Co sprawia, \u017ce szopki krakowskie zachwycaj\u0105 kolejne pokolenia? Zach\u0119camy do wys\u0142uchania \u015bwi\u0105tecznego odcinka podcastu \u201eHolistic Heritage\u201d, w kt\u00f3rym John Beauchamp i dr Katarzyna Jagodzi\u0144ska, w rozmowie z dr. Andrzejem Szok\u0105, szefem Centrum Interpretacji Niematerialnego Dziedzictwa Krakowa (cz\u0119\u015bci Muzeum Krakowa), odkrywaj\u0105 ich unikaln\u0105 histori\u0119, wzbogacaj\u0105c\u0105 \u015bwi\u0105teczn\u0105 atmosfer\u0119 Krakowa.","og_url":"https:\/\/heritagehubkrakow.org\/pl\/swiateczny-podcast-o-szopce-krakowskiej\/","og_site_name":"Europa Nostra","article_published_time":"2024-12-24T07:30:11+00:00","article_modified_time":"2024-12-24T11:57:11+00:00","og_image":[{"width":1200,"height":1200,"url":"https:\/\/heritagehubkrakow.org\/wp-content\/uploads\/2024\/12\/TMHiZK_podcast_Holistic_spotify-12-1.jpg","type":"image\/jpeg"}],"author":"Lukasz","twitter_card":"summary_large_image","twitter_misc":{"Napisane przez":"Lukasz","Szacowany czas czytania":"1 minuta"},"schema":{"@context":"https:\/\/schema.org","@graph":[{"@type":"Article","@id":"https:\/\/heritagehubkrakow.org\/pl\/swiateczny-podcast-o-szopce-krakowskiej\/#article","isPartOf":{"@id":"https:\/\/heritagehubkrakow.org\/pl\/swiateczny-podcast-o-szopce-krakowskiej\/"},"author":{"name":"Lukasz","@id":"https:\/\/heritagehubkrakow.org\/pl\/#\/schema\/person\/112a7abbe48503b2f32e56abc46af660"},"headline":"\u015awi\u0105teczny podcast o szopce krakowskiej","datePublished":"2024-12-24T07:30:11+00:00","dateModified":"2024-12-24T11:57:11+00:00","mainEntityOfPage":{"@id":"https:\/\/heritagehubkrakow.org\/pl\/swiateczny-podcast-o-szopce-krakowskiej\/"},"wordCount":237,"commentCount":0,"publisher":{"@id":"https:\/\/heritagehubkrakow.org\/pl\/#organization"},"image":{"@id":"https:\/\/heritagehubkrakow.org\/pl\/swiateczny-podcast-o-szopce-krakowskiej\/#primaryimage"},"thumbnailUrl":"https:\/\/heritagehubkrakow.org\/wp-content\/uploads\/2024\/12\/TMHiZK_podcast_Holistic_spotify-12-1.jpg","keywords":["Holistic Heritage","Podcast","Projekt","Projekt"],"inLanguage":"pl-PL","potentialAction":[{"@type":"CommentAction","name":"Comment","target":["https:\/\/heritagehubkrakow.org\/pl\/swiateczny-podcast-o-szopce-krakowskiej\/#respond"]}]},{"@type":"WebPage","@id":"https:\/\/heritagehubkrakow.org\/pl\/swiateczny-podcast-o-szopce-krakowskiej\/","url":"https:\/\/heritagehubkrakow.org\/pl\/swiateczny-podcast-o-szopce-krakowskiej\/","name":"\u015awi\u0105teczny podcast o szopce krakowskiej - Europa Nostra","isPartOf":{"@id":"https:\/\/heritagehubkrakow.org\/pl\/#website"},"primaryImageOfPage":{"@id":"https:\/\/heritagehubkrakow.org\/pl\/swiateczny-podcast-o-szopce-krakowskiej\/#primaryimage"},"image":{"@id":"https:\/\/heritagehubkrakow.org\/pl\/swiateczny-podcast-o-szopce-krakowskiej\/#primaryimage"},"thumbnailUrl":"https:\/\/heritagehubkrakow.org\/wp-content\/uploads\/2024\/12\/TMHiZK_podcast_Holistic_spotify-12-1.jpg","datePublished":"2024-12-24T07:30:11+00:00","dateModified":"2024-12-24T11:57:11+00:00","description":"W 2018 roku szopkarstwo krakowskie trafi\u0142o na Reprezentatywn\u0105 list\u0119 niematerialnego dziedzictwa kulturowego ludzko\u015bci UNESCO. Jakie tajemnice skrywaj\u0105 te barwne dzie\u0142a sztuki? Co sprawia, \u017ce szopki krakowskie zachwycaj\u0105 kolejne pokolenia? Zach\u0119camy do wys\u0142uchania \u015bwi\u0105tecznego odcinka podcastu \u201eHolistic Heritage\u201d, w kt\u00f3rym John Beauchamp i dr Katarzyna Jagodzi\u0144ska, w rozmowie z dr. Andrzejem Szok\u0105, szefem Centrum Interpretacji Niematerialnego Dziedzictwa Krakowa (cz\u0119\u015bci Muzeum Krakowa), odkrywaj\u0105 ich unikaln\u0105 histori\u0119, wzbogacaj\u0105c\u0105 \u015bwi\u0105teczn\u0105 atmosfer\u0119 Krakowa.","breadcrumb":{"@id":"https:\/\/heritagehubkrakow.org\/pl\/swiateczny-podcast-o-szopce-krakowskiej\/#breadcrumb"},"inLanguage":"pl-PL","potentialAction":[{"@type":"ReadAction","target":["https:\/\/heritagehubkrakow.org\/pl\/swiateczny-podcast-o-szopce-krakowskiej\/"]}]},{"@type":"ImageObject","inLanguage":"pl-PL","@id":"https:\/\/heritagehubkrakow.org\/pl\/swiateczny-podcast-o-szopce-krakowskiej\/#primaryimage","url":"https:\/\/heritagehubkrakow.org\/wp-content\/uploads\/2024\/12\/TMHiZK_podcast_Holistic_spotify-12-1.jpg","contentUrl":"https:\/\/heritagehubkrakow.org\/wp-content\/uploads\/2024\/12\/TMHiZK_podcast_Holistic_spotify-12-1.jpg","width":1200,"height":1200},{"@type":"BreadcrumbList","@id":"https:\/\/heritagehubkrakow.org\/pl\/swiateczny-podcast-o-szopce-krakowskiej\/#breadcrumb","itemListElement":[{"@type":"ListItem","position":1,"name":"Homepage","item":"https:\/\/heritagehubkrakow.org\/pl\/"},{"@type":"ListItem","position":2,"name":"\u015awi\u0105teczny podcast o szopce krakowskiej"}]},{"@type":"WebSite","@id":"https:\/\/heritagehubkrakow.org\/pl\/#website","url":"https:\/\/heritagehubkrakow.org\/pl\/","name":"Europa Nostra","description":"Heritage Hub for Central and Eastern Europe","publisher":{"@id":"https:\/\/heritagehubkrakow.org\/pl\/#organization"},"potentialAction":[{"@type":"SearchAction","target":{"@type":"EntryPoint","urlTemplate":"https:\/\/heritagehubkrakow.org\/pl\/?s={search_term_string}"},"query-input":{"@type":"PropertyValueSpecification","valueRequired":true,"valueName":"search_term_string"}}],"inLanguage":"pl-PL"},{"@type":"Organization","@id":"https:\/\/heritagehubkrakow.org\/pl\/#organization","name":"Europa Nostra","url":"https:\/\/heritagehubkrakow.org\/pl\/","logo":{"@type":"ImageObject","inLanguage":"pl-PL","@id":"https:\/\/heritagehubkrakow.org\/pl\/#\/schema\/logo\/image\/","url":"https:\/\/heritagehubkrakow.org\/wp-content\/uploads\/2023\/01\/europa-logo.png","contentUrl":"https:\/\/heritagehubkrakow.org\/wp-content\/uploads\/2023\/01\/europa-logo.png","width":218,"height":237,"caption":"Europa Nostra"},"image":{"@id":"https:\/\/heritagehubkrakow.org\/pl\/#\/schema\/logo\/image\/"}},{"@type":"Person","@id":"https:\/\/heritagehubkrakow.org\/pl\/#\/schema\/person\/112a7abbe48503b2f32e56abc46af660","name":"Lukasz","image":{"@type":"ImageObject","inLanguage":"pl-PL","@id":"https:\/\/heritagehubkrakow.org\/pl\/#\/schema\/person\/image\/","url":"https:\/\/secure.gravatar.com\/avatar\/ad98e1210139ce861e9a29f33990fb143471357f24b3f9df1095f3e51e7a4f52?s=96&d=mm&r=g","contentUrl":"https:\/\/secure.gravatar.com\/avatar\/ad98e1210139ce861e9a29f33990fb143471357f24b3f9df1095f3e51e7a4f52?s=96&d=mm&r=g","caption":"Lukasz"},"url":"https:\/\/heritagehubkrakow.org\/pl\/author\/lukasz-pierog\/"}]}},"_links":{"self":[{"href":"https:\/\/heritagehubkrakow.org\/pl\/wp-json\/wp\/v2\/posts\/6726","targetHints":{"allow":["GET"]}}],"collection":[{"href":"https:\/\/heritagehubkrakow.org\/pl\/wp-json\/wp\/v2\/posts"}],"about":[{"href":"https:\/\/heritagehubkrakow.org\/pl\/wp-json\/wp\/v2\/types\/post"}],"author":[{"embeddable":true,"href":"https:\/\/heritagehubkrakow.org\/pl\/wp-json\/wp\/v2\/users\/7"}],"replies":[{"embeddable":true,"href":"https:\/\/heritagehubkrakow.org\/pl\/wp-json\/wp\/v2\/comments?post=6726"}],"version-history":[{"count":12,"href":"https:\/\/heritagehubkrakow.org\/pl\/wp-json\/wp\/v2\/posts\/6726\/revisions"}],"predecessor-version":[{"id":6764,"href":"https:\/\/heritagehubkrakow.org\/pl\/wp-json\/wp\/v2\/posts\/6726\/revisions\/6764"}],"wp:featuredmedia":[{"embeddable":true,"href":"https:\/\/heritagehubkrakow.org\/pl\/wp-json\/wp\/v2\/media\/6725"}],"wp:attachment":[{"href":"https:\/\/heritagehubkrakow.org\/pl\/wp-json\/wp\/v2\/media?parent=6726"}],"wp:term":[{"taxonomy":"category","embeddable":true,"href":"https:\/\/heritagehubkrakow.org\/pl\/wp-json\/wp\/v2\/categories?post=6726"},{"taxonomy":"post_tag","embeddable":true,"href":"https:\/\/heritagehubkrakow.org\/pl\/wp-json\/wp\/v2\/tags?post=6726"}],"curies":[{"name":"wp","href":"https:\/\/api.w.org\/{rel}","templated":true}]}}