{"id":7200,"date":"2023-04-25T10:13:14","date_gmt":"2023-04-25T10:13:14","guid":{"rendered":"https:\/\/heritagehubkrakow.org\/granty-badawcze-w-archiwum-historycznym-ue-trwa-nabor\/"},"modified":"2023-04-25T10:13:14","modified_gmt":"2023-04-25T10:13:14","slug":"granty-badawcze-w-archiwum-historycznym-ue-trwa-nabor","status":"publish","type":"post","link":"https:\/\/heritagehubkrakow.org\/pl\/granty-badawcze-w-archiwum-historycznym-ue-trwa-nabor\/","title":{"rendered":"Granty badawcze w Archiwum Historycznym UE: trwa nab\u00f3r"},"content":{"rendered":"<div class=\"is-style-section-container, has-white-text is-style-section-container wp-block-group alignfull has-red-background-color has-background eplus-wrapper is-layout-constrained wp-block-group-is-layout-constrained eplus-styles-uid-cd9c93\"><div class=\"is-style-section-container wp-block-group alignfull eplus-wrapper is-layout-constrained wp-block-group-is-layout-constrained eplus-styles-uid-662964\"><div class=\"has-white-text wp-block-group alignfull has-white-color has-text-color eplus-wrapper is-layout-constrained wp-block-group-is-layout-constrained eplus-styles-uid-a78524\"><h1 class=\" wp-block-heading has-text-align-center eplus-wrapper eplus-styles-uid-eee9f7\">Granty badawcze w Archiwum Historycznym UE: trwa nab\u00f3r<\/h1>\n\n<div class=\"yoast-breadcrumbs\"><span><span><a href=\"https:\/\/heritagehubkrakow.org\/pl\/\">Homepage<\/a><\/span> &#8211; <span class=\"breadcrumb_last\" aria-current=\"page\">Granty badawcze w Archiwum Historycznym UE: trwa nab\u00f3r<\/span><\/span><\/div><\/div><\/div><\/div>\n\n<div class=\"is-style-section-container wp-block-group alignfull has-green-dark-background-color has-background eplus-wrapper is-layout-constrained wp-block-group-is-layout-constrained eplus-styles-uid-4c6cdd\"><div class=\"wp-block-group alignfull eplus-wrapper is-layout-constrained wp-block-group-is-layout-constrained eplus-styles-uid-95a17e\">\n<div class=\"wp-block-group eplus-wrapper is-layout-constrained wp-block-group-is-layout-constrained\"><div class=\"wp-block-group eplus-wrapper is-content-justification-center is-layout-flex wp-container-core-group-is-layout-8ee2ad45 wp-block-group-is-layout-flex eplus-styles-uid-cf9c39\"><div class=\"article-date wp-block-post-date\"><time datetime=\"2023-04-25T10:13:14+00:00\">25 kwietnia 2023<\/time><\/div><\/div>\n\n<div class=\"wp-block-group eplus-wrapper is-layout-constrained wp-block-group-is-layout-constrained eplus-styles-uid-ba2e4b\"><div class=\"taxonomy-post_tag has-text-align-center article-tags wp-block-post-terms eplus-styles-uid-d35575\"><a href=\"https:\/\/heritagehubkrakow.org\/pl\/tag\/badaniafinansowanie\/\" rel=\"tag\">Badania|Finansowanie<\/a><span class=\"wp-block-post-terms__suffix\"> <\/span><\/div><\/div>\n\n\n<p class=\" eplus-wrapper\"><strong> <\/strong><a href=\"https:\/\/www.visegradfund.org\/\" target=\"_blank\" rel=\"noreferrer noopener\"><strong>Mi\u0119dzynarodowy Fundusz Wyszehradzki<\/strong><\/a><strong> (IVF) <\/strong>oraz <a href=\"https:\/\/www.eui.eu\" target=\"_blank\" rel=\"noreferrer noopener\"><strong>Europejski Instytut Uniwersytecki<\/strong><\/a><strong> (EUI) <\/strong>oferuj\u0105 granty dla doktorant\u00f3w z Europy \u015arodkowo-Wschodniej zainteresowanych integracj\u0105 europejsk\u0105 oraz prowadzeniem bada\u0144 w <a href=\"https:\/\/www.eui.eu\/en\/academic-units\/historical-archives-of-the-european-union\" target=\"_blank\" rel=\"noreferrer noopener\"><strong>Archiwum Historycznym Unii Europejskiej<\/strong><\/a> <strong>(HAEU)<\/strong>. Wybrani kandydaci otrzymaj\u0105 granty badawcze w wysoko\u015bci 5.000 \u20ac na pokrycie wszystkich koszt\u00f3w bada\u0144. <strong>Termin sk\u0142adania wniosk\u00f3w do programu grantowego up\u0142ywa 30 kwietnia 2023 roku.<\/strong> Kandydaci mog\u0105 aplikowa\u0107 za po\u015brednictwem <a href=\"https:\/\/apply.eui.eu\/osiris_application_euiprd\/WelkomPagina.do?proces=VIF-HAR\" target=\"_blank\" rel=\"noreferrer noopener\"><strong>internetowego formularza aplikacyjnego HAEU<\/strong><\/a><strong>.<\/strong><\/p>\n\n\n<p class=\" eplus-wrapper eplus-styles-uid-eef697\">Program grantowy zapewnia m\u0142odym naukowcom z Czech, W\u0119gier, Polski, S\u0142owacji, Ba\u0142kan\u00f3w Zachodnich oraz region\u00f3w Partnerstwa Wschodniego unikalne do\u015bwiadczenie badawcze w HAEU, osadzone w mi\u0119dzynarodowej spo\u0142eczno\u015bci naukowej EUI we Florencji. Zwyci\u0119scy przygotuj\u0105 publikacj\u0119 (prac\u0119 dyplomow\u0105, rozpraw\u0119, ksi\u0105\u017ck\u0119 lub artyku\u0142 naukowy) w dowolnej dyscyplinie nauk humanistycznych i spo\u0142ecznych (np. prawo, historia, politologia, ekonomia, socjologia, administracja publiczna) dotycz\u0105c\u0105 integracji europejskiej.<\/p>\n\n<p class=\" eplus-wrapper eplus-styles-uid-eef697\"><a href=\"https:\/\/www.eui.eu\/en\/academic-units\/historical-archives-of-the-european-union\" target=\"_blank\" rel=\"noreferrer noopener\">Archiwa Historyczne Unii Europejskiej<\/a> (HAEU) powsta\u0142y w 1983 roku na mocy rozporz\u0105dzenia Rady Wsp\u00f3lnot Europejskich i decyzji Komisji Wsp\u00f3lnot Europejskich o udost\u0119pnieniu swoich archiw\u00f3w historycznych dla spo\u0142ecze\u0144stwa. Podwaliny pod utworzenie Archiwum we Florencji po\u0142o\u017cy\u0142o kolejne porozumienie zawarte w 1984 roku mi\u0119dzy Komisj\u0105 Europejsk\u0105 a Europejskim Instytutem Uniwersyteckim (EUI). HAEU otworzy\u0142o swoje podwoje dla badaczy i publiczno\u015bci w 1986 roku. Od tego czasu ramowa umowa o partnerstwie mi\u0119dzy EUI i Komisj\u0105 Europejsk\u0105 z 2011 roku wzmocni\u0142a rol\u0119 archiw\u00f3w historycznych w zachowaniu i udost\u0119pnianiu zasob\u00f3w archiwalnych instytucji UE. HAEU gromadzi i przechowuje dokumenty os\u00f3b prywatnych, ruch\u00f3w spo\u0142ecznych, jak i organizacji mi\u0119dzynarodowych zaanga\u017cowanych w integracj\u0119 europejsk\u0105. W rezultacie u\u0142atwia badania nad histori\u0105 Unii Europejskiej, promuje zainteresowanie opinii publicznej integracj\u0105 europejsk\u0105 i zwi\u0119ksza przejrzysto\u015b\u0107 funkcjonowania unijnych instytucji.<\/p>\n\n\n<p class=\" eplus-wrapper\">Zach\u0119camy do aplikowania.<\/p>\n\n\n\n<div class=\"wp-block-buttons eplus-wrapper is-layout-flex wp-block-buttons-is-layout-flex\"><div class=\"is-style-black wp-block-button eplus-wrapper eplus-styles-uid-315696\"><a class=\"wp-block-button__link wp-element-button\" href=\"https:\/\/www.eui.eu\/en\/academic-units\/historical-archives-of-the-european-union\/research-support\/international-visegrad-fund-research-grant-programme-2021-2022\" target=\"_blank\" rel=\"noreferrer noopener\">Czytaj wi\u0119cej<\/a><\/div><\/div>\n<\/div>\n<\/div><\/div>\n\n<div class=\"is-style-section-container wp-block-group alignfull has-blue-light-background-color has-background eplus-wrapper is-layout-constrained wp-block-group-is-layout-constrained eplus-styles-uid-4c6cdd\"><div class=\"wp-block-group alignfull eplus-wrapper is-layout-constrained wp-block-group-is-layout-constrained eplus-styles-uid-b49698\">\n<div class=\"wp-block-group eplus-wrapper is-layout-constrained wp-block-group-is-layout-constrained\"><h3 class=\" wp-block-heading has-text-align-center eplus-wrapper eplus-styles-uid-419044\">Odkryj Archiwa Historyczne Unii Europejskiej<\/h3>\n\n\n<figure class=\"wp-embed-aspect-16-9 wp-has-aspect-ratio wp-block-embed is-type-video is-provider-youtube wp-block-embed-youtube eplus-wrapper\"><div class=\"wp-block-embed__wrapper\">\n<iframe loading=\"lazy\" title=\"Discover the Historical Archives of the European Union\" width=\"500\" height=\"281\" src=\"https:\/\/www.youtube.com\/embed\/h3H8QAaDlO0?feature=oembed\" frameborder=\"0\" allow=\"accelerometer; autoplay; clipboard-write; encrypted-media; gyroscope; picture-in-picture; web-share\" referrerpolicy=\"strict-origin-when-cross-origin\" allowfullscreen><\/iframe>\n<\/div><\/figure>\n<\/div>\n<\/div><\/div>\n\n<div class=\"is-style-section-container wp-block-group alignfull has-orange-background-color has-background eplus-wrapper is-layout-constrained wp-block-group-is-layout-constrained eplus-styles-uid-4c6cdd\">\n<div class=\"wp-block-group alignfull eplus-wrapper is-layout-constrained wp-block-group-is-layout-constrained\"><\/div>\n<\/div>","protected":false},"excerpt":{"rendered":"<p>Mi\u0119dzynarodowy Fundusz Wyszehradzki (IVF) i Europejski Instytut Uniwersytecki (EUI) oferuj\u0105 granty dla doktorant\u00f3w z Europy \u015arodkowo-Wschodniej zainteresowanych integracj\u0105 europejsk\u0105 oraz prowadzeniem bada\u0144 w Archiwum Historycznym Unii Europejskiej (HAEU). Wybrani kandydaci otrzymaj\u0105 granty badawcze w wysoko\u015bci 5.000 \u20ac na pokrycie wszystkich koszt\u00f3w bada\u0144.<\/p>\n","protected":false},"author":7,"featured_media":0,"comment_status":"open","ping_status":"open","sticky":false,"template":"","format":"standard","meta":{"_acf_changed":false,"editor_plus_copied_stylings":"{}","footnotes":""},"categories":[16],"tags":[236],"class_list":["post-7200","post","type-post","status-publish","format-standard","hentry","category-bez-kategorii","tag-badaniafinansowanie"],"acf":[],"yoast_head":"<!-- This site is optimized with the Yoast SEO plugin v23.8 - https:\/\/yoast.com\/wordpress\/plugins\/seo\/ -->\n<title>Granty badawcze w Archiwum Historycznym UE: trwa nab\u00f3r - Europa Nostra<\/title>\n<meta name=\"robots\" content=\"index, follow, max-snippet:-1, max-image-preview:large, max-video-preview:-1\" \/>\n<link rel=\"canonical\" href=\"https:\/\/heritagehubkrakow.org\/pl\/granty-badawcze-w-archiwum-historycznym-ue-trwa-nabor\/\" \/>\n<meta property=\"og:locale\" content=\"pl_PL\" \/>\n<meta property=\"og:type\" content=\"article\" \/>\n<meta property=\"og:title\" content=\"Granty badawcze w Archiwum Historycznym UE: trwa nab\u00f3r - Europa Nostra\" \/>\n<meta property=\"og:description\" content=\"Mi\u0119dzynarodowy Fundusz Wyszehradzki (IVF) i Europejski Instytut Uniwersytecki (EUI) oferuj\u0105 granty dla doktorant\u00f3w z Europy \u015arodkowo-Wschodniej zainteresowanych integracj\u0105 europejsk\u0105 oraz prowadzeniem bada\u0144 w Archiwum Historycznym Unii Europejskiej (HAEU). Wybrani kandydaci otrzymaj\u0105 granty badawcze w wysoko\u015bci 5.000 \u20ac na pokrycie wszystkich koszt\u00f3w bada\u0144.\" \/>\n<meta property=\"og:url\" content=\"https:\/\/heritagehubkrakow.org\/pl\/granty-badawcze-w-archiwum-historycznym-ue-trwa-nabor\/\" \/>\n<meta property=\"og:site_name\" content=\"Europa Nostra\" \/>\n<meta property=\"article:published_time\" content=\"2023-04-25T10:13:14+00:00\" \/>\n<meta name=\"author\" content=\"Lukasz\" \/>\n<meta name=\"twitter:card\" content=\"summary_large_image\" \/>\n<meta name=\"twitter:label1\" content=\"Napisane przez\" \/>\n\t<meta name=\"twitter:data1\" content=\"Lukasz\" \/>\n\t<meta name=\"twitter:label2\" content=\"Szacowany czas czytania\" \/>\n\t<meta name=\"twitter:data2\" content=\"2 minuty\" \/>\n<script type=\"application\/ld+json\" class=\"yoast-schema-graph\">{\"@context\":\"https:\/\/schema.org\",\"@graph\":[{\"@type\":\"Article\",\"@id\":\"https:\/\/heritagehubkrakow.org\/pl\/granty-badawcze-w-archiwum-historycznym-ue-trwa-nabor\/#article\",\"isPartOf\":{\"@id\":\"https:\/\/heritagehubkrakow.org\/pl\/granty-badawcze-w-archiwum-historycznym-ue-trwa-nabor\/\"},\"author\":{\"name\":\"Lukasz\",\"@id\":\"https:\/\/heritagehubkrakow.org\/pl\/#\/schema\/person\/112a7abbe48503b2f32e56abc46af660\"},\"headline\":\"Granty badawcze w Archiwum Historycznym UE: trwa nab\u00f3r\",\"datePublished\":\"2023-04-25T10:13:14+00:00\",\"dateModified\":\"2023-04-25T10:13:14+00:00\",\"mainEntityOfPage\":{\"@id\":\"https:\/\/heritagehubkrakow.org\/pl\/granty-badawcze-w-archiwum-historycznym-ue-trwa-nabor\/\"},\"wordCount\":321,\"commentCount\":0,\"publisher\":{\"@id\":\"https:\/\/heritagehubkrakow.org\/pl\/#organization\"},\"keywords\":[\"Badania|Finansowanie\"],\"inLanguage\":\"pl-PL\",\"potentialAction\":[{\"@type\":\"CommentAction\",\"name\":\"Comment\",\"target\":[\"https:\/\/heritagehubkrakow.org\/pl\/granty-badawcze-w-archiwum-historycznym-ue-trwa-nabor\/#respond\"]}]},{\"@type\":\"WebPage\",\"@id\":\"https:\/\/heritagehubkrakow.org\/pl\/granty-badawcze-w-archiwum-historycznym-ue-trwa-nabor\/\",\"url\":\"https:\/\/heritagehubkrakow.org\/pl\/granty-badawcze-w-archiwum-historycznym-ue-trwa-nabor\/\",\"name\":\"Granty badawcze w Archiwum Historycznym UE: trwa nab\u00f3r - Europa Nostra\",\"isPartOf\":{\"@id\":\"https:\/\/heritagehubkrakow.org\/pl\/#website\"},\"datePublished\":\"2023-04-25T10:13:14+00:00\",\"dateModified\":\"2023-04-25T10:13:14+00:00\",\"breadcrumb\":{\"@id\":\"https:\/\/heritagehubkrakow.org\/pl\/granty-badawcze-w-archiwum-historycznym-ue-trwa-nabor\/#breadcrumb\"},\"inLanguage\":\"pl-PL\",\"potentialAction\":[{\"@type\":\"ReadAction\",\"target\":[\"https:\/\/heritagehubkrakow.org\/pl\/granty-badawcze-w-archiwum-historycznym-ue-trwa-nabor\/\"]}]},{\"@type\":\"BreadcrumbList\",\"@id\":\"https:\/\/heritagehubkrakow.org\/pl\/granty-badawcze-w-archiwum-historycznym-ue-trwa-nabor\/#breadcrumb\",\"itemListElement\":[{\"@type\":\"ListItem\",\"position\":1,\"name\":\"Homepage\",\"item\":\"https:\/\/heritagehubkrakow.org\/pl\/\"},{\"@type\":\"ListItem\",\"position\":2,\"name\":\"Granty badawcze w Archiwum Historycznym UE: trwa nab\u00f3r\"}]},{\"@type\":\"WebSite\",\"@id\":\"https:\/\/heritagehubkrakow.org\/pl\/#website\",\"url\":\"https:\/\/heritagehubkrakow.org\/pl\/\",\"name\":\"Europa Nostra\",\"description\":\"Heritage Hub for Central and Eastern Europe\",\"publisher\":{\"@id\":\"https:\/\/heritagehubkrakow.org\/pl\/#organization\"},\"potentialAction\":[{\"@type\":\"SearchAction\",\"target\":{\"@type\":\"EntryPoint\",\"urlTemplate\":\"https:\/\/heritagehubkrakow.org\/pl\/?s={search_term_string}\"},\"query-input\":{\"@type\":\"PropertyValueSpecification\",\"valueRequired\":true,\"valueName\":\"search_term_string\"}}],\"inLanguage\":\"pl-PL\"},{\"@type\":\"Organization\",\"@id\":\"https:\/\/heritagehubkrakow.org\/pl\/#organization\",\"name\":\"Europa Nostra\",\"url\":\"https:\/\/heritagehubkrakow.org\/pl\/\",\"logo\":{\"@type\":\"ImageObject\",\"inLanguage\":\"pl-PL\",\"@id\":\"https:\/\/heritagehubkrakow.org\/pl\/#\/schema\/logo\/image\/\",\"url\":\"https:\/\/heritagehubkrakow.org\/wp-content\/uploads\/2023\/01\/europa-logo.png\",\"contentUrl\":\"https:\/\/heritagehubkrakow.org\/wp-content\/uploads\/2023\/01\/europa-logo.png\",\"width\":218,\"height\":237,\"caption\":\"Europa Nostra\"},\"image\":{\"@id\":\"https:\/\/heritagehubkrakow.org\/pl\/#\/schema\/logo\/image\/\"}},{\"@type\":\"Person\",\"@id\":\"https:\/\/heritagehubkrakow.org\/pl\/#\/schema\/person\/112a7abbe48503b2f32e56abc46af660\",\"name\":\"Lukasz\",\"image\":{\"@type\":\"ImageObject\",\"inLanguage\":\"pl-PL\",\"@id\":\"https:\/\/heritagehubkrakow.org\/pl\/#\/schema\/person\/image\/\",\"url\":\"https:\/\/secure.gravatar.com\/avatar\/ad98e1210139ce861e9a29f33990fb143471357f24b3f9df1095f3e51e7a4f52?s=96&d=mm&r=g\",\"contentUrl\":\"https:\/\/secure.gravatar.com\/avatar\/ad98e1210139ce861e9a29f33990fb143471357f24b3f9df1095f3e51e7a4f52?s=96&d=mm&r=g\",\"caption\":\"Lukasz\"},\"url\":\"https:\/\/heritagehubkrakow.org\/pl\/author\/lukasz-pierog\/\"}]}<\/script>\n<!-- \/ Yoast SEO plugin. -->","yoast_head_json":{"title":"Granty badawcze w Archiwum Historycznym UE: trwa nab\u00f3r - Europa Nostra","robots":{"index":"index","follow":"follow","max-snippet":"max-snippet:-1","max-image-preview":"max-image-preview:large","max-video-preview":"max-video-preview:-1"},"canonical":"https:\/\/heritagehubkrakow.org\/pl\/granty-badawcze-w-archiwum-historycznym-ue-trwa-nabor\/","og_locale":"pl_PL","og_type":"article","og_title":"Granty badawcze w Archiwum Historycznym UE: trwa nab\u00f3r - Europa Nostra","og_description":"Mi\u0119dzynarodowy Fundusz Wyszehradzki (IVF) i Europejski Instytut Uniwersytecki (EUI) oferuj\u0105 granty dla doktorant\u00f3w z Europy \u015arodkowo-Wschodniej zainteresowanych integracj\u0105 europejsk\u0105 oraz prowadzeniem bada\u0144 w Archiwum Historycznym Unii Europejskiej (HAEU). Wybrani kandydaci otrzymaj\u0105 granty badawcze w wysoko\u015bci 5.000 \u20ac na pokrycie wszystkich koszt\u00f3w bada\u0144.","og_url":"https:\/\/heritagehubkrakow.org\/pl\/granty-badawcze-w-archiwum-historycznym-ue-trwa-nabor\/","og_site_name":"Europa Nostra","article_published_time":"2023-04-25T10:13:14+00:00","author":"Lukasz","twitter_card":"summary_large_image","twitter_misc":{"Napisane przez":"Lukasz","Szacowany czas czytania":"2 minuty"},"schema":{"@context":"https:\/\/schema.org","@graph":[{"@type":"Article","@id":"https:\/\/heritagehubkrakow.org\/pl\/granty-badawcze-w-archiwum-historycznym-ue-trwa-nabor\/#article","isPartOf":{"@id":"https:\/\/heritagehubkrakow.org\/pl\/granty-badawcze-w-archiwum-historycznym-ue-trwa-nabor\/"},"author":{"name":"Lukasz","@id":"https:\/\/heritagehubkrakow.org\/pl\/#\/schema\/person\/112a7abbe48503b2f32e56abc46af660"},"headline":"Granty badawcze w Archiwum Historycznym UE: trwa nab\u00f3r","datePublished":"2023-04-25T10:13:14+00:00","dateModified":"2023-04-25T10:13:14+00:00","mainEntityOfPage":{"@id":"https:\/\/heritagehubkrakow.org\/pl\/granty-badawcze-w-archiwum-historycznym-ue-trwa-nabor\/"},"wordCount":321,"commentCount":0,"publisher":{"@id":"https:\/\/heritagehubkrakow.org\/pl\/#organization"},"keywords":["Badania|Finansowanie"],"inLanguage":"pl-PL","potentialAction":[{"@type":"CommentAction","name":"Comment","target":["https:\/\/heritagehubkrakow.org\/pl\/granty-badawcze-w-archiwum-historycznym-ue-trwa-nabor\/#respond"]}]},{"@type":"WebPage","@id":"https:\/\/heritagehubkrakow.org\/pl\/granty-badawcze-w-archiwum-historycznym-ue-trwa-nabor\/","url":"https:\/\/heritagehubkrakow.org\/pl\/granty-badawcze-w-archiwum-historycznym-ue-trwa-nabor\/","name":"Granty badawcze w Archiwum Historycznym UE: trwa nab\u00f3r - Europa Nostra","isPartOf":{"@id":"https:\/\/heritagehubkrakow.org\/pl\/#website"},"datePublished":"2023-04-25T10:13:14+00:00","dateModified":"2023-04-25T10:13:14+00:00","breadcrumb":{"@id":"https:\/\/heritagehubkrakow.org\/pl\/granty-badawcze-w-archiwum-historycznym-ue-trwa-nabor\/#breadcrumb"},"inLanguage":"pl-PL","potentialAction":[{"@type":"ReadAction","target":["https:\/\/heritagehubkrakow.org\/pl\/granty-badawcze-w-archiwum-historycznym-ue-trwa-nabor\/"]}]},{"@type":"BreadcrumbList","@id":"https:\/\/heritagehubkrakow.org\/pl\/granty-badawcze-w-archiwum-historycznym-ue-trwa-nabor\/#breadcrumb","itemListElement":[{"@type":"ListItem","position":1,"name":"Homepage","item":"https:\/\/heritagehubkrakow.org\/pl\/"},{"@type":"ListItem","position":2,"name":"Granty badawcze w Archiwum Historycznym UE: trwa nab\u00f3r"}]},{"@type":"WebSite","@id":"https:\/\/heritagehubkrakow.org\/pl\/#website","url":"https:\/\/heritagehubkrakow.org\/pl\/","name":"Europa Nostra","description":"Heritage Hub for Central and Eastern Europe","publisher":{"@id":"https:\/\/heritagehubkrakow.org\/pl\/#organization"},"potentialAction":[{"@type":"SearchAction","target":{"@type":"EntryPoint","urlTemplate":"https:\/\/heritagehubkrakow.org\/pl\/?s={search_term_string}"},"query-input":{"@type":"PropertyValueSpecification","valueRequired":true,"valueName":"search_term_string"}}],"inLanguage":"pl-PL"},{"@type":"Organization","@id":"https:\/\/heritagehubkrakow.org\/pl\/#organization","name":"Europa Nostra","url":"https:\/\/heritagehubkrakow.org\/pl\/","logo":{"@type":"ImageObject","inLanguage":"pl-PL","@id":"https:\/\/heritagehubkrakow.org\/pl\/#\/schema\/logo\/image\/","url":"https:\/\/heritagehubkrakow.org\/wp-content\/uploads\/2023\/01\/europa-logo.png","contentUrl":"https:\/\/heritagehubkrakow.org\/wp-content\/uploads\/2023\/01\/europa-logo.png","width":218,"height":237,"caption":"Europa Nostra"},"image":{"@id":"https:\/\/heritagehubkrakow.org\/pl\/#\/schema\/logo\/image\/"}},{"@type":"Person","@id":"https:\/\/heritagehubkrakow.org\/pl\/#\/schema\/person\/112a7abbe48503b2f32e56abc46af660","name":"Lukasz","image":{"@type":"ImageObject","inLanguage":"pl-PL","@id":"https:\/\/heritagehubkrakow.org\/pl\/#\/schema\/person\/image\/","url":"https:\/\/secure.gravatar.com\/avatar\/ad98e1210139ce861e9a29f33990fb143471357f24b3f9df1095f3e51e7a4f52?s=96&d=mm&r=g","contentUrl":"https:\/\/secure.gravatar.com\/avatar\/ad98e1210139ce861e9a29f33990fb143471357f24b3f9df1095f3e51e7a4f52?s=96&d=mm&r=g","caption":"Lukasz"},"url":"https:\/\/heritagehubkrakow.org\/pl\/author\/lukasz-pierog\/"}]}},"_links":{"self":[{"href":"https:\/\/heritagehubkrakow.org\/pl\/wp-json\/wp\/v2\/posts\/7200","targetHints":{"allow":["GET"]}}],"collection":[{"href":"https:\/\/heritagehubkrakow.org\/pl\/wp-json\/wp\/v2\/posts"}],"about":[{"href":"https:\/\/heritagehubkrakow.org\/pl\/wp-json\/wp\/v2\/types\/post"}],"author":[{"embeddable":true,"href":"https:\/\/heritagehubkrakow.org\/pl\/wp-json\/wp\/v2\/users\/7"}],"replies":[{"embeddable":true,"href":"https:\/\/heritagehubkrakow.org\/pl\/wp-json\/wp\/v2\/comments?post=7200"}],"version-history":[{"count":0,"href":"https:\/\/heritagehubkrakow.org\/pl\/wp-json\/wp\/v2\/posts\/7200\/revisions"}],"wp:attachment":[{"href":"https:\/\/heritagehubkrakow.org\/pl\/wp-json\/wp\/v2\/media?parent=7200"}],"wp:term":[{"taxonomy":"category","embeddable":true,"href":"https:\/\/heritagehubkrakow.org\/pl\/wp-json\/wp\/v2\/categories?post=7200"},{"taxonomy":"post_tag","embeddable":true,"href":"https:\/\/heritagehubkrakow.org\/pl\/wp-json\/wp\/v2\/tags?post=7200"}],"curies":[{"name":"wp","href":"https:\/\/api.w.org\/{rel}","templated":true}]}}