{"id":7201,"date":"2023-04-28T14:05:56","date_gmt":"2023-04-28T14:05:56","guid":{"rendered":"https:\/\/heritagehubkrakow.org\/konkurs-fotograficzny-dedykowany-cmentarzom-zydowskim-w-europie-srodkowo-wschodniej-nabor-zgloszen\/"},"modified":"2023-04-28T14:05:56","modified_gmt":"2023-04-28T14:05:56","slug":"konkurs-fotograficzny-dedykowany-cmentarzom-zydowskim-w-europie-srodkowo-wschodniej-nabor-zgloszen","status":"publish","type":"post","link":"https:\/\/heritagehubkrakow.org\/pl\/konkurs-fotograficzny-dedykowany-cmentarzom-zydowskim-w-europie-srodkowo-wschodniej-nabor-zgloszen\/","title":{"rendered":"Konkurs fotograficzny dedykowany cmentarzom \u017cydowskim w Europie \u015arodkowo-Wschodniej: nab\u00f3r zg\u0142osze\u0144"},"content":{"rendered":"<div class=\"is-style-section-container, has-white-text is-style-section-container wp-block-group alignfull has-red-background-color has-background eplus-wrapper is-layout-constrained wp-block-group-is-layout-constrained eplus-styles-uid-cd9c93\"><div class=\"is-style-section-container wp-block-group alignfull eplus-wrapper is-layout-constrained wp-block-group-is-layout-constrained eplus-styles-uid-662964\"><div class=\"has-white-text wp-block-group alignfull has-white-color has-text-color eplus-wrapper is-layout-constrained wp-block-group-is-layout-constrained eplus-styles-uid-a78524\"><h1 class=\" wp-block-heading has-text-align-center eplus-wrapper eplus-styles-uid-eee9f7\"><strong>Konkurs fotograficzny dedykowany cmentarzom \u017cydowskim w Europie \u015arodkowo-Wschodniej: nab\u00f3r zg\u0142osze\u0144<\/strong><\/h1>\n\n<div class=\"yoast-breadcrumbs\"><span><span><a href=\"https:\/\/heritagehubkrakow.org\/pl\/\">Homepage<\/a><\/span> &#8211; <span class=\"breadcrumb_last\" aria-current=\"page\">Konkurs fotograficzny dedykowany cmentarzom \u017cydowskim w Europie \u015arodkowo-Wschodniej: nab\u00f3r zg\u0142osze\u0144<\/span><\/span><\/div><\/div><\/div><\/div>\n\n<div class=\"is-style-section-container wp-block-group alignfull has-green-dark-background-color has-background eplus-wrapper is-layout-constrained wp-block-group-is-layout-constrained eplus-styles-uid-4c6cdd\"><div class=\"wp-block-group alignfull eplus-wrapper is-layout-constrained wp-block-group-is-layout-constrained eplus-styles-uid-95a17e\">\n<div class=\"wp-block-group eplus-wrapper is-layout-constrained wp-block-group-is-layout-constrained\"><div class=\"wp-block-group eplus-wrapper is-content-justification-center is-layout-flex wp-container-core-group-is-layout-8ee2ad45 wp-block-group-is-layout-flex eplus-styles-uid-cf9c39\"><div class=\"article-date wp-block-post-date\"><time datetime=\"2023-04-28T14:05:56+00:00\">28 kwietnia 2023<\/time><\/div><\/div>\n\n<div class=\"wp-block-group eplus-wrapper is-layout-constrained wp-block-group-is-layout-constrained eplus-styles-uid-ba2e4b\"><div class=\"taxonomy-post_tag has-text-align-center article-tags wp-block-post-terms eplus-styles-uid-d35575\"><a href=\"https:\/\/heritagehubkrakow.org\/pl\/tag\/finansowaniekonkurs\/\" rel=\"tag\">Finansowanie|Konkurs<\/a><span class=\"wp-block-post-terms__suffix\"> <\/span><\/div><\/div>\n\n\n<h3 class=\" wp-block-heading eplus-wrapper\"><a href=\"https:\/\/www.jewishcemeteries.eu\/\" target=\"_blank\" rel=\"noreferrer noopener\"><strong>Preserving Jewish Cemeteries Project<\/strong><\/a><strong> organizuje konkurs fotograficzny dla student\u00f3w szk\u00f3\u0142 wy\u017cszych z Gruzji, W\u0119gier, Litwy, Mo\u0142dawii, Polski, Rumunii, S\u0142owacji i Ukrainy. Zwyci\u0119zcy mog\u0105 otrzyma\u0107 do 1000 euro na sprz\u0119t fotograficzny\/wideo, a ich prace zostan\u0105 pokazane w presti\u017cowych miejscach i online.<\/strong><\/h3>\n\n\n\n<p class=\" eplus-wrapper\"><strong>Termin nadsy\u0142ania zg\u0142osze\u0144 up\u0142ywa 30 kwietnia 2023 roku.<\/strong><\/p>\n\n\n\n<p class=\" eplus-wrapper\">Aplikuj\u0105cy mog\u0105 przes\u0142a\u0107 do 10 zdj\u0119\u0107, korzystaj\u0105c z <strong>formularza na <\/strong><a href=\"https:\/\/www.jewishcemeteries.eu\/competitions\/jewish-cemeteries-photography-competition-for-university-students\/\" target=\"_blank\" rel=\"noreferrer noopener\"><strong>stronie internetowej konkursu<\/strong><\/a>.<\/p>\n\n\n\n<p class=\" eplus-wrapper\">W j\u0119zyku jidysz s\u0142owo cmentarz brzmi: \u201eBais Ojlem\u201d i oznacza \u201eDom \u015awiata\u201d. Oto szansa, aby uruchomi\u0107 swoj\u0105 kreatywno\u015b\u0107 na jednym lub kilku lokalnych cmentarzach \u017cydowskich i przedstawi\u0107 swoj\u0105 interpretacj\u0119 tych miejsc.<\/p>\n\n\n\n<p class=\" eplus-wrapper\"><a href=\"https:\/\/www.jewishcemeteries.eu\/\" target=\"_blank\" rel=\"noreferrer noopener\">Preserving Jewish Cemetries Project<\/a> to pilota\u017cowy projekt finansowany ze \u015brodk\u00f3w UE, kt\u00f3rego celem jest ochrona cmentarzy \u017cydowskich w Europie \u015arodkowo-Wschodniej. To wsp\u00f3lny wysi\u0142ek trzech wiod\u0105cych organizacji pozarz\u0105dowych zajmuj\u0105cych si\u0119 dziedzictwem \u017cydowskim: <a href=\"https:\/\/www.esjf-cemeteries.org\/\" target=\"_blank\" rel=\"noreferrer noopener\">ESJF European Jewish Cemeteries Initiative<\/a>, <a href=\"https:\/\/www.centropa.org\/\" target=\"_blank\" rel=\"noreferrer noopener\">Centropa<\/a> oraz <a href=\"https:\/\/www.foundationforjewishheritage.com\/\" target=\"_blank\" rel=\"noreferrer noopener\">Foundation for Jewish Heritage<\/a> realizowany w siedmiu krajach europejskich: Gruzji, W\u0119grzech, Litwie, Mo\u0142dawii, Polsce, S\u0142owacji i Ukrainie. Konsorcjum ma na celu podniesienie \u015bwiadomo\u015bci na temat historycznego i wsp\u00f3\u0142czesnego znaczenia cmentarzy \u017cydowskich w spo\u0142eczno\u015bciach lokalnych, inicjowanie projekt\u00f3w edukacyjnych maj\u0105cych na celu w\u0142\u0105czenie cmentarzy \u017cydowskich do program\u00f3w szkolnych oraz pomoc lokalnym podmiotom w ochronie ich cmentarzy \u017cydowskich. Projekt ESJF d\u0105\u017cy do zachowania pami\u0119ci o \u017bydach, zw\u0142aszcza w tak zwanych \u201eobszarach priorytetowych, takich jak by\u0142y blok sowiecki i Europa Po\u0142udniowo-Wschodnia\u201d. Sk\u0142ada si\u0119 z szeregu dzia\u0142a\u0144, takich jak seminaria, webinaria, konkursy dla m\u0142odzie\u017cy i uczelni artystycznych oraz r\u00f3\u017cne formy wsp\u00f3\u0142pracy z lokalnymi instytucjami i organizacjami pozarz\u0105dowymi.<\/p>\n\n\n\n<p class=\" eplus-wrapper\">Zach\u0119camy do aplikowania.<\/p>\n\n\n\n<div class=\"wp-block-buttons eplus-wrapper is-layout-flex wp-block-buttons-is-layout-flex\"><div class=\"is-style-black wp-block-button eplus-wrapper eplus-styles-uid-ad3846\"><a class=\"wp-block-button__link wp-element-button\" href=\"https:\/\/www.jewishcemeteries.eu\/competitions\/jewish-cemeteries-photography-competition-for-university-students\/\" target=\"_blank\" rel=\"noreferrer noopener\">Czytaj wi\u0119cej<\/a><\/div><\/div>\n<\/div>\n<\/div><\/div>\n\n<div class=\"is-style-section-container wp-block-group alignfull has-blue-light-background-color has-background eplus-wrapper is-layout-constrained wp-block-group-is-layout-constrained eplus-styles-uid-4c6cdd\"><div class=\"wp-block-group alignfull eplus-wrapper is-layout-constrained wp-block-group-is-layout-constrained eplus-styles-uid-b49698\">\n<div class=\"wp-block-group eplus-wrapper is-layout-constrained wp-block-group-is-layout-constrained\"><h3 class=\" wp-block-heading has-text-align-center eplus-wrapper eplus-styles-uid-419044\">ESJF European Jewish Cemeteries Initiative<\/h3>\n\n\n<figure class=\"wp-embed-aspect-16-9 wp-has-aspect-ratio wp-block-embed is-type-video is-provider-youtube wp-block-embed-youtube eplus-wrapper\"><div class=\"wp-block-embed__wrapper\">\n<iframe loading=\"lazy\" title=\"ESJF European Jewish Cemeteries Initiative - Our mission\" width=\"500\" height=\"281\" src=\"https:\/\/www.youtube.com\/embed\/6tOVzKXZUug?feature=oembed\" frameborder=\"0\" allow=\"accelerometer; autoplay; clipboard-write; encrypted-media; gyroscope; picture-in-picture; web-share\" referrerpolicy=\"strict-origin-when-cross-origin\" allowfullscreen><\/iframe>\n<\/div><\/figure>\n<\/div>\n\n\n\n<h1 class=\" wp-block-heading has-text-align-center eplus-wrapper\"><\/h1>\n\n\n\n<figure class=\"wp-embed-aspect-16-9 wp-has-aspect-ratio wp-block-embed is-type-video is-provider-youtube wp-block-embed-youtube eplus-wrapper\"><div class=\"wp-block-embed__wrapper\">\n<iframe loading=\"lazy\" title=\"The ESJF European Jewish Cemeteries Initiative \u2013 Protecting Europe\u2019s Jewish Cemeteries\" width=\"500\" height=\"281\" src=\"https:\/\/www.youtube.com\/embed\/fQvPU4VtG7c?feature=oembed\" frameborder=\"0\" allow=\"accelerometer; autoplay; clipboard-write; encrypted-media; gyroscope; picture-in-picture; web-share\" referrerpolicy=\"strict-origin-when-cross-origin\" allowfullscreen><\/iframe>\n<\/div><\/figure>\n<\/div><\/div>\n\n<div class=\"is-style-section-container wp-block-group alignfull has-orange-background-color has-background eplus-wrapper is-layout-constrained wp-block-group-is-layout-constrained eplus-styles-uid-4c6cdd\">\n<div class=\"wp-block-group alignfull eplus-wrapper is-layout-constrained wp-block-group-is-layout-constrained\"><\/div>\n<\/div>","protected":false},"excerpt":{"rendered":"<p>Preserving Jewish Cemeteries Project organizuje konkurs fotograficzny dla student\u00f3w szk\u00f3\u0142 wy\u017cszych z Gruzji, W\u0119gier, Litwy, Mo\u0142dawii, Polski, Rumunii, S\u0142owacji i Ukrainy. Zwyci\u0119zcy mog\u0105 otrzyma\u0107 do 1000 euro na sprz\u0119t fotograficzny\/wideo, a ich prace zostan\u0105 pokazane w presti\u017cowych miejscach i online.<\/p>\n","protected":false},"author":7,"featured_media":0,"comment_status":"open","ping_status":"open","sticky":false,"template":"","format":"standard","meta":{"_acf_changed":false,"editor_plus_copied_stylings":"{}","footnotes":""},"categories":[16],"tags":[237],"class_list":["post-7201","post","type-post","status-publish","format-standard","hentry","category-bez-kategorii","tag-finansowaniekonkurs"],"acf":[],"yoast_head":"<!-- This site is optimized with the Yoast SEO plugin v23.8 - https:\/\/yoast.com\/wordpress\/plugins\/seo\/ -->\n<title>Konkurs fotograficzny dedykowany cmentarzom \u017cydowskim w Europie \u015arodkowo-Wschodniej: nab\u00f3r zg\u0142osze\u0144 - Europa Nostra<\/title>\n<meta name=\"robots\" content=\"index, follow, max-snippet:-1, max-image-preview:large, max-video-preview:-1\" \/>\n<link rel=\"canonical\" href=\"https:\/\/heritagehubkrakow.org\/pl\/konkurs-fotograficzny-dedykowany-cmentarzom-zydowskim-w-europie-srodkowo-wschodniej-nabor-zgloszen\/\" \/>\n<meta property=\"og:locale\" content=\"pl_PL\" \/>\n<meta property=\"og:type\" content=\"article\" \/>\n<meta property=\"og:title\" content=\"Konkurs fotograficzny dedykowany cmentarzom \u017cydowskim w Europie \u015arodkowo-Wschodniej: nab\u00f3r zg\u0142osze\u0144 - Europa Nostra\" \/>\n<meta property=\"og:description\" content=\"Preserving Jewish Cemeteries Project organizuje konkurs fotograficzny dla student\u00f3w szk\u00f3\u0142 wy\u017cszych z Gruzji, W\u0119gier, Litwy, Mo\u0142dawii, Polski, Rumunii, S\u0142owacji i Ukrainy. Zwyci\u0119zcy mog\u0105 otrzyma\u0107 do 1000 euro na sprz\u0119t fotograficzny\/wideo, a ich prace zostan\u0105 pokazane w presti\u017cowych miejscach i online.\" \/>\n<meta property=\"og:url\" content=\"https:\/\/heritagehubkrakow.org\/pl\/konkurs-fotograficzny-dedykowany-cmentarzom-zydowskim-w-europie-srodkowo-wschodniej-nabor-zgloszen\/\" \/>\n<meta property=\"og:site_name\" content=\"Europa Nostra\" \/>\n<meta property=\"article:published_time\" content=\"2023-04-28T14:05:56+00:00\" \/>\n<meta name=\"author\" content=\"Lukasz\" \/>\n<meta name=\"twitter:card\" content=\"summary_large_image\" \/>\n<meta name=\"twitter:label1\" content=\"Napisane przez\" \/>\n\t<meta name=\"twitter:data1\" content=\"Lukasz\" \/>\n\t<meta name=\"twitter:label2\" content=\"Szacowany czas czytania\" \/>\n\t<meta name=\"twitter:data2\" content=\"2 minuty\" \/>\n<script type=\"application\/ld+json\" class=\"yoast-schema-graph\">{\"@context\":\"https:\/\/schema.org\",\"@graph\":[{\"@type\":\"Article\",\"@id\":\"https:\/\/heritagehubkrakow.org\/pl\/konkurs-fotograficzny-dedykowany-cmentarzom-zydowskim-w-europie-srodkowo-wschodniej-nabor-zgloszen\/#article\",\"isPartOf\":{\"@id\":\"https:\/\/heritagehubkrakow.org\/pl\/konkurs-fotograficzny-dedykowany-cmentarzom-zydowskim-w-europie-srodkowo-wschodniej-nabor-zgloszen\/\"},\"author\":{\"name\":\"Lukasz\",\"@id\":\"https:\/\/heritagehubkrakow.org\/pl\/#\/schema\/person\/112a7abbe48503b2f32e56abc46af660\"},\"headline\":\"Konkurs fotograficzny dedykowany cmentarzom \u017cydowskim w Europie \u015arodkowo-Wschodniej: nab\u00f3r zg\u0142osze\u0144\",\"datePublished\":\"2023-04-28T14:05:56+00:00\",\"dateModified\":\"2023-04-28T14:05:56+00:00\",\"mainEntityOfPage\":{\"@id\":\"https:\/\/heritagehubkrakow.org\/pl\/konkurs-fotograficzny-dedykowany-cmentarzom-zydowskim-w-europie-srodkowo-wschodniej-nabor-zgloszen\/\"},\"wordCount\":328,\"commentCount\":0,\"publisher\":{\"@id\":\"https:\/\/heritagehubkrakow.org\/pl\/#organization\"},\"keywords\":[\"Finansowanie|Konkurs\"],\"inLanguage\":\"pl-PL\",\"potentialAction\":[{\"@type\":\"CommentAction\",\"name\":\"Comment\",\"target\":[\"https:\/\/heritagehubkrakow.org\/pl\/konkurs-fotograficzny-dedykowany-cmentarzom-zydowskim-w-europie-srodkowo-wschodniej-nabor-zgloszen\/#respond\"]}]},{\"@type\":\"WebPage\",\"@id\":\"https:\/\/heritagehubkrakow.org\/pl\/konkurs-fotograficzny-dedykowany-cmentarzom-zydowskim-w-europie-srodkowo-wschodniej-nabor-zgloszen\/\",\"url\":\"https:\/\/heritagehubkrakow.org\/pl\/konkurs-fotograficzny-dedykowany-cmentarzom-zydowskim-w-europie-srodkowo-wschodniej-nabor-zgloszen\/\",\"name\":\"Konkurs fotograficzny dedykowany cmentarzom \u017cydowskim w Europie \u015arodkowo-Wschodniej: nab\u00f3r zg\u0142osze\u0144 - Europa Nostra\",\"isPartOf\":{\"@id\":\"https:\/\/heritagehubkrakow.org\/pl\/#website\"},\"datePublished\":\"2023-04-28T14:05:56+00:00\",\"dateModified\":\"2023-04-28T14:05:56+00:00\",\"breadcrumb\":{\"@id\":\"https:\/\/heritagehubkrakow.org\/pl\/konkurs-fotograficzny-dedykowany-cmentarzom-zydowskim-w-europie-srodkowo-wschodniej-nabor-zgloszen\/#breadcrumb\"},\"inLanguage\":\"pl-PL\",\"potentialAction\":[{\"@type\":\"ReadAction\",\"target\":[\"https:\/\/heritagehubkrakow.org\/pl\/konkurs-fotograficzny-dedykowany-cmentarzom-zydowskim-w-europie-srodkowo-wschodniej-nabor-zgloszen\/\"]}]},{\"@type\":\"BreadcrumbList\",\"@id\":\"https:\/\/heritagehubkrakow.org\/pl\/konkurs-fotograficzny-dedykowany-cmentarzom-zydowskim-w-europie-srodkowo-wschodniej-nabor-zgloszen\/#breadcrumb\",\"itemListElement\":[{\"@type\":\"ListItem\",\"position\":1,\"name\":\"Homepage\",\"item\":\"https:\/\/heritagehubkrakow.org\/pl\/\"},{\"@type\":\"ListItem\",\"position\":2,\"name\":\"Konkurs fotograficzny dedykowany cmentarzom \u017cydowskim w Europie \u015arodkowo-Wschodniej: nab\u00f3r zg\u0142osze\u0144\"}]},{\"@type\":\"WebSite\",\"@id\":\"https:\/\/heritagehubkrakow.org\/pl\/#website\",\"url\":\"https:\/\/heritagehubkrakow.org\/pl\/\",\"name\":\"Europa Nostra\",\"description\":\"Heritage Hub for Central and Eastern Europe\",\"publisher\":{\"@id\":\"https:\/\/heritagehubkrakow.org\/pl\/#organization\"},\"potentialAction\":[{\"@type\":\"SearchAction\",\"target\":{\"@type\":\"EntryPoint\",\"urlTemplate\":\"https:\/\/heritagehubkrakow.org\/pl\/?s={search_term_string}\"},\"query-input\":{\"@type\":\"PropertyValueSpecification\",\"valueRequired\":true,\"valueName\":\"search_term_string\"}}],\"inLanguage\":\"pl-PL\"},{\"@type\":\"Organization\",\"@id\":\"https:\/\/heritagehubkrakow.org\/pl\/#organization\",\"name\":\"Europa Nostra\",\"url\":\"https:\/\/heritagehubkrakow.org\/pl\/\",\"logo\":{\"@type\":\"ImageObject\",\"inLanguage\":\"pl-PL\",\"@id\":\"https:\/\/heritagehubkrakow.org\/pl\/#\/schema\/logo\/image\/\",\"url\":\"https:\/\/heritagehubkrakow.org\/wp-content\/uploads\/2023\/01\/europa-logo.png\",\"contentUrl\":\"https:\/\/heritagehubkrakow.org\/wp-content\/uploads\/2023\/01\/europa-logo.png\",\"width\":218,\"height\":237,\"caption\":\"Europa Nostra\"},\"image\":{\"@id\":\"https:\/\/heritagehubkrakow.org\/pl\/#\/schema\/logo\/image\/\"}},{\"@type\":\"Person\",\"@id\":\"https:\/\/heritagehubkrakow.org\/pl\/#\/schema\/person\/112a7abbe48503b2f32e56abc46af660\",\"name\":\"Lukasz\",\"image\":{\"@type\":\"ImageObject\",\"inLanguage\":\"pl-PL\",\"@id\":\"https:\/\/heritagehubkrakow.org\/pl\/#\/schema\/person\/image\/\",\"url\":\"https:\/\/secure.gravatar.com\/avatar\/ad98e1210139ce861e9a29f33990fb143471357f24b3f9df1095f3e51e7a4f52?s=96&d=mm&r=g\",\"contentUrl\":\"https:\/\/secure.gravatar.com\/avatar\/ad98e1210139ce861e9a29f33990fb143471357f24b3f9df1095f3e51e7a4f52?s=96&d=mm&r=g\",\"caption\":\"Lukasz\"},\"url\":\"https:\/\/heritagehubkrakow.org\/pl\/author\/lukasz-pierog\/\"}]}<\/script>\n<!-- \/ Yoast SEO plugin. -->","yoast_head_json":{"title":"Konkurs fotograficzny dedykowany cmentarzom \u017cydowskim w Europie \u015arodkowo-Wschodniej: nab\u00f3r zg\u0142osze\u0144 - Europa Nostra","robots":{"index":"index","follow":"follow","max-snippet":"max-snippet:-1","max-image-preview":"max-image-preview:large","max-video-preview":"max-video-preview:-1"},"canonical":"https:\/\/heritagehubkrakow.org\/pl\/konkurs-fotograficzny-dedykowany-cmentarzom-zydowskim-w-europie-srodkowo-wschodniej-nabor-zgloszen\/","og_locale":"pl_PL","og_type":"article","og_title":"Konkurs fotograficzny dedykowany cmentarzom \u017cydowskim w Europie \u015arodkowo-Wschodniej: nab\u00f3r zg\u0142osze\u0144 - Europa Nostra","og_description":"Preserving Jewish Cemeteries Project organizuje konkurs fotograficzny dla student\u00f3w szk\u00f3\u0142 wy\u017cszych z Gruzji, W\u0119gier, Litwy, Mo\u0142dawii, Polski, Rumunii, S\u0142owacji i Ukrainy. Zwyci\u0119zcy mog\u0105 otrzyma\u0107 do 1000 euro na sprz\u0119t fotograficzny\/wideo, a ich prace zostan\u0105 pokazane w presti\u017cowych miejscach i online.","og_url":"https:\/\/heritagehubkrakow.org\/pl\/konkurs-fotograficzny-dedykowany-cmentarzom-zydowskim-w-europie-srodkowo-wschodniej-nabor-zgloszen\/","og_site_name":"Europa Nostra","article_published_time":"2023-04-28T14:05:56+00:00","author":"Lukasz","twitter_card":"summary_large_image","twitter_misc":{"Napisane przez":"Lukasz","Szacowany czas czytania":"2 minuty"},"schema":{"@context":"https:\/\/schema.org","@graph":[{"@type":"Article","@id":"https:\/\/heritagehubkrakow.org\/pl\/konkurs-fotograficzny-dedykowany-cmentarzom-zydowskim-w-europie-srodkowo-wschodniej-nabor-zgloszen\/#article","isPartOf":{"@id":"https:\/\/heritagehubkrakow.org\/pl\/konkurs-fotograficzny-dedykowany-cmentarzom-zydowskim-w-europie-srodkowo-wschodniej-nabor-zgloszen\/"},"author":{"name":"Lukasz","@id":"https:\/\/heritagehubkrakow.org\/pl\/#\/schema\/person\/112a7abbe48503b2f32e56abc46af660"},"headline":"Konkurs fotograficzny dedykowany cmentarzom \u017cydowskim w Europie \u015arodkowo-Wschodniej: nab\u00f3r zg\u0142osze\u0144","datePublished":"2023-04-28T14:05:56+00:00","dateModified":"2023-04-28T14:05:56+00:00","mainEntityOfPage":{"@id":"https:\/\/heritagehubkrakow.org\/pl\/konkurs-fotograficzny-dedykowany-cmentarzom-zydowskim-w-europie-srodkowo-wschodniej-nabor-zgloszen\/"},"wordCount":328,"commentCount":0,"publisher":{"@id":"https:\/\/heritagehubkrakow.org\/pl\/#organization"},"keywords":["Finansowanie|Konkurs"],"inLanguage":"pl-PL","potentialAction":[{"@type":"CommentAction","name":"Comment","target":["https:\/\/heritagehubkrakow.org\/pl\/konkurs-fotograficzny-dedykowany-cmentarzom-zydowskim-w-europie-srodkowo-wschodniej-nabor-zgloszen\/#respond"]}]},{"@type":"WebPage","@id":"https:\/\/heritagehubkrakow.org\/pl\/konkurs-fotograficzny-dedykowany-cmentarzom-zydowskim-w-europie-srodkowo-wschodniej-nabor-zgloszen\/","url":"https:\/\/heritagehubkrakow.org\/pl\/konkurs-fotograficzny-dedykowany-cmentarzom-zydowskim-w-europie-srodkowo-wschodniej-nabor-zgloszen\/","name":"Konkurs fotograficzny dedykowany cmentarzom \u017cydowskim w Europie \u015arodkowo-Wschodniej: nab\u00f3r zg\u0142osze\u0144 - Europa Nostra","isPartOf":{"@id":"https:\/\/heritagehubkrakow.org\/pl\/#website"},"datePublished":"2023-04-28T14:05:56+00:00","dateModified":"2023-04-28T14:05:56+00:00","breadcrumb":{"@id":"https:\/\/heritagehubkrakow.org\/pl\/konkurs-fotograficzny-dedykowany-cmentarzom-zydowskim-w-europie-srodkowo-wschodniej-nabor-zgloszen\/#breadcrumb"},"inLanguage":"pl-PL","potentialAction":[{"@type":"ReadAction","target":["https:\/\/heritagehubkrakow.org\/pl\/konkurs-fotograficzny-dedykowany-cmentarzom-zydowskim-w-europie-srodkowo-wschodniej-nabor-zgloszen\/"]}]},{"@type":"BreadcrumbList","@id":"https:\/\/heritagehubkrakow.org\/pl\/konkurs-fotograficzny-dedykowany-cmentarzom-zydowskim-w-europie-srodkowo-wschodniej-nabor-zgloszen\/#breadcrumb","itemListElement":[{"@type":"ListItem","position":1,"name":"Homepage","item":"https:\/\/heritagehubkrakow.org\/pl\/"},{"@type":"ListItem","position":2,"name":"Konkurs fotograficzny dedykowany cmentarzom \u017cydowskim w Europie \u015arodkowo-Wschodniej: nab\u00f3r zg\u0142osze\u0144"}]},{"@type":"WebSite","@id":"https:\/\/heritagehubkrakow.org\/pl\/#website","url":"https:\/\/heritagehubkrakow.org\/pl\/","name":"Europa Nostra","description":"Heritage Hub for Central and Eastern Europe","publisher":{"@id":"https:\/\/heritagehubkrakow.org\/pl\/#organization"},"potentialAction":[{"@type":"SearchAction","target":{"@type":"EntryPoint","urlTemplate":"https:\/\/heritagehubkrakow.org\/pl\/?s={search_term_string}"},"query-input":{"@type":"PropertyValueSpecification","valueRequired":true,"valueName":"search_term_string"}}],"inLanguage":"pl-PL"},{"@type":"Organization","@id":"https:\/\/heritagehubkrakow.org\/pl\/#organization","name":"Europa Nostra","url":"https:\/\/heritagehubkrakow.org\/pl\/","logo":{"@type":"ImageObject","inLanguage":"pl-PL","@id":"https:\/\/heritagehubkrakow.org\/pl\/#\/schema\/logo\/image\/","url":"https:\/\/heritagehubkrakow.org\/wp-content\/uploads\/2023\/01\/europa-logo.png","contentUrl":"https:\/\/heritagehubkrakow.org\/wp-content\/uploads\/2023\/01\/europa-logo.png","width":218,"height":237,"caption":"Europa Nostra"},"image":{"@id":"https:\/\/heritagehubkrakow.org\/pl\/#\/schema\/logo\/image\/"}},{"@type":"Person","@id":"https:\/\/heritagehubkrakow.org\/pl\/#\/schema\/person\/112a7abbe48503b2f32e56abc46af660","name":"Lukasz","image":{"@type":"ImageObject","inLanguage":"pl-PL","@id":"https:\/\/heritagehubkrakow.org\/pl\/#\/schema\/person\/image\/","url":"https:\/\/secure.gravatar.com\/avatar\/ad98e1210139ce861e9a29f33990fb143471357f24b3f9df1095f3e51e7a4f52?s=96&d=mm&r=g","contentUrl":"https:\/\/secure.gravatar.com\/avatar\/ad98e1210139ce861e9a29f33990fb143471357f24b3f9df1095f3e51e7a4f52?s=96&d=mm&r=g","caption":"Lukasz"},"url":"https:\/\/heritagehubkrakow.org\/pl\/author\/lukasz-pierog\/"}]}},"_links":{"self":[{"href":"https:\/\/heritagehubkrakow.org\/pl\/wp-json\/wp\/v2\/posts\/7201","targetHints":{"allow":["GET"]}}],"collection":[{"href":"https:\/\/heritagehubkrakow.org\/pl\/wp-json\/wp\/v2\/posts"}],"about":[{"href":"https:\/\/heritagehubkrakow.org\/pl\/wp-json\/wp\/v2\/types\/post"}],"author":[{"embeddable":true,"href":"https:\/\/heritagehubkrakow.org\/pl\/wp-json\/wp\/v2\/users\/7"}],"replies":[{"embeddable":true,"href":"https:\/\/heritagehubkrakow.org\/pl\/wp-json\/wp\/v2\/comments?post=7201"}],"version-history":[{"count":0,"href":"https:\/\/heritagehubkrakow.org\/pl\/wp-json\/wp\/v2\/posts\/7201\/revisions"}],"wp:attachment":[{"href":"https:\/\/heritagehubkrakow.org\/pl\/wp-json\/wp\/v2\/media?parent=7201"}],"wp:term":[{"taxonomy":"category","embeddable":true,"href":"https:\/\/heritagehubkrakow.org\/pl\/wp-json\/wp\/v2\/categories?post=7201"},{"taxonomy":"post_tag","embeddable":true,"href":"https:\/\/heritagehubkrakow.org\/pl\/wp-json\/wp\/v2\/tags?post=7201"}],"curies":[{"name":"wp","href":"https:\/\/api.w.org\/{rel}","templated":true}]}}