{"id":7206,"date":"2023-05-18T08:34:07","date_gmt":"2023-05-18T08:34:07","guid":{"rendered":"https:\/\/heritagehubkrakow.org\/swiatowy-dzien-vyshyvanki-18-maja-2023\/"},"modified":"2023-05-18T08:34:07","modified_gmt":"2023-05-18T08:34:07","slug":"swiatowy-dzien-vyshyvanki-18-maja-2023","status":"publish","type":"post","link":"https:\/\/heritagehubkrakow.org\/pl\/swiatowy-dzien-vyshyvanki-18-maja-2023\/","title":{"rendered":"\u015awiatowy Dzie\u0144 Vyshyvanki \u2013 18 maja 2023"},"content":{"rendered":"<div class=\"is-style-section-container, has-white-text is-style-section-container wp-block-group alignfull has-red-background-color has-background eplus-wrapper is-layout-constrained wp-block-group-is-layout-constrained eplus-styles-uid-cd9c93\"><div class=\"is-style-section-container wp-block-group alignfull eplus-wrapper is-layout-constrained wp-block-group-is-layout-constrained eplus-styles-uid-662964\"><div class=\"has-white-text wp-block-group alignfull has-white-color has-text-color eplus-wrapper is-layout-constrained wp-block-group-is-layout-constrained eplus-styles-uid-a78524\"><h1 class=\" wp-block-heading has-text-align-center eplus-wrapper eplus-styles-uid-eee9f7\"><strong><strong>\u015awiatowy Dzie\u0144 Vyshyvanki \u2013 18 maja 2023<\/strong><\/strong><\/h1>\n\n<div class=\"yoast-breadcrumbs\"><span><span><a href=\"https:\/\/heritagehubkrakow.org\/pl\/\">Homepage<\/a><\/span> &#8211; <span class=\"breadcrumb_last\" aria-current=\"page\">\u015awiatowy Dzie\u0144 Vyshyvanki \u2013 18 maja 2023<\/span><\/span><\/div><\/div><\/div><\/div>\n\n<div class=\"is-style-section-container wp-block-group alignfull has-green-dark-background-color has-background eplus-wrapper is-layout-constrained wp-block-group-is-layout-constrained eplus-styles-uid-4c6cdd\"><div class=\"wp-block-group alignfull eplus-wrapper is-layout-constrained wp-block-group-is-layout-constrained eplus-styles-uid-95a17e\">\n<div class=\"wp-block-group eplus-wrapper is-layout-constrained wp-block-group-is-layout-constrained\"><div class=\"wp-block-group eplus-wrapper is-content-justification-center is-layout-flex wp-container-core-group-is-layout-8ee2ad45 wp-block-group-is-layout-flex eplus-styles-uid-cf9c39\"><div class=\"article-date wp-block-post-date\"><time datetime=\"2023-05-18T08:34:07+00:00\">18 maja 2023<\/time><\/div><\/div>\n\n<div class=\"wp-block-group eplus-wrapper is-layout-constrained wp-block-group-is-layout-constrained eplus-styles-uid-ba2e4b\"><div class=\"taxonomy-post_tag has-text-align-center article-tags wp-block-post-terms eplus-styles-uid-d35575\"><a href=\"https:\/\/heritagehubkrakow.org\/pl\/tag\/nagrodaswieto\/\" rel=\"tag\">Nagroda|\u015awi\u0119to<\/a><span class=\"wp-block-post-terms__suffix\"> <\/span><\/div><\/div>\n\n\n<h3 class=\" wp-block-heading eplus-wrapper\"><strong>\u015awiatowy Dzie\u0144 Wyszywanki<\/strong> to mi\u0119dzynarodowe \u015bwi\u0119to po\u015bwi\u0119cone zachowaniu ukrai\u0144skiej haftowanej koszuli (znanej jako \u201evyshyvanka\u201d) jako symbolu materialnego i duchowego dziedzictwa narodu ukrai\u0144skiego.<\/h3>\n\n\n\n<p class=\" eplus-wrapper\"><strong>Vyshyvanka<\/strong> &#8211; tradycyjny haft ukrai\u0144ski &#8211; Jej kolorowe wzory na koszulach i innych cz\u0119\u015bciach garderoby zawsze mia\u0142y symboliczne znaczenie odnosz\u0105ce si\u0119 do dobrobytu, szcz\u0119\u015bcia i ochrony. sta\u0142 si\u0119 symbolicznym or\u0119\u017cem Ukrainy w walce o wolno\u015b\u0107. Symbolizuje ci\u0105g\u0142o\u015b\u0107 tradycji, kt\u00f3r\u0105 w czasie trwaj\u0105cej ju\u017c niemal rok wojny stara si\u0119 wymaza\u0107 rosyjski agresor. \u017bo\u0142nierze zabieraj\u0105 vyshyvanki na front, bo wierz\u0105, \u017ce ochroni\u0105 ich w walce, uchod\u017acy do niewielkiego baga\u017cu, z jakim musieli ucieka\u0107, wk\u0142adali vyshyvanki \u2013 dla ochrony, na szcz\u0119\u015bcie. Wierz\u0105 bowiem, \u017ce vyshyvanka ma magiczn\u0105 moc. W\u015br\u00f3d geometrycznych i kwiatowych wzor\u00f3w pojawiaj\u0105 si\u0119 te\u017c nowe motywy, jak czo\u0142gi i bomby oraz militarne tkaniny.<\/p>\n\n\n\n<p class=\" eplus-wrapper\"><strong>\u015awiatowy Dzie\u0144 Wyszywanki<\/strong> to mi\u0119dzynarodowe \u015bwi\u0119to po\u015bwi\u0119cone zachowaniu ukrai\u0144skiej haftowanej koszuli (znanej jako \u201evyshyvanka\u201d) jako symbolu materialnego i duchowego dziedzictwa narodu ukrai\u0144skiego. Inicjatywa rozpocz\u0119\u0142a si\u0119 jako ma\u0142y studencki flash mob w Czerniowcach w 2006 roku. Coroczne obchody doprowadzi\u0142y do ustanowienia w 2015 roku <strong>organizacji pozarz\u0105dowej pod nazw\u0105 \u015awiatowy Dzie\u0144 Wyszywanki<\/strong>. <strong>Co roku w trzeci czwartek maja<\/strong> Ukrai\u0144cy i przyjaciele Ukrainy z ponad stu kraj\u00f3w nosz\u0105 vyshyvanki w celu uczczenia tego dziedzictwa. <strong>Organizacja pozarz\u0105dowa World Vyshyvanka Day<\/strong> realizuje swoj\u0105 dzia\u0142alno\u015b\u0107 poprzez dotacje i dzia\u0142ania crowdfundingowe. <\/p>\n\n\n\n<p class=\" eplus-wrapper\">Czas wojny wzmacnia polityczny wymiar Vyshyvanki i uznaje vyshyvank\u0119 za narodowy symbol odrodzenia. \u015awiatowy Dzie\u0144 Vyshyvanki otrzyma\u0142 <strong><a href=\"https:\/\/www.europeanheritageawards.eu\/winners\/world-vyshyvanka-day\/\" target=\"_blank\" rel=\"noreferrer noopener\">European Heritage Award | Europa Nostra Award 2022 (w kategorii Citizens Engagement and Awareness-raising + Nagrod\u0119 Publiczno\u015bci)<\/a><\/strong>, co zwi\u0119kszy\u0142o rozpoznawalno\u015b\u0107 \u015bwi\u0119ta w Europie.<\/p>\n\n\n\n<div class=\"wp-block-buttons eplus-wrapper is-layout-flex wp-block-buttons-is-layout-flex\"><div class=\"is-style-black wp-block-button eplus-wrapper eplus-styles-uid-ba9208\"><a class=\"wp-block-button__link wp-element-button\" href=\"https:\/\/www.denvyshyvanky.com\/\" target=\"_blank\" rel=\"noreferrer noopener\">Czytaj wi\u0119cej<\/a><\/div><\/div>\n\n\n\n<p class=\" has-text-align-center eplus-wrapper\"><img decoding=\"async\" class=\"wp-image-1950\" style=\"width: 1000px;\" src=\"https:\/\/heritagehubkrakow.org\/wp-content\/uploads\/2023\/05\/3_1-WVD_school.png\" alt=\"\"><\/p>\n<\/div>\n\n\n<div class=\"wp-block-columns are-vertically-aligned-center eplus-wrapper is-layout-flex wp-container-core-columns-is-layout-9d6595d7 wp-block-columns-is-layout-flex eplus-styles-uid-aa6480\">\n<div class=\"wp-block-column is-vertically-aligned-center eplus-wrapper is-layout-flow wp-block-column-is-layout-flow\" style=\"flex-basis:100%\">\n<figure class=\"wp-block-embed alignfull is-type-photo is-provider-flickr wp-block-embed-flickr eplus-wrapper\"><div class=\"wp-block-embed__wrapper\">\n<a href=\"https:\/\/www.flickr.com\/photos\/europanostra\/52164826858\"><img loading=\"lazy\" decoding=\"async\" src=\"https:\/\/live.staticflickr.com\/65535\/52164826858_5d3d99dbb5.jpg\" alt=\"World Vyshyvanka Day, UKRAINE\" width=\"500\" height=\"333\"><\/a>\n<\/div><\/figure>\n<\/div>\n<\/div>\n\n\n<div class=\"wp-block-group eplus-wrapper is-layout-constrained wp-block-group-is-layout-constrained\">\n<figure class=\"wp-block-embed aligncenter is-type-photo is-provider-flickr wp-block-embed-flickr eplus-wrapper\"><div class=\"wp-block-embed__wrapper\">\n<a href=\"https:\/\/www.flickr.com\/photos\/europanostra\/52164827033\/in\/photostream\/\"><img loading=\"lazy\" decoding=\"async\" src=\"https:\/\/live.staticflickr.com\/65535\/52164827033_df1ee15e28.jpg\" alt=\"World Vyshyvanka Day, UKRAINE\" width=\"451\" height=\"500\"><\/a>\n<\/div><\/figure>\n<\/div>\n<\/div><\/div>\n\n<div class=\"is-style-section-container wp-block-group alignfull has-blue-light-background-color has-background eplus-wrapper is-layout-constrained wp-block-group-is-layout-constrained eplus-styles-uid-4c6cdd\"><div class=\"wp-block-group alignfull eplus-wrapper is-layout-constrained wp-block-group-is-layout-constrained eplus-styles-uid-b49698\">\n<div class=\"wp-block-group eplus-wrapper is-layout-constrained wp-block-group-is-layout-constrained\"><h3 class=\" wp-block-heading has-text-align-center eplus-wrapper eplus-styles-uid-419044\">\u015awiatowy Dzie\u0144 Wyszywanki<\/h3>\n\n\n<figure class=\"wp-embed-aspect-16-9 wp-has-aspect-ratio wp-block-embed is-type-video is-provider-youtube wp-block-embed-youtube eplus-wrapper\"><div class=\"wp-block-embed__wrapper\">\n<iframe loading=\"lazy\" title=\"World Vyshyvanka Day, UKRAINE\" width=\"500\" height=\"281\" src=\"https:\/\/www.youtube.com\/embed\/8ALOXwsqtwM?feature=oembed\" frameborder=\"0\" allow=\"accelerometer; autoplay; clipboard-write; encrypted-media; gyroscope; picture-in-picture; web-share\" referrerpolicy=\"strict-origin-when-cross-origin\" allowfullscreen><\/iframe>\n<\/div><\/figure>\n<\/div>\n\n\n\n<h1 class=\" wp-block-heading has-text-align-center eplus-wrapper\"><\/h1>\n\n\n\n<figure class=\"wp-embed-aspect-16-9 wp-has-aspect-ratio wp-block-embed is-type-video is-provider-youtube wp-block-embed-youtube eplus-wrapper\"><div class=\"wp-block-embed__wrapper\">\n<iframe loading=\"lazy\" title=\"World Vyshyvanka Day 19\/05\/2022\" width=\"500\" height=\"281\" src=\"https:\/\/www.youtube.com\/embed\/v7IxVmtq4aA?feature=oembed\" frameborder=\"0\" allow=\"accelerometer; autoplay; clipboard-write; encrypted-media; gyroscope; picture-in-picture; web-share\" referrerpolicy=\"strict-origin-when-cross-origin\" allowfullscreen><\/iframe>\n<\/div><\/figure>\n\n\n\n<figure class=\"wp-embed-aspect-16-9 wp-has-aspect-ratio wp-block-embed is-type-video is-provider-youtube wp-block-embed-youtube eplus-wrapper\"><div class=\"wp-block-embed__wrapper\">\n<iframe loading=\"lazy\" title=\"\u0412\u0441\u0435\u0441\u0432\u0456\u0442\u043d\u0456\u0439 \u0434\u0435\u043d\u044c \u0432\u0438\u0448\u0438\u0432\u0430\u043d\u043a\u0438 2021 (\u043f\u0440\u043e\u043c\u043e)\" width=\"500\" height=\"281\" src=\"https:\/\/www.youtube.com\/embed\/Mw6S7klsZkM?start=1&amp;feature=oembed\" frameborder=\"0\" allow=\"accelerometer; autoplay; clipboard-write; encrypted-media; gyroscope; picture-in-picture; web-share\" referrerpolicy=\"strict-origin-when-cross-origin\" allowfullscreen><\/iframe>\n<\/div><\/figure>\n<\/div><\/div>\n\n<div class=\"is-style-section-container wp-block-group alignfull has-orange-background-color has-background eplus-wrapper is-layout-constrained wp-block-group-is-layout-constrained eplus-styles-uid-4c6cdd\">\n<div class=\"wp-block-group alignfull eplus-wrapper is-layout-constrained wp-block-group-is-layout-constrained\"><\/div>\n<\/div>","protected":false},"excerpt":{"rendered":"<p>\u015awiatowy Dzie\u0144 Wyszywanki to mi\u0119dzynarodowe \u015bwi\u0119to po\u015bwi\u0119cone zachowaniu ukrai\u0144skiej haftowanej koszuli (znanej jako \u201evyshyvanka\u201d) jako symbolu materialnego i duchowego dziedzictwa narodu ukrai\u0144skiego. Co roku w trzeci czwartek maja Ukrai\u0144cy i przyjaciele Ukrainy z ponad stu kraj\u00f3w nosz\u0105 vyshyvanki w celu uczczenia tego dziedzictwa. \u015awiatowy Dzie\u0144 Vyshyvanki otrzyma\u0142 European Heritage Award | Europa Nostra Award 2022 co zwi\u0119kszy\u0142o rozpoznawalno\u015b\u0107 \u015bwi\u0119ta w Europie.<\/p>\n","protected":false},"author":7,"featured_media":0,"comment_status":"open","ping_status":"open","sticky":false,"template":"","format":"standard","meta":{"_acf_changed":false,"editor_plus_copied_stylings":"{}","footnotes":""},"categories":[16],"tags":[242],"class_list":["post-7206","post","type-post","status-publish","format-standard","hentry","category-bez-kategorii","tag-nagrodaswieto"],"acf":[],"yoast_head":"<!-- This site is optimized with the Yoast SEO plugin v23.8 - https:\/\/yoast.com\/wordpress\/plugins\/seo\/ -->\n<title>\u015awiatowy Dzie\u0144 Vyshyvanki \u2013 18 maja 2023 - Europa Nostra<\/title>\n<meta name=\"robots\" content=\"index, follow, max-snippet:-1, max-image-preview:large, max-video-preview:-1\" \/>\n<link rel=\"canonical\" href=\"https:\/\/heritagehubkrakow.org\/pl\/swiatowy-dzien-vyshyvanki-18-maja-2023\/\" \/>\n<meta property=\"og:locale\" content=\"pl_PL\" \/>\n<meta property=\"og:type\" content=\"article\" \/>\n<meta property=\"og:title\" content=\"\u015awiatowy Dzie\u0144 Vyshyvanki \u2013 18 maja 2023 - Europa Nostra\" \/>\n<meta property=\"og:description\" content=\"\u015awiatowy Dzie\u0144 Wyszywanki to mi\u0119dzynarodowe \u015bwi\u0119to po\u015bwi\u0119cone zachowaniu ukrai\u0144skiej haftowanej koszuli (znanej jako \u201evyshyvanka\u201d) jako symbolu materialnego i duchowego dziedzictwa narodu ukrai\u0144skiego. Co roku w trzeci czwartek maja Ukrai\u0144cy i przyjaciele Ukrainy z ponad stu kraj\u00f3w nosz\u0105 vyshyvanki w celu uczczenia tego dziedzictwa. \u015awiatowy Dzie\u0144 Vyshyvanki otrzyma\u0142 European Heritage Award | Europa Nostra Award 2022 co zwi\u0119kszy\u0142o rozpoznawalno\u015b\u0107 \u015bwi\u0119ta w Europie.\" \/>\n<meta property=\"og:url\" content=\"https:\/\/heritagehubkrakow.org\/pl\/swiatowy-dzien-vyshyvanki-18-maja-2023\/\" \/>\n<meta property=\"og:site_name\" content=\"Europa Nostra\" \/>\n<meta property=\"article:published_time\" content=\"2023-05-18T08:34:07+00:00\" \/>\n<meta name=\"author\" content=\"Lukasz\" \/>\n<meta name=\"twitter:card\" content=\"summary_large_image\" \/>\n<meta name=\"twitter:label1\" content=\"Napisane przez\" \/>\n\t<meta name=\"twitter:data1\" content=\"Lukasz\" \/>\n\t<meta name=\"twitter:label2\" content=\"Szacowany czas czytania\" \/>\n\t<meta name=\"twitter:data2\" content=\"2 minuty\" \/>\n<script type=\"application\/ld+json\" class=\"yoast-schema-graph\">{\"@context\":\"https:\/\/schema.org\",\"@graph\":[{\"@type\":\"Article\",\"@id\":\"https:\/\/heritagehubkrakow.org\/pl\/swiatowy-dzien-vyshyvanki-18-maja-2023\/#article\",\"isPartOf\":{\"@id\":\"https:\/\/heritagehubkrakow.org\/pl\/swiatowy-dzien-vyshyvanki-18-maja-2023\/\"},\"author\":{\"name\":\"Lukasz\",\"@id\":\"https:\/\/heritagehubkrakow.org\/pl\/#\/schema\/person\/112a7abbe48503b2f32e56abc46af660\"},\"headline\":\"\u015awiatowy Dzie\u0144 Vyshyvanki \u2013 18 maja 2023\",\"datePublished\":\"2023-05-18T08:34:07+00:00\",\"dateModified\":\"2023-05-18T08:34:07+00:00\",\"mainEntityOfPage\":{\"@id\":\"https:\/\/heritagehubkrakow.org\/pl\/swiatowy-dzien-vyshyvanki-18-maja-2023\/\"},\"wordCount\":339,\"commentCount\":0,\"publisher\":{\"@id\":\"https:\/\/heritagehubkrakow.org\/pl\/#organization\"},\"image\":{\"@id\":\"https:\/\/heritagehubkrakow.org\/pl\/swiatowy-dzien-vyshyvanki-18-maja-2023\/#primaryimage\"},\"thumbnailUrl\":\"https:\/\/heritagehubkrakow.org\/wp-content\/uploads\/2023\/05\/3_1-WVD_school.png\",\"keywords\":[\"Nagroda|\u015awi\u0119to\"],\"inLanguage\":\"pl-PL\",\"potentialAction\":[{\"@type\":\"CommentAction\",\"name\":\"Comment\",\"target\":[\"https:\/\/heritagehubkrakow.org\/pl\/swiatowy-dzien-vyshyvanki-18-maja-2023\/#respond\"]}]},{\"@type\":\"WebPage\",\"@id\":\"https:\/\/heritagehubkrakow.org\/pl\/swiatowy-dzien-vyshyvanki-18-maja-2023\/\",\"url\":\"https:\/\/heritagehubkrakow.org\/pl\/swiatowy-dzien-vyshyvanki-18-maja-2023\/\",\"name\":\"\u015awiatowy Dzie\u0144 Vyshyvanki \u2013 18 maja 2023 - Europa Nostra\",\"isPartOf\":{\"@id\":\"https:\/\/heritagehubkrakow.org\/pl\/#website\"},\"primaryImageOfPage\":{\"@id\":\"https:\/\/heritagehubkrakow.org\/pl\/swiatowy-dzien-vyshyvanki-18-maja-2023\/#primaryimage\"},\"image\":{\"@id\":\"https:\/\/heritagehubkrakow.org\/pl\/swiatowy-dzien-vyshyvanki-18-maja-2023\/#primaryimage\"},\"thumbnailUrl\":\"https:\/\/heritagehubkrakow.org\/wp-content\/uploads\/2023\/05\/3_1-WVD_school.png\",\"datePublished\":\"2023-05-18T08:34:07+00:00\",\"dateModified\":\"2023-05-18T08:34:07+00:00\",\"breadcrumb\":{\"@id\":\"https:\/\/heritagehubkrakow.org\/pl\/swiatowy-dzien-vyshyvanki-18-maja-2023\/#breadcrumb\"},\"inLanguage\":\"pl-PL\",\"potentialAction\":[{\"@type\":\"ReadAction\",\"target\":[\"https:\/\/heritagehubkrakow.org\/pl\/swiatowy-dzien-vyshyvanki-18-maja-2023\/\"]}]},{\"@type\":\"ImageObject\",\"inLanguage\":\"pl-PL\",\"@id\":\"https:\/\/heritagehubkrakow.org\/pl\/swiatowy-dzien-vyshyvanki-18-maja-2023\/#primaryimage\",\"url\":\"https:\/\/heritagehubkrakow.org\/wp-content\/uploads\/2023\/05\/3_1-WVD_school.png\",\"contentUrl\":\"https:\/\/heritagehubkrakow.org\/wp-content\/uploads\/2023\/05\/3_1-WVD_school.png\"},{\"@type\":\"BreadcrumbList\",\"@id\":\"https:\/\/heritagehubkrakow.org\/pl\/swiatowy-dzien-vyshyvanki-18-maja-2023\/#breadcrumb\",\"itemListElement\":[{\"@type\":\"ListItem\",\"position\":1,\"name\":\"Homepage\",\"item\":\"https:\/\/heritagehubkrakow.org\/pl\/\"},{\"@type\":\"ListItem\",\"position\":2,\"name\":\"\u015awiatowy Dzie\u0144 Vyshyvanki \u2013 18 maja 2023\"}]},{\"@type\":\"WebSite\",\"@id\":\"https:\/\/heritagehubkrakow.org\/pl\/#website\",\"url\":\"https:\/\/heritagehubkrakow.org\/pl\/\",\"name\":\"Europa Nostra\",\"description\":\"Heritage Hub for Central and Eastern Europe\",\"publisher\":{\"@id\":\"https:\/\/heritagehubkrakow.org\/pl\/#organization\"},\"potentialAction\":[{\"@type\":\"SearchAction\",\"target\":{\"@type\":\"EntryPoint\",\"urlTemplate\":\"https:\/\/heritagehubkrakow.org\/pl\/?s={search_term_string}\"},\"query-input\":{\"@type\":\"PropertyValueSpecification\",\"valueRequired\":true,\"valueName\":\"search_term_string\"}}],\"inLanguage\":\"pl-PL\"},{\"@type\":\"Organization\",\"@id\":\"https:\/\/heritagehubkrakow.org\/pl\/#organization\",\"name\":\"Europa Nostra\",\"url\":\"https:\/\/heritagehubkrakow.org\/pl\/\",\"logo\":{\"@type\":\"ImageObject\",\"inLanguage\":\"pl-PL\",\"@id\":\"https:\/\/heritagehubkrakow.org\/pl\/#\/schema\/logo\/image\/\",\"url\":\"https:\/\/heritagehubkrakow.org\/wp-content\/uploads\/2023\/01\/europa-logo.png\",\"contentUrl\":\"https:\/\/heritagehubkrakow.org\/wp-content\/uploads\/2023\/01\/europa-logo.png\",\"width\":218,\"height\":237,\"caption\":\"Europa Nostra\"},\"image\":{\"@id\":\"https:\/\/heritagehubkrakow.org\/pl\/#\/schema\/logo\/image\/\"}},{\"@type\":\"Person\",\"@id\":\"https:\/\/heritagehubkrakow.org\/pl\/#\/schema\/person\/112a7abbe48503b2f32e56abc46af660\",\"name\":\"Lukasz\",\"image\":{\"@type\":\"ImageObject\",\"inLanguage\":\"pl-PL\",\"@id\":\"https:\/\/heritagehubkrakow.org\/pl\/#\/schema\/person\/image\/\",\"url\":\"https:\/\/secure.gravatar.com\/avatar\/ad98e1210139ce861e9a29f33990fb143471357f24b3f9df1095f3e51e7a4f52?s=96&d=mm&r=g\",\"contentUrl\":\"https:\/\/secure.gravatar.com\/avatar\/ad98e1210139ce861e9a29f33990fb143471357f24b3f9df1095f3e51e7a4f52?s=96&d=mm&r=g\",\"caption\":\"Lukasz\"},\"url\":\"https:\/\/heritagehubkrakow.org\/pl\/author\/lukasz-pierog\/\"}]}<\/script>\n<!-- \/ Yoast SEO plugin. -->","yoast_head_json":{"title":"\u015awiatowy Dzie\u0144 Vyshyvanki \u2013 18 maja 2023 - Europa Nostra","robots":{"index":"index","follow":"follow","max-snippet":"max-snippet:-1","max-image-preview":"max-image-preview:large","max-video-preview":"max-video-preview:-1"},"canonical":"https:\/\/heritagehubkrakow.org\/pl\/swiatowy-dzien-vyshyvanki-18-maja-2023\/","og_locale":"pl_PL","og_type":"article","og_title":"\u015awiatowy Dzie\u0144 Vyshyvanki \u2013 18 maja 2023 - Europa Nostra","og_description":"\u015awiatowy Dzie\u0144 Wyszywanki to mi\u0119dzynarodowe \u015bwi\u0119to po\u015bwi\u0119cone zachowaniu ukrai\u0144skiej haftowanej koszuli (znanej jako \u201evyshyvanka\u201d) jako symbolu materialnego i duchowego dziedzictwa narodu ukrai\u0144skiego. Co roku w trzeci czwartek maja Ukrai\u0144cy i przyjaciele Ukrainy z ponad stu kraj\u00f3w nosz\u0105 vyshyvanki w celu uczczenia tego dziedzictwa. \u015awiatowy Dzie\u0144 Vyshyvanki otrzyma\u0142 European Heritage Award | Europa Nostra Award 2022 co zwi\u0119kszy\u0142o rozpoznawalno\u015b\u0107 \u015bwi\u0119ta w Europie.","og_url":"https:\/\/heritagehubkrakow.org\/pl\/swiatowy-dzien-vyshyvanki-18-maja-2023\/","og_site_name":"Europa Nostra","article_published_time":"2023-05-18T08:34:07+00:00","author":"Lukasz","twitter_card":"summary_large_image","twitter_misc":{"Napisane przez":"Lukasz","Szacowany czas czytania":"2 minuty"},"schema":{"@context":"https:\/\/schema.org","@graph":[{"@type":"Article","@id":"https:\/\/heritagehubkrakow.org\/pl\/swiatowy-dzien-vyshyvanki-18-maja-2023\/#article","isPartOf":{"@id":"https:\/\/heritagehubkrakow.org\/pl\/swiatowy-dzien-vyshyvanki-18-maja-2023\/"},"author":{"name":"Lukasz","@id":"https:\/\/heritagehubkrakow.org\/pl\/#\/schema\/person\/112a7abbe48503b2f32e56abc46af660"},"headline":"\u015awiatowy Dzie\u0144 Vyshyvanki \u2013 18 maja 2023","datePublished":"2023-05-18T08:34:07+00:00","dateModified":"2023-05-18T08:34:07+00:00","mainEntityOfPage":{"@id":"https:\/\/heritagehubkrakow.org\/pl\/swiatowy-dzien-vyshyvanki-18-maja-2023\/"},"wordCount":339,"commentCount":0,"publisher":{"@id":"https:\/\/heritagehubkrakow.org\/pl\/#organization"},"image":{"@id":"https:\/\/heritagehubkrakow.org\/pl\/swiatowy-dzien-vyshyvanki-18-maja-2023\/#primaryimage"},"thumbnailUrl":"https:\/\/heritagehubkrakow.org\/wp-content\/uploads\/2023\/05\/3_1-WVD_school.png","keywords":["Nagroda|\u015awi\u0119to"],"inLanguage":"pl-PL","potentialAction":[{"@type":"CommentAction","name":"Comment","target":["https:\/\/heritagehubkrakow.org\/pl\/swiatowy-dzien-vyshyvanki-18-maja-2023\/#respond"]}]},{"@type":"WebPage","@id":"https:\/\/heritagehubkrakow.org\/pl\/swiatowy-dzien-vyshyvanki-18-maja-2023\/","url":"https:\/\/heritagehubkrakow.org\/pl\/swiatowy-dzien-vyshyvanki-18-maja-2023\/","name":"\u015awiatowy Dzie\u0144 Vyshyvanki \u2013 18 maja 2023 - Europa Nostra","isPartOf":{"@id":"https:\/\/heritagehubkrakow.org\/pl\/#website"},"primaryImageOfPage":{"@id":"https:\/\/heritagehubkrakow.org\/pl\/swiatowy-dzien-vyshyvanki-18-maja-2023\/#primaryimage"},"image":{"@id":"https:\/\/heritagehubkrakow.org\/pl\/swiatowy-dzien-vyshyvanki-18-maja-2023\/#primaryimage"},"thumbnailUrl":"https:\/\/heritagehubkrakow.org\/wp-content\/uploads\/2023\/05\/3_1-WVD_school.png","datePublished":"2023-05-18T08:34:07+00:00","dateModified":"2023-05-18T08:34:07+00:00","breadcrumb":{"@id":"https:\/\/heritagehubkrakow.org\/pl\/swiatowy-dzien-vyshyvanki-18-maja-2023\/#breadcrumb"},"inLanguage":"pl-PL","potentialAction":[{"@type":"ReadAction","target":["https:\/\/heritagehubkrakow.org\/pl\/swiatowy-dzien-vyshyvanki-18-maja-2023\/"]}]},{"@type":"ImageObject","inLanguage":"pl-PL","@id":"https:\/\/heritagehubkrakow.org\/pl\/swiatowy-dzien-vyshyvanki-18-maja-2023\/#primaryimage","url":"https:\/\/heritagehubkrakow.org\/wp-content\/uploads\/2023\/05\/3_1-WVD_school.png","contentUrl":"https:\/\/heritagehubkrakow.org\/wp-content\/uploads\/2023\/05\/3_1-WVD_school.png"},{"@type":"BreadcrumbList","@id":"https:\/\/heritagehubkrakow.org\/pl\/swiatowy-dzien-vyshyvanki-18-maja-2023\/#breadcrumb","itemListElement":[{"@type":"ListItem","position":1,"name":"Homepage","item":"https:\/\/heritagehubkrakow.org\/pl\/"},{"@type":"ListItem","position":2,"name":"\u015awiatowy Dzie\u0144 Vyshyvanki \u2013 18 maja 2023"}]},{"@type":"WebSite","@id":"https:\/\/heritagehubkrakow.org\/pl\/#website","url":"https:\/\/heritagehubkrakow.org\/pl\/","name":"Europa Nostra","description":"Heritage Hub for Central and Eastern Europe","publisher":{"@id":"https:\/\/heritagehubkrakow.org\/pl\/#organization"},"potentialAction":[{"@type":"SearchAction","target":{"@type":"EntryPoint","urlTemplate":"https:\/\/heritagehubkrakow.org\/pl\/?s={search_term_string}"},"query-input":{"@type":"PropertyValueSpecification","valueRequired":true,"valueName":"search_term_string"}}],"inLanguage":"pl-PL"},{"@type":"Organization","@id":"https:\/\/heritagehubkrakow.org\/pl\/#organization","name":"Europa Nostra","url":"https:\/\/heritagehubkrakow.org\/pl\/","logo":{"@type":"ImageObject","inLanguage":"pl-PL","@id":"https:\/\/heritagehubkrakow.org\/pl\/#\/schema\/logo\/image\/","url":"https:\/\/heritagehubkrakow.org\/wp-content\/uploads\/2023\/01\/europa-logo.png","contentUrl":"https:\/\/heritagehubkrakow.org\/wp-content\/uploads\/2023\/01\/europa-logo.png","width":218,"height":237,"caption":"Europa Nostra"},"image":{"@id":"https:\/\/heritagehubkrakow.org\/pl\/#\/schema\/logo\/image\/"}},{"@type":"Person","@id":"https:\/\/heritagehubkrakow.org\/pl\/#\/schema\/person\/112a7abbe48503b2f32e56abc46af660","name":"Lukasz","image":{"@type":"ImageObject","inLanguage":"pl-PL","@id":"https:\/\/heritagehubkrakow.org\/pl\/#\/schema\/person\/image\/","url":"https:\/\/secure.gravatar.com\/avatar\/ad98e1210139ce861e9a29f33990fb143471357f24b3f9df1095f3e51e7a4f52?s=96&d=mm&r=g","contentUrl":"https:\/\/secure.gravatar.com\/avatar\/ad98e1210139ce861e9a29f33990fb143471357f24b3f9df1095f3e51e7a4f52?s=96&d=mm&r=g","caption":"Lukasz"},"url":"https:\/\/heritagehubkrakow.org\/pl\/author\/lukasz-pierog\/"}]}},"_links":{"self":[{"href":"https:\/\/heritagehubkrakow.org\/pl\/wp-json\/wp\/v2\/posts\/7206","targetHints":{"allow":["GET"]}}],"collection":[{"href":"https:\/\/heritagehubkrakow.org\/pl\/wp-json\/wp\/v2\/posts"}],"about":[{"href":"https:\/\/heritagehubkrakow.org\/pl\/wp-json\/wp\/v2\/types\/post"}],"author":[{"embeddable":true,"href":"https:\/\/heritagehubkrakow.org\/pl\/wp-json\/wp\/v2\/users\/7"}],"replies":[{"embeddable":true,"href":"https:\/\/heritagehubkrakow.org\/pl\/wp-json\/wp\/v2\/comments?post=7206"}],"version-history":[{"count":0,"href":"https:\/\/heritagehubkrakow.org\/pl\/wp-json\/wp\/v2\/posts\/7206\/revisions"}],"wp:attachment":[{"href":"https:\/\/heritagehubkrakow.org\/pl\/wp-json\/wp\/v2\/media?parent=7206"}],"wp:term":[{"taxonomy":"category","embeddable":true,"href":"https:\/\/heritagehubkrakow.org\/pl\/wp-json\/wp\/v2\/categories?post=7206"},{"taxonomy":"post_tag","embeddable":true,"href":"https:\/\/heritagehubkrakow.org\/pl\/wp-json\/wp\/v2\/tags?post=7206"}],"curies":[{"name":"wp","href":"https:\/\/api.w.org\/{rel}","templated":true}]}}