{"id":7207,"date":"2023-05-23T05:55:51","date_gmt":"2023-05-23T05:55:51","guid":{"rendered":"https:\/\/heritagehubkrakow.org\/przestepczosc-wobec-dziedzictwa-kulturowego-konferencja-misji-doradczej-unii-europejskiej-euam-na-ukrainie\/"},"modified":"2023-05-23T05:55:51","modified_gmt":"2023-05-23T05:55:51","slug":"przestepczosc-wobec-dziedzictwa-kulturowego-konferencja-misji-doradczej-unii-europejskiej-euam-na-ukrainie","status":"publish","type":"post","link":"https:\/\/heritagehubkrakow.org\/pl\/przestepczosc-wobec-dziedzictwa-kulturowego-konferencja-misji-doradczej-unii-europejskiej-euam-na-ukrainie\/","title":{"rendered":"Przest\u0119pczo\u015b\u0107 wobec dziedzictwa kulturowego \u2013 konferencja Misji Doradczej UE na Ukrainie"},"content":{"rendered":"<div class=\"is-style-section-container, has-white-text is-style-section-container wp-block-group alignfull has-red-background-color has-background eplus-wrapper is-layout-constrained wp-block-group-is-layout-constrained eplus-styles-uid-cd9c93\"><div class=\"is-style-section-container wp-block-group alignfull eplus-wrapper is-layout-constrained wp-block-group-is-layout-constrained eplus-styles-uid-662964\"><div class=\"has-white-text wp-block-group alignfull has-white-color has-text-color eplus-wrapper is-layout-constrained wp-block-group-is-layout-constrained eplus-styles-uid-a78524\"><h1 class=\" wp-block-heading has-text-align-center eplus-wrapper eplus-styles-uid-eee9f7\">&#8222;<strong><strong><strong>Przest\u0119pczo\u015b\u0107 wobec dziedzictwa kulturowego&#8221; &#8211; konferencja Misji Doradczej Unii Europejskiej na Ukrainie<\/strong><\/strong><\/strong><\/h1>\n\n<div class=\"yoast-breadcrumbs\"><span><span><a href=\"https:\/\/heritagehubkrakow.org\/pl\/\">Homepage<\/a><\/span> &#8211; <span class=\"breadcrumb_last\" aria-current=\"page\">Przest\u0119pczo\u015b\u0107 wobec dziedzictwa kulturowego \u2013 konferencja Misji Doradczej UE na Ukrainie<\/span><\/span><\/div><\/div><\/div><\/div>\n\n<div class=\"is-style-section-container wp-block-group alignfull has-green-dark-background-color has-background eplus-wrapper is-layout-constrained wp-block-group-is-layout-constrained eplus-styles-uid-4c6cdd\"><div class=\"wp-block-group alignfull eplus-wrapper is-layout-constrained wp-block-group-is-layout-constrained eplus-styles-uid-95a17e\">\n<div class=\"wp-block-group eplus-wrapper is-layout-constrained wp-block-group-is-layout-constrained\"><div class=\"wp-block-group eplus-wrapper is-content-justification-center is-layout-flex wp-container-core-group-is-layout-8ee2ad45 wp-block-group-is-layout-flex eplus-styles-uid-cf9c39\"><div class=\"article-date wp-block-post-date\"><time datetime=\"2023-05-23T05:55:51+00:00\">23 maja 2023<\/time><\/div><\/div>\n\n<div class=\"wp-block-group eplus-wrapper is-layout-constrained wp-block-group-is-layout-constrained eplus-styles-uid-ba2e4b\"><div class=\"taxonomy-post_tag has-text-align-center article-tags wp-block-post-terms eplus-styles-uid-d35575\"><a href=\"https:\/\/heritagehubkrakow.org\/pl\/tag\/dziedzictwo-w-zagrozeniukonferencja\/\" rel=\"tag\">Dziedzictwo w zagro\u017ceniu|Konferencja<\/a><span class=\"wp-block-post-terms__suffix\"> <\/span><\/div><\/div>\n\n\n<h3 class=\" wp-block-heading eplus-wrapper\"><strong>W dniach 18\u201319 maja 2023 roku przedstawiciele <a href=\"https:\/\/www.europanostra.org\/\" target=\"_blank\" rel=\"noreferrer noopener\"><strong>Europa Nostra<\/strong><\/a> i <strong>Europa Nostra Heritage Hub for Central and Eastern Europe w Krakowie<\/strong> wzi\u0119li udzia\u0142 w mi\u0119dzynarodowej konferencji <strong>\u201eCultural Heritage Crime: In Wartime and Beyond\u201d [\u201ePrzest\u0119pczo\u015b\u0107 wobec dziedzictwa kulturowego: w czasie wojny i poza ni\u0105\u201d]<\/strong>. Konferencj\u0119, kt\u00f3ra mia\u0142a miejsce <strong>we Lwowie<\/strong> zorganizowa\u0142a <a href=\"https:\/\/www.euam-ukraine.eu\/\" target=\"_blank\" rel=\"noreferrer noopener\"><strong>Misja Doradcza Unii Europejskiej (EUAM) na Ukrainie<\/strong><\/a>. Wydarzenie mia\u0142o na celu wypracowanie modeli wsp\u00f3\u0142pracy pomi\u0119dzy partnerami ukrai\u0144skimi i mi\u0119dzynarodowymi w zakresie \u015bcigania przest\u0119pstw przeciwko dziedzictwu kulturowemu Ukrainy, w kontek\u015bcie niesprowokowanej agresji Rosji.<\/strong><\/h3>\n\n\n\n<p class=\" eplus-wrapper\">Konferencja zgromadzi\u0142a uznanych mi\u0119dzynarodowych ekspert\u00f3w w dziedzinie ochrony d\u00f3br kultury oraz przedstawicieli w\u0142adz pa\u0144stwowych Ukrainy i Unii Europejskiej, organ\u00f3w \u015bcigania i praworz\u0105dno\u015bci, a tak\u017ce ze \u015brodowiska muze\u00f3w i instytucji kultury. Uczestnicy wsp\u00f3lnie dyskutowali o najlepszych modelach wsp\u00f3\u0142pracy w zakresie naprawiania strat wyrz\u0105dzonych przez rosyjskiego agresora obiektom dziedzictwa kulturowego Ukrainy oraz prowadzenia dochodze\u0144 w sprawie pope\u0142nionych przest\u0119pstw. Uczestnicy pochylali si\u0119 nad ramami prawnymi, podej\u015bciami operacyjnymi oraz nad mi\u0119dzynarodow\u0105 i lokaln\u0105 reakcj\u0105 na przest\u0119pstwa zwi\u0105zane z dziedzictwem kulturowym, podkre\u015blaj\u0105c znaczenie wsp\u00f3\u0142pracy, skoordynowanych wysi\u0142k\u00f3w i wymiany informacji na poziomie krajowym i mi\u0119dzynarodowym. W konferencji poruszono m.in. nast\u0119puj\u0105ce tematy:<\/p>\n\n\n<ul class=\"eplus-wrapper wp-block-list eplus-styles-uid-deeb9b\">\n<li class=\" eplus-wrapper\">strategiczne podej\u015bcie UE do dziedzictwa kulturowego w konfliktach i kryzysach;<\/li>\n\n\n\n<li class=\" eplus-wrapper\">zbrodnie wojenne przeciwko dziedzictwu kulturowemu (koncepcja prawna, wp\u0142yw i wymiary);<\/li>\n\n\n\n<li class=\" eplus-wrapper\">do\u015bwiadczenie Mi\u0119dzynarodowego Trybuna\u0142u Karnego (MTK) w prowadzeniu dochodze\u0144 i \u015bciganiu przest\u0119pstw przeciwko dziedzictwu kulturowemu w Mali;<\/li>\n\n\n\n<li class=\" eplus-wrapper\">dzia\u0142alno\u015b\u0107 \u015awiatowej Organizacji Celnej (WCO) w zakresie dziedzictwa kulturowego;<\/li>\n\n\n\n<li class=\" eplus-wrapper\">do\u015bwiadczenia w\u0142oskich karabinier\u00f3w i policji austriackiej w ochronie dziedzictwa kulturowego.<\/li>\n<\/ul>\n\n\n<p class=\" eplus-wrapper\">Konferencja pos\u0142u\u017cy\u0142a jako wydarzenie inauguracyjne nadaj\u0105ce impuls przysz\u0142ym wsp\u00f3lnym dzia\u0142aniom w ramach projektu EUAM w celu wzmocnienia ochrony ukrai\u0144skiego dziedzictwa kulturowego poprzez wsparcie doradcze i u\u0142atwienie mi\u0119dzyagencyjnej i mi\u0119dzynarodowej koordynacji oraz wymiany informacji. Na bazie ewaluacji niniejszego wydarzenia EUAM Ukraine przygotuje rekomendacje maj\u0105ce u\u0142atwia\u0107 owocn\u0105 wsp\u00f3\u0142prac\u0119 mi\u0119dzy ukrai\u0144skimi i europejskimi ekspertami i agencjami.<\/p>\n\n\n\n<p class=\" eplus-wrapper\">W konferencji wzi\u0119li udzia\u0142 przedstawiciele wysokiego szczebla m.in. ukrai\u0144skiego rz\u0105du, parlamentu, organ\u00f3w bezpiecze\u0144stwa i wymiaru sprawiedliwo\u015bci, a tak\u017ce uczestnicy z UE, \u015awiatowej Organizacji Celnej, Mi\u0119dzynarodowego Trybuna\u0142u Karnego, UNESCO, Organizacji Bezpiecze\u0144stwa i Wsp\u00f3\u0142pracy w Europie, Interpolu oraz s\u0142u\u017cb policyjnych pa\u0144stw cz\u0142onkowskich UE. W wydarzeniu z ramienia Europa Nostra Heritage Hub w Krakowie uczestniczy\u0142a dr Joanna Dziadowiec-Gregani\u0107. Wraz z Antigoni Michaelem (koordynatorem <a href=\"https:\/\/7mostendangered.eu\/\" target=\"_blank\" rel=\"noreferrer noopener\"><strong>7 Most Endangered<\/strong><\/a>, Europa Nostra), reprezentowali <strong>s\u0142u\u017cby Komisji Europejskiej odpowiedzialne za kultur\u0119<\/strong>: <a href=\"https:\/\/commission.europa.eu\/about-european-commission\/departments-and-executive-agencies\/education-youth-sport-and-culture_en\" target=\"_blank\" rel=\"noreferrer noopener\"><strong>Dyrekcj\u0119 Generaln\u0105 ds. Edukacji, M\u0142odzie\u017cy, Sportu i Kultury (DG EAC)<\/strong><\/a><strong> oraz <\/strong><a href=\"https:\/\/www.eacea.ec.europa.eu\/index_en\" target=\"_blank\" rel=\"noreferrer noopener\"><strong>Europejsk\u0105 Agencj\u0119 Wykonawcz\u0105 ds. Edukacji i Kultury (EACEA)<\/strong><\/a>.<\/p>\n\n\n\n<p class=\" eplus-wrapper\">EUAM Ukraine wspiera Ukrain\u0119 w dochodzeniach w sprawie zbrodni mi\u0119dzynarodowych pope\u0142nionych w kontek\u015bcie rosyjskiej agresji, co obejmuje zar\u00f3wno zbrodnie wojenne, jak i zbrodnie przeciwko dziedzictwu kulturowemu.<\/p>\n\n\n\n<p class=\" eplus-wrapper\">Warto doda\u0107, \u017ce w tym miesi\u0105cu <a href=\"https:\/\/english.nv.ua\/nation\/ukraine-passes-bill-on-removing-soviet-monuments-from-state-register-news-50322007.html\" target=\"_blank\" rel=\"noreferrer noopener\">ukrai\u0144ski parlament uchwali\u0142 ustaw\u0119 odbieraj\u0105c\u0105 sowieckim i imperialnym zabytkom kultury status ochronny<\/a>. Od tej pory Pa\u0144stwo Ukrai\u0144skie b\u0119dzie mia\u0142o podstawy prawne do wykre\u015blania symboli rosyjskiego i sowieckiego imperializmu z rejestru chronionych obiekt\u00f3w zabytkowych. Za cz\u0119\u015b\u0107 dziedzictwa kulturowego Ukrainy nie b\u0119d\u0105 uznawane nast\u0119puj\u0105ce typy zabytk\u00f3w:<\/p>\n\n\n<ul class=\"eplus-wrapper wp-block-list eplus-styles-uid-1b2a4a\">\n<li class=\" eplus-wrapper\">po\u015bwi\u0119cone osobom zajmuj\u0105cym kierownicze stanowiska w partii komunistycznej;<\/li>\n\n\n\n<li class=\" eplus-wrapper\">po\u015bwi\u0119cone przyw\u00f3dcom piastuj\u0105cym wysokie stanowiska w Zwi\u0105zku Radzieckim, Ukrai\u0144skiej Socjalistycznej Republice Radzieckiej lub innych autonomicznych republikach radzieckich;<\/li>\n\n\n\n<li class=\" eplus-wrapper\">po\u015bwi\u0119cone wydarzeniom zwi\u0105zanym z dzia\u0142alno\u015bci\u0105 partii komunistycznej i ustanowieniem w\u0142adzy sowieckiej na terytorium Ukrainy;<\/li>\n\n\n\n<li class=\" eplus-wrapper\">te, kt\u00f3re symbolizuj\u0105 rosyjsk\u0105 imperialn\u0105 lub sowieck\u0105 polityk\u0119 totalitarn\u0105.<\/li>\n<\/ul>\n\n\n<div class=\"wp-block-buttons eplus-wrapper is-layout-flex wp-block-buttons-is-layout-flex\"><div class=\"is-style-black wp-block-button eplus-wrapper eplus-styles-uid-ac4f72\"><a class=\"wp-block-button__link wp-element-button\" href=\"https:\/\/www.euam-ukraine.eu\/news\/lviv-hosts-international-conference-on-crimes-against-cultural-heritage\/\" target=\"_blank\" rel=\"noreferrer noopener\">Czytaj wi\u0119cej<\/a><\/div><\/div>\n<\/div>\n\n\n<div class=\"wp-block-columns are-vertically-aligned-center eplus-wrapper is-layout-flex wp-container-core-columns-is-layout-9d6595d7 wp-block-columns-is-layout-flex eplus-styles-uid-c9d07c\">\n<div class=\"wp-block-column is-vertically-aligned-center eplus-wrapper is-layout-flow wp-block-column-is-layout-flow\" style=\"flex-basis:100%\">\n<p class=\" has-text-align-center eplus-wrapper\"><img decoding=\"async\" class=\"wp-image-2016\" style=\"width: 1000px;\" src=\"https:\/\/heritagehubkrakow.org\/wp-content\/uploads\/2023\/05\/22-e1684821575109.png\" alt=\"\"><\/p>\n<\/div>\n<\/div>\n\n\n<div class=\"wp-block-group eplus-wrapper is-layout-constrained wp-block-group-is-layout-constrained\">\n<p class=\" has-text-align-center eplus-wrapper\"><img decoding=\"async\" class=\"wp-image-2019\" style=\"width: 1000px;\" src=\"https:\/\/heritagehubkrakow.org\/wp-content\/uploads\/2023\/05\/12.png\" alt=\"\"><\/p>\n<\/div>\n\n\n\n<p class=\" has-text-align-center eplus-wrapper\"><img decoding=\"async\" class=\"wp-image-2025\" style=\"width: 1000px;\" src=\"https:\/\/heritagehubkrakow.org\/wp-content\/uploads\/2023\/05\/21.png\" alt=\"\"><\/p>\n<\/div><\/div>\n\n<div class=\"is-style-section-container wp-block-group alignfull has-blue-light-background-color has-background eplus-wrapper is-layout-constrained wp-block-group-is-layout-constrained eplus-styles-uid-4c6cdd\"><\/div>\n\n<div class=\"is-style-section-container wp-block-group alignfull has-orange-background-color has-background eplus-wrapper is-layout-constrained wp-block-group-is-layout-constrained eplus-styles-uid-4c6cdd\">\n<div class=\"wp-block-group alignfull eplus-wrapper is-layout-constrained wp-block-group-is-layout-constrained\"><\/div>\n<\/div>","protected":false},"excerpt":{"rendered":"<p>W dniach 18\u201319 maja 2023 r. przedstawiciele Europa Nostra i Krak\u00f3w Heritage Hub wzi\u0119li udzia\u0142 w konferencji \u201ePrzest\u0119pczo\u015b\u0107 wobec dziedzictwa kulturowego: w czasie wojny i poza ni\u0105\u201d. Konferencj\u0119, kt\u00f3ra mia\u0142a miejsce we Lwowie zorganizowa\u0142a Misja Doradcza UE (EUAM) na Ukrainie.<\/p>\n","protected":false},"author":7,"featured_media":0,"comment_status":"open","ping_status":"open","sticky":false,"template":"","format":"standard","meta":{"_acf_changed":false,"editor_plus_copied_stylings":"{}","footnotes":""},"categories":[16],"tags":[243],"class_list":["post-7207","post","type-post","status-publish","format-standard","hentry","category-bez-kategorii","tag-dziedzictwo-w-zagrozeniukonferencja"],"acf":[],"yoast_head":"<!-- This site is optimized with the Yoast SEO plugin v23.8 - https:\/\/yoast.com\/wordpress\/plugins\/seo\/ -->\n<title>Przest\u0119pczo\u015b\u0107 wobec dziedzictwa kulturowego \u2013 konferencja Misji Doradczej UE na Ukrainie - Europa Nostra<\/title>\n<meta name=\"robots\" content=\"index, follow, max-snippet:-1, max-image-preview:large, max-video-preview:-1\" \/>\n<link rel=\"canonical\" href=\"https:\/\/heritagehubkrakow.org\/pl\/przestepczosc-wobec-dziedzictwa-kulturowego-konferencja-misji-doradczej-unii-europejskiej-euam-na-ukrainie\/\" \/>\n<meta property=\"og:locale\" content=\"pl_PL\" \/>\n<meta property=\"og:type\" content=\"article\" \/>\n<meta property=\"og:title\" content=\"Przest\u0119pczo\u015b\u0107 wobec dziedzictwa kulturowego \u2013 konferencja Misji Doradczej UE na Ukrainie - Europa Nostra\" \/>\n<meta property=\"og:description\" content=\"W dniach 18\u201319 maja 2023 r. przedstawiciele Europa Nostra i Krak\u00f3w Heritage Hub wzi\u0119li udzia\u0142 w konferencji \u201ePrzest\u0119pczo\u015b\u0107 wobec dziedzictwa kulturowego: w czasie wojny i poza ni\u0105\u201d. Konferencj\u0119, kt\u00f3ra mia\u0142a miejsce we Lwowie zorganizowa\u0142a Misja Doradcza UE (EUAM) na Ukrainie.\" \/>\n<meta property=\"og:url\" content=\"https:\/\/heritagehubkrakow.org\/pl\/przestepczosc-wobec-dziedzictwa-kulturowego-konferencja-misji-doradczej-unii-europejskiej-euam-na-ukrainie\/\" \/>\n<meta property=\"og:site_name\" content=\"Europa Nostra\" \/>\n<meta property=\"article:published_time\" content=\"2023-05-23T05:55:51+00:00\" \/>\n<meta name=\"author\" content=\"Lukasz\" \/>\n<meta name=\"twitter:card\" content=\"summary_large_image\" \/>\n<meta name=\"twitter:label1\" content=\"Napisane przez\" \/>\n\t<meta name=\"twitter:data1\" content=\"Lukasz\" \/>\n\t<meta name=\"twitter:label2\" content=\"Szacowany czas czytania\" \/>\n\t<meta name=\"twitter:data2\" content=\"3 minuty\" \/>\n<script type=\"application\/ld+json\" class=\"yoast-schema-graph\">{\"@context\":\"https:\/\/schema.org\",\"@graph\":[{\"@type\":\"Article\",\"@id\":\"https:\/\/heritagehubkrakow.org\/pl\/przestepczosc-wobec-dziedzictwa-kulturowego-konferencja-misji-doradczej-unii-europejskiej-euam-na-ukrainie\/#article\",\"isPartOf\":{\"@id\":\"https:\/\/heritagehubkrakow.org\/pl\/przestepczosc-wobec-dziedzictwa-kulturowego-konferencja-misji-doradczej-unii-europejskiej-euam-na-ukrainie\/\"},\"author\":{\"name\":\"Lukasz\",\"@id\":\"https:\/\/heritagehubkrakow.org\/pl\/#\/schema\/person\/112a7abbe48503b2f32e56abc46af660\"},\"headline\":\"Przest\u0119pczo\u015b\u0107 wobec dziedzictwa kulturowego \u2013 konferencja Misji Doradczej UE na Ukrainie\",\"datePublished\":\"2023-05-23T05:55:51+00:00\",\"dateModified\":\"2023-05-23T05:55:51+00:00\",\"mainEntityOfPage\":{\"@id\":\"https:\/\/heritagehubkrakow.org\/pl\/przestepczosc-wobec-dziedzictwa-kulturowego-konferencja-misji-doradczej-unii-europejskiej-euam-na-ukrainie\/\"},\"wordCount\":646,\"commentCount\":0,\"publisher\":{\"@id\":\"https:\/\/heritagehubkrakow.org\/pl\/#organization\"},\"image\":{\"@id\":\"https:\/\/heritagehubkrakow.org\/pl\/przestepczosc-wobec-dziedzictwa-kulturowego-konferencja-misji-doradczej-unii-europejskiej-euam-na-ukrainie\/#primaryimage\"},\"thumbnailUrl\":\"https:\/\/heritagehubkrakow.org\/wp-content\/uploads\/2023\/05\/22-e1684821575109.png\",\"keywords\":[\"Dziedzictwo w zagro\u017ceniu|Konferencja\"],\"inLanguage\":\"pl-PL\",\"potentialAction\":[{\"@type\":\"CommentAction\",\"name\":\"Comment\",\"target\":[\"https:\/\/heritagehubkrakow.org\/pl\/przestepczosc-wobec-dziedzictwa-kulturowego-konferencja-misji-doradczej-unii-europejskiej-euam-na-ukrainie\/#respond\"]}]},{\"@type\":\"WebPage\",\"@id\":\"https:\/\/heritagehubkrakow.org\/pl\/przestepczosc-wobec-dziedzictwa-kulturowego-konferencja-misji-doradczej-unii-europejskiej-euam-na-ukrainie\/\",\"url\":\"https:\/\/heritagehubkrakow.org\/pl\/przestepczosc-wobec-dziedzictwa-kulturowego-konferencja-misji-doradczej-unii-europejskiej-euam-na-ukrainie\/\",\"name\":\"Przest\u0119pczo\u015b\u0107 wobec dziedzictwa kulturowego \u2013 konferencja Misji Doradczej UE na Ukrainie - Europa Nostra\",\"isPartOf\":{\"@id\":\"https:\/\/heritagehubkrakow.org\/pl\/#website\"},\"primaryImageOfPage\":{\"@id\":\"https:\/\/heritagehubkrakow.org\/pl\/przestepczosc-wobec-dziedzictwa-kulturowego-konferencja-misji-doradczej-unii-europejskiej-euam-na-ukrainie\/#primaryimage\"},\"image\":{\"@id\":\"https:\/\/heritagehubkrakow.org\/pl\/przestepczosc-wobec-dziedzictwa-kulturowego-konferencja-misji-doradczej-unii-europejskiej-euam-na-ukrainie\/#primaryimage\"},\"thumbnailUrl\":\"https:\/\/heritagehubkrakow.org\/wp-content\/uploads\/2023\/05\/22-e1684821575109.png\",\"datePublished\":\"2023-05-23T05:55:51+00:00\",\"dateModified\":\"2023-05-23T05:55:51+00:00\",\"breadcrumb\":{\"@id\":\"https:\/\/heritagehubkrakow.org\/pl\/przestepczosc-wobec-dziedzictwa-kulturowego-konferencja-misji-doradczej-unii-europejskiej-euam-na-ukrainie\/#breadcrumb\"},\"inLanguage\":\"pl-PL\",\"potentialAction\":[{\"@type\":\"ReadAction\",\"target\":[\"https:\/\/heritagehubkrakow.org\/pl\/przestepczosc-wobec-dziedzictwa-kulturowego-konferencja-misji-doradczej-unii-europejskiej-euam-na-ukrainie\/\"]}]},{\"@type\":\"ImageObject\",\"inLanguage\":\"pl-PL\",\"@id\":\"https:\/\/heritagehubkrakow.org\/pl\/przestepczosc-wobec-dziedzictwa-kulturowego-konferencja-misji-doradczej-unii-europejskiej-euam-na-ukrainie\/#primaryimage\",\"url\":\"https:\/\/heritagehubkrakow.org\/wp-content\/uploads\/2023\/05\/22-e1684821575109.png\",\"contentUrl\":\"https:\/\/heritagehubkrakow.org\/wp-content\/uploads\/2023\/05\/22-e1684821575109.png\"},{\"@type\":\"BreadcrumbList\",\"@id\":\"https:\/\/heritagehubkrakow.org\/pl\/przestepczosc-wobec-dziedzictwa-kulturowego-konferencja-misji-doradczej-unii-europejskiej-euam-na-ukrainie\/#breadcrumb\",\"itemListElement\":[{\"@type\":\"ListItem\",\"position\":1,\"name\":\"Homepage\",\"item\":\"https:\/\/heritagehubkrakow.org\/pl\/\"},{\"@type\":\"ListItem\",\"position\":2,\"name\":\"Przest\u0119pczo\u015b\u0107 wobec dziedzictwa kulturowego \u2013 konferencja Misji Doradczej UE na Ukrainie\"}]},{\"@type\":\"WebSite\",\"@id\":\"https:\/\/heritagehubkrakow.org\/pl\/#website\",\"url\":\"https:\/\/heritagehubkrakow.org\/pl\/\",\"name\":\"Europa Nostra\",\"description\":\"Heritage Hub for Central and Eastern Europe\",\"publisher\":{\"@id\":\"https:\/\/heritagehubkrakow.org\/pl\/#organization\"},\"potentialAction\":[{\"@type\":\"SearchAction\",\"target\":{\"@type\":\"EntryPoint\",\"urlTemplate\":\"https:\/\/heritagehubkrakow.org\/pl\/?s={search_term_string}\"},\"query-input\":{\"@type\":\"PropertyValueSpecification\",\"valueRequired\":true,\"valueName\":\"search_term_string\"}}],\"inLanguage\":\"pl-PL\"},{\"@type\":\"Organization\",\"@id\":\"https:\/\/heritagehubkrakow.org\/pl\/#organization\",\"name\":\"Europa Nostra\",\"url\":\"https:\/\/heritagehubkrakow.org\/pl\/\",\"logo\":{\"@type\":\"ImageObject\",\"inLanguage\":\"pl-PL\",\"@id\":\"https:\/\/heritagehubkrakow.org\/pl\/#\/schema\/logo\/image\/\",\"url\":\"https:\/\/heritagehubkrakow.org\/wp-content\/uploads\/2023\/01\/europa-logo.png\",\"contentUrl\":\"https:\/\/heritagehubkrakow.org\/wp-content\/uploads\/2023\/01\/europa-logo.png\",\"width\":218,\"height\":237,\"caption\":\"Europa Nostra\"},\"image\":{\"@id\":\"https:\/\/heritagehubkrakow.org\/pl\/#\/schema\/logo\/image\/\"}},{\"@type\":\"Person\",\"@id\":\"https:\/\/heritagehubkrakow.org\/pl\/#\/schema\/person\/112a7abbe48503b2f32e56abc46af660\",\"name\":\"Lukasz\",\"image\":{\"@type\":\"ImageObject\",\"inLanguage\":\"pl-PL\",\"@id\":\"https:\/\/heritagehubkrakow.org\/pl\/#\/schema\/person\/image\/\",\"url\":\"https:\/\/secure.gravatar.com\/avatar\/ad98e1210139ce861e9a29f33990fb143471357f24b3f9df1095f3e51e7a4f52?s=96&d=mm&r=g\",\"contentUrl\":\"https:\/\/secure.gravatar.com\/avatar\/ad98e1210139ce861e9a29f33990fb143471357f24b3f9df1095f3e51e7a4f52?s=96&d=mm&r=g\",\"caption\":\"Lukasz\"},\"url\":\"https:\/\/heritagehubkrakow.org\/pl\/author\/lukasz-pierog\/\"}]}<\/script>\n<!-- \/ Yoast SEO plugin. -->","yoast_head_json":{"title":"Przest\u0119pczo\u015b\u0107 wobec dziedzictwa kulturowego \u2013 konferencja Misji Doradczej UE na Ukrainie - Europa Nostra","robots":{"index":"index","follow":"follow","max-snippet":"max-snippet:-1","max-image-preview":"max-image-preview:large","max-video-preview":"max-video-preview:-1"},"canonical":"https:\/\/heritagehubkrakow.org\/pl\/przestepczosc-wobec-dziedzictwa-kulturowego-konferencja-misji-doradczej-unii-europejskiej-euam-na-ukrainie\/","og_locale":"pl_PL","og_type":"article","og_title":"Przest\u0119pczo\u015b\u0107 wobec dziedzictwa kulturowego \u2013 konferencja Misji Doradczej UE na Ukrainie - Europa Nostra","og_description":"W dniach 18\u201319 maja 2023 r. przedstawiciele Europa Nostra i Krak\u00f3w Heritage Hub wzi\u0119li udzia\u0142 w konferencji \u201ePrzest\u0119pczo\u015b\u0107 wobec dziedzictwa kulturowego: w czasie wojny i poza ni\u0105\u201d. Konferencj\u0119, kt\u00f3ra mia\u0142a miejsce we Lwowie zorganizowa\u0142a Misja Doradcza UE (EUAM) na Ukrainie.","og_url":"https:\/\/heritagehubkrakow.org\/pl\/przestepczosc-wobec-dziedzictwa-kulturowego-konferencja-misji-doradczej-unii-europejskiej-euam-na-ukrainie\/","og_site_name":"Europa Nostra","article_published_time":"2023-05-23T05:55:51+00:00","author":"Lukasz","twitter_card":"summary_large_image","twitter_misc":{"Napisane przez":"Lukasz","Szacowany czas czytania":"3 minuty"},"schema":{"@context":"https:\/\/schema.org","@graph":[{"@type":"Article","@id":"https:\/\/heritagehubkrakow.org\/pl\/przestepczosc-wobec-dziedzictwa-kulturowego-konferencja-misji-doradczej-unii-europejskiej-euam-na-ukrainie\/#article","isPartOf":{"@id":"https:\/\/heritagehubkrakow.org\/pl\/przestepczosc-wobec-dziedzictwa-kulturowego-konferencja-misji-doradczej-unii-europejskiej-euam-na-ukrainie\/"},"author":{"name":"Lukasz","@id":"https:\/\/heritagehubkrakow.org\/pl\/#\/schema\/person\/112a7abbe48503b2f32e56abc46af660"},"headline":"Przest\u0119pczo\u015b\u0107 wobec dziedzictwa kulturowego \u2013 konferencja Misji Doradczej UE na Ukrainie","datePublished":"2023-05-23T05:55:51+00:00","dateModified":"2023-05-23T05:55:51+00:00","mainEntityOfPage":{"@id":"https:\/\/heritagehubkrakow.org\/pl\/przestepczosc-wobec-dziedzictwa-kulturowego-konferencja-misji-doradczej-unii-europejskiej-euam-na-ukrainie\/"},"wordCount":646,"commentCount":0,"publisher":{"@id":"https:\/\/heritagehubkrakow.org\/pl\/#organization"},"image":{"@id":"https:\/\/heritagehubkrakow.org\/pl\/przestepczosc-wobec-dziedzictwa-kulturowego-konferencja-misji-doradczej-unii-europejskiej-euam-na-ukrainie\/#primaryimage"},"thumbnailUrl":"https:\/\/heritagehubkrakow.org\/wp-content\/uploads\/2023\/05\/22-e1684821575109.png","keywords":["Dziedzictwo w zagro\u017ceniu|Konferencja"],"inLanguage":"pl-PL","potentialAction":[{"@type":"CommentAction","name":"Comment","target":["https:\/\/heritagehubkrakow.org\/pl\/przestepczosc-wobec-dziedzictwa-kulturowego-konferencja-misji-doradczej-unii-europejskiej-euam-na-ukrainie\/#respond"]}]},{"@type":"WebPage","@id":"https:\/\/heritagehubkrakow.org\/pl\/przestepczosc-wobec-dziedzictwa-kulturowego-konferencja-misji-doradczej-unii-europejskiej-euam-na-ukrainie\/","url":"https:\/\/heritagehubkrakow.org\/pl\/przestepczosc-wobec-dziedzictwa-kulturowego-konferencja-misji-doradczej-unii-europejskiej-euam-na-ukrainie\/","name":"Przest\u0119pczo\u015b\u0107 wobec dziedzictwa kulturowego \u2013 konferencja Misji Doradczej UE na Ukrainie - Europa Nostra","isPartOf":{"@id":"https:\/\/heritagehubkrakow.org\/pl\/#website"},"primaryImageOfPage":{"@id":"https:\/\/heritagehubkrakow.org\/pl\/przestepczosc-wobec-dziedzictwa-kulturowego-konferencja-misji-doradczej-unii-europejskiej-euam-na-ukrainie\/#primaryimage"},"image":{"@id":"https:\/\/heritagehubkrakow.org\/pl\/przestepczosc-wobec-dziedzictwa-kulturowego-konferencja-misji-doradczej-unii-europejskiej-euam-na-ukrainie\/#primaryimage"},"thumbnailUrl":"https:\/\/heritagehubkrakow.org\/wp-content\/uploads\/2023\/05\/22-e1684821575109.png","datePublished":"2023-05-23T05:55:51+00:00","dateModified":"2023-05-23T05:55:51+00:00","breadcrumb":{"@id":"https:\/\/heritagehubkrakow.org\/pl\/przestepczosc-wobec-dziedzictwa-kulturowego-konferencja-misji-doradczej-unii-europejskiej-euam-na-ukrainie\/#breadcrumb"},"inLanguage":"pl-PL","potentialAction":[{"@type":"ReadAction","target":["https:\/\/heritagehubkrakow.org\/pl\/przestepczosc-wobec-dziedzictwa-kulturowego-konferencja-misji-doradczej-unii-europejskiej-euam-na-ukrainie\/"]}]},{"@type":"ImageObject","inLanguage":"pl-PL","@id":"https:\/\/heritagehubkrakow.org\/pl\/przestepczosc-wobec-dziedzictwa-kulturowego-konferencja-misji-doradczej-unii-europejskiej-euam-na-ukrainie\/#primaryimage","url":"https:\/\/heritagehubkrakow.org\/wp-content\/uploads\/2023\/05\/22-e1684821575109.png","contentUrl":"https:\/\/heritagehubkrakow.org\/wp-content\/uploads\/2023\/05\/22-e1684821575109.png"},{"@type":"BreadcrumbList","@id":"https:\/\/heritagehubkrakow.org\/pl\/przestepczosc-wobec-dziedzictwa-kulturowego-konferencja-misji-doradczej-unii-europejskiej-euam-na-ukrainie\/#breadcrumb","itemListElement":[{"@type":"ListItem","position":1,"name":"Homepage","item":"https:\/\/heritagehubkrakow.org\/pl\/"},{"@type":"ListItem","position":2,"name":"Przest\u0119pczo\u015b\u0107 wobec dziedzictwa kulturowego \u2013 konferencja Misji Doradczej UE na Ukrainie"}]},{"@type":"WebSite","@id":"https:\/\/heritagehubkrakow.org\/pl\/#website","url":"https:\/\/heritagehubkrakow.org\/pl\/","name":"Europa Nostra","description":"Heritage Hub for Central and Eastern Europe","publisher":{"@id":"https:\/\/heritagehubkrakow.org\/pl\/#organization"},"potentialAction":[{"@type":"SearchAction","target":{"@type":"EntryPoint","urlTemplate":"https:\/\/heritagehubkrakow.org\/pl\/?s={search_term_string}"},"query-input":{"@type":"PropertyValueSpecification","valueRequired":true,"valueName":"search_term_string"}}],"inLanguage":"pl-PL"},{"@type":"Organization","@id":"https:\/\/heritagehubkrakow.org\/pl\/#organization","name":"Europa Nostra","url":"https:\/\/heritagehubkrakow.org\/pl\/","logo":{"@type":"ImageObject","inLanguage":"pl-PL","@id":"https:\/\/heritagehubkrakow.org\/pl\/#\/schema\/logo\/image\/","url":"https:\/\/heritagehubkrakow.org\/wp-content\/uploads\/2023\/01\/europa-logo.png","contentUrl":"https:\/\/heritagehubkrakow.org\/wp-content\/uploads\/2023\/01\/europa-logo.png","width":218,"height":237,"caption":"Europa Nostra"},"image":{"@id":"https:\/\/heritagehubkrakow.org\/pl\/#\/schema\/logo\/image\/"}},{"@type":"Person","@id":"https:\/\/heritagehubkrakow.org\/pl\/#\/schema\/person\/112a7abbe48503b2f32e56abc46af660","name":"Lukasz","image":{"@type":"ImageObject","inLanguage":"pl-PL","@id":"https:\/\/heritagehubkrakow.org\/pl\/#\/schema\/person\/image\/","url":"https:\/\/secure.gravatar.com\/avatar\/ad98e1210139ce861e9a29f33990fb143471357f24b3f9df1095f3e51e7a4f52?s=96&d=mm&r=g","contentUrl":"https:\/\/secure.gravatar.com\/avatar\/ad98e1210139ce861e9a29f33990fb143471357f24b3f9df1095f3e51e7a4f52?s=96&d=mm&r=g","caption":"Lukasz"},"url":"https:\/\/heritagehubkrakow.org\/pl\/author\/lukasz-pierog\/"}]}},"_links":{"self":[{"href":"https:\/\/heritagehubkrakow.org\/pl\/wp-json\/wp\/v2\/posts\/7207","targetHints":{"allow":["GET"]}}],"collection":[{"href":"https:\/\/heritagehubkrakow.org\/pl\/wp-json\/wp\/v2\/posts"}],"about":[{"href":"https:\/\/heritagehubkrakow.org\/pl\/wp-json\/wp\/v2\/types\/post"}],"author":[{"embeddable":true,"href":"https:\/\/heritagehubkrakow.org\/pl\/wp-json\/wp\/v2\/users\/7"}],"replies":[{"embeddable":true,"href":"https:\/\/heritagehubkrakow.org\/pl\/wp-json\/wp\/v2\/comments?post=7207"}],"version-history":[{"count":0,"href":"https:\/\/heritagehubkrakow.org\/pl\/wp-json\/wp\/v2\/posts\/7207\/revisions"}],"wp:attachment":[{"href":"https:\/\/heritagehubkrakow.org\/pl\/wp-json\/wp\/v2\/media?parent=7207"}],"wp:term":[{"taxonomy":"category","embeddable":true,"href":"https:\/\/heritagehubkrakow.org\/pl\/wp-json\/wp\/v2\/categories?post=7207"},{"taxonomy":"post_tag","embeddable":true,"href":"https:\/\/heritagehubkrakow.org\/pl\/wp-json\/wp\/v2\/tags?post=7207"}],"curies":[{"name":"wp","href":"https:\/\/api.w.org\/{rel}","templated":true}]}}