{"id":7214,"date":"2023-06-29T11:29:45","date_gmt":"2023-06-29T11:29:45","guid":{"rendered":"https:\/\/heritagehubkrakow.org\/zaglosuj-na-nagrode-publicznosci-europejskich-nagrod-dziedzictwa-nagrod-europa-nostra-2023\/"},"modified":"2023-06-29T11:29:45","modified_gmt":"2023-06-29T11:29:45","slug":"zaglosuj-na-nagrode-publicznosci-europejskich-nagrod-dziedzictwa-nagrod-europa-nostra-2023","status":"publish","type":"post","link":"https:\/\/heritagehubkrakow.org\/pl\/zaglosuj-na-nagrode-publicznosci-europejskich-nagrod-dziedzictwa-nagrod-europa-nostra-2023\/","title":{"rendered":"Zag\u0142osuj na Nagrod\u0119 Publiczno\u015bci Europejskich Nagr\u00f3d Dziedzictwa | Nagr\u00f3d Europa Nostra 2023!"},"content":{"rendered":"<div class=\"is-style-section-container, has-white-text is-style-section-container wp-block-group alignfull has-red-background-color has-background eplus-wrapper is-layout-constrained wp-block-group-is-layout-constrained eplus-styles-uid-cd9c93\"><div class=\"is-style-section-container wp-block-group alignfull eplus-wrapper is-layout-constrained wp-block-group-is-layout-constrained eplus-styles-uid-662964\"><div class=\"has-white-text wp-block-group alignfull has-white-color has-text-color eplus-wrapper is-layout-constrained wp-block-group-is-layout-constrained eplus-styles-uid-a78524\"><h1 class=\" wp-block-heading has-text-align-center eplus-wrapper eplus-styles-uid-eee9f7\"><strong><strong>Zag\u0142osuj na Nagrod\u0119 Publiczno\u015bci Europejskich Nagr\u00f3d Dziedzictwa | Nagr\u00f3d Europa Nostra 2023!<\/strong><\/strong><\/h1>\n\n<div class=\"yoast-breadcrumbs\"><span><span><a href=\"https:\/\/heritagehubkrakow.org\/pl\/\">Homepage<\/a><\/span> &#8211; <span class=\"breadcrumb_last\" aria-current=\"page\">Zag\u0142osuj na Nagrod\u0119 Publiczno\u015bci Europejskich Nagr\u00f3d Dziedzictwa | Nagr\u00f3d Europa Nostra 2023!<\/span><\/span><\/div><\/div><\/div><\/div>\n\n<div class=\"is-style-section-container wp-block-group alignfull has-green-dark-background-color has-background eplus-wrapper is-layout-constrained wp-block-group-is-layout-constrained eplus-styles-uid-4c6cdd\"><div class=\"wp-block-group alignfull eplus-wrapper is-layout-constrained wp-block-group-is-layout-constrained eplus-styles-uid-95a17e\">\n<div class=\"wp-block-group eplus-wrapper is-layout-constrained wp-block-group-is-layout-constrained\"><div class=\"wp-block-group eplus-wrapper is-content-justification-center is-layout-flex wp-container-core-group-is-layout-8ee2ad45 wp-block-group-is-layout-flex eplus-styles-uid-cf9c39\"><div class=\"article-date wp-block-post-date\"><time datetime=\"2023-06-29T11:29:45+00:00\">29 czerwca 2023<\/time><\/div><\/div>\n\n<div class=\"wp-block-group eplus-wrapper is-layout-constrained wp-block-group-is-layout-constrained eplus-styles-uid-ba2e4b\"><div class=\"taxonomy-post_tag has-text-align-center article-tags wp-block-post-terms eplus-styles-uid-d35575\"><a href=\"https:\/\/heritagehubkrakow.org\/pl\/tag\/nagroda\/\" rel=\"tag\">Nagroda<\/a><span class=\"wp-block-post-terms__suffix\"> <\/span><\/div><\/div><\/div>\n\n\n\n<h4 class=\" wp-block-heading eplus-wrapper\"><a href=\"https:\/\/vote.europanostra.org\/\" target=\"_blank\" rel=\"noreferrer noopener\">Trwa g\u0142osowanie<\/a> na <strong>Nagrod\u0119 Publiczno\u015bci Europejskich Nagr\u00f3d Dziedzictwa | Nagr\u00f3d Europa Nostra 2023 [Public Choice Award at the European Heritage Awards | Europa Nostra Awards 2023]<\/strong>, nagrod\u0119 Unii Europejskiej w zakresie dziedzictwa kulturowego ufundowan\u0105 w ramach programu <a href=\"https:\/\/culture.ec.europa.eu\/creative-europe\" target=\"_blank\" rel=\"noreferrer noopener\">Kreatywna Europa<\/a>! W tym roku wyr\u00f3\u017cnionych zosta\u0142o 6 projekt\u00f3w z Europy \u015arodkowo-Wschodniej w trzech kategoriach:<\/h4>\n\n\n\n<div class=\"wp-block-group eplus-wrapper is-layout-constrained wp-block-group-is-layout-constrained\">\n<p class=\" eplus-wrapper\"><\/p>\n\n\n\n<p class=\" eplus-wrapper\"><strong>Konserwacja i adaptacja<\/strong><\/p>\n\n\n\n<p class=\" eplus-wrapper\"><a href=\"https:\/\/www.europeanheritageawards.eu\/winners\/wit-stwosz-altarpiece-in-st-mary-basilica\" target=\"_blank\" rel=\"noreferrer noopener\">O\u0142tarz Wita Stwosza w Bazylice Mariackiej w Krakowie, POLSKA<\/a><\/p>\n\n\n\n<figure class=\"wp-embed-aspect-16-9 wp-has-aspect-ratio wp-block-embed aligncenter is-type-video is-provider-vimeo wp-block-embed-vimeo eplus-wrapper\"><div class=\"wp-block-embed__wrapper\">\n<iframe loading=\"lazy\" title=\"Wit Stwosz Altarpiece in St. Mary\u2019s Basilica, Krak\u00f3w, POLAND\" src=\"https:\/\/player.vimeo.com\/video\/833949332?dnt=1&amp;app_id=122963\" width=\"500\" height=\"281\" frameborder=\"0\" allow=\"autoplay; fullscreen; picture-in-picture; clipboard-write; encrypted-media\"><\/iframe>\n<\/div><\/figure>\n\n\n\n<p class=\" eplus-wrapper\"><a href=\"https:\/\/www.europeanheritageawards.eu\/winners\/steam-engine-brewery\" target=\"_blank\" rel=\"noreferrer noopener\">Browar Parowy, Lobe\u010d, CZECHY<\/a><\/p>\n\n\n\n<figure class=\"wp-embed-aspect-16-9 wp-has-aspect-ratio wp-block-embed aligncenter is-type-video is-provider-vimeo wp-block-embed-vimeo eplus-wrapper\"><div class=\"wp-block-embed__wrapper\">\n<iframe loading=\"lazy\" title=\"Steam Engine Brewery, Lobe\u010d, CZECHIA\" src=\"https:\/\/player.vimeo.com\/video\/833949016?dnt=1&amp;app_id=122963\" width=\"500\" height=\"281\" frameborder=\"0\" allow=\"autoplay; fullscreen; picture-in-picture; clipboard-write; encrypted-media\"><\/iframe>\n<\/div><\/figure>\n\n\n\n<p class=\" eplus-wrapper\"><a href=\"https:\/\/www.europeanheritageawards.eu\/winners\/museum-of-urban-wooden-architecture\" target=\"_blank\" rel=\"noreferrer noopener\">Muzeum Miejskiej Architektury Drewnianej, Wilno, LITWA<\/a><\/p>\n\n\n\n<figure class=\"wp-embed-aspect-16-9 wp-has-aspect-ratio wp-block-embed aligncenter is-type-video is-provider-vimeo wp-block-embed-vimeo eplus-wrapper\"><div class=\"wp-block-embed__wrapper\">\n<iframe loading=\"lazy\" title=\"Museum of Urban Wooden Architecture, Vilnius, LITHUANIA\" src=\"https:\/\/player.vimeo.com\/video\/833942027?dnt=1&amp;app_id=122963\" width=\"500\" height=\"281\" frameborder=\"0\" allow=\"autoplay; fullscreen; picture-in-picture; clipboard-write; encrypted-media\"><\/iframe>\n<\/div><\/figure>\n\n\n\n<p class=\" eplus-wrapper\"><\/p>\n\n\n\n<p class=\" eplus-wrapper\"><strong>Zaanga\u017cowanie obywateli i podnoszenie \u015bwiadomo\u015bci<\/strong><\/p>\n\n\n\n<p class=\" eplus-wrapper\"><a href=\"https:\/\/www.europeanheritageawards.eu\/winners\/budapest100\" target=\"_blank\" rel=\"noreferrer noopener\">Budapest100, Budapeszt, W\u0118GRY<\/a><\/p>\n\n\n\n<figure class=\"wp-embed-aspect-16-9 wp-has-aspect-ratio wp-block-embed aligncenter is-type-video is-provider-vimeo wp-block-embed-vimeo eplus-wrapper\"><div class=\"wp-block-embed__wrapper\">\n<iframe loading=\"lazy\" title=\"Budapest100, HUNGARY\" src=\"https:\/\/player.vimeo.com\/video\/836162653?dnt=1&amp;app_id=122963\" width=\"500\" height=\"281\" frameborder=\"0\" allow=\"autoplay; fullscreen; picture-in-picture; clipboard-write; encrypted-media\"><\/iframe>\n<\/div><\/figure>\n\n\n\n<p class=\" eplus-wrapper\"><a href=\"https:\/\/www.europeanheritageawards.eu\/winners\/un-archiving-post-industry\" target=\"_blank\" rel=\"noreferrer noopener\">Un-archiving Post-industry, UKRAINA<\/a><\/p>\n\n\n\n<figure class=\"wp-embed-aspect-16-9 wp-has-aspect-ratio wp-block-embed aligncenter is-type-video is-provider-vimeo wp-block-embed-vimeo eplus-wrapper\"><div class=\"wp-block-embed__wrapper\">\n<iframe loading=\"lazy\" title=\"Un-archiving Post-industry, UKRAINE\" src=\"https:\/\/player.vimeo.com\/video\/834661192?dnt=1&amp;app_id=122963\" width=\"500\" height=\"281\" frameborder=\"0\" allow=\"autoplay; fullscreen; picture-in-picture; clipboard-write; encrypted-media\"><\/iframe>\n<\/div><\/figure>\n\n\n\n<p class=\" eplus-wrapper\"><strong>Mistrzowie Dziedzictwa<\/strong><\/p>\n\n\n\n<p class=\" eplus-wrapper\"><a href=\"https:\/\/www.europeanheritageawards.eu\/winners\/saving-ukrainian-cultural-heritage-online-sucho\" target=\"_blank\" rel=\"noreferrer noopener\">Ratowanie ukrai\u0144skiego dziedzictwa kulturowego online (SUCHO), UKRAINA\/ PROJEKT MI\u0118DZYNARODOWY<\/a><\/p>\n\n\n\n<figure class=\"wp-embed-aspect-16-9 wp-has-aspect-ratio wp-block-embed aligncenter is-type-video is-provider-vimeo wp-block-embed-vimeo eplus-wrapper\"><div class=\"wp-block-embed__wrapper\">\n<iframe loading=\"lazy\" title=\"Saving Ukrainian Cultural Heritage Online (SUCHO), INTERNATIONAL PROJECT\/UKRAINE\" src=\"https:\/\/player.vimeo.com\/video\/835691996?dnt=1&amp;app_id=122963\" width=\"500\" height=\"281\" frameborder=\"0\" allow=\"autoplay; fullscreen; picture-in-picture; clipboard-write; encrypted-media\"><\/iframe>\n<\/div><\/figure>\n\n\n\n<p class=\" eplus-wrapper\"><\/p>\n\n\n\n<p class=\" eplus-wrapper\">Odkryj wszystkie niezwyk\u0142e inicjatywy nagrodzone \u0142\u0105cznie w <a href=\"https:\/\/www.europeanheritageawards.eu\/facts-figures\/categories\/\" target=\"_blank\" rel=\"noreferrer noopener\">5 kategoriach<\/a> i <a href=\"https:\/\/vote.europanostra.org\/\" target=\"_blank\" rel=\"noreferrer noopener\">zag\u0142osuj online<\/a>, aby zdecydowa\u0107, kto zdob\u0119dzie <strong>Nagrod\u0119 Publiczno\u015bci 2023<\/strong>! Zwyci\u0119zca z najwi\u0119ksz\u0105 liczb\u0105 g\u0142os\u00f3w otrzyma 10 000 euro oraz trofeum! Termin <strong>g\u0142osowania<\/strong> up\u0142ywa <strong>28 sierpnia 2023 roku<\/strong>.<\/p>\n\n\n\n<figure class=\"wp-embed-aspect-16-9 wp-has-aspect-ratio wp-block-embed aligncenter is-type-video is-provider-vimeo wp-block-embed-vimeo eplus-wrapper\"><div class=\"wp-block-embed__wrapper\">\n<iframe loading=\"lazy\" title=\"2023 Winners announced: European Heritage Awards \/ Europa Nostra Awards\" src=\"https:\/\/player.vimeo.com\/video\/834054094?dnt=1&amp;app_id=122963\" width=\"500\" height=\"281\" frameborder=\"0\" allow=\"autoplay; fullscreen; picture-in-picture; clipboard-write; encrypted-media\"><\/iframe>\n<\/div><\/figure>\n\n\n\n<p class=\" eplus-wrapper\">Zwyci\u0119zcy zostan\u0105 uhonorowani podczas <strong>ceremonii wr\u0119czenia nagr\u00f3d European Heritage Awards<\/strong>, kt\u00f3ra odb\u0119dzie si\u0119 <strong>28 wrze\u015bnia<\/strong> w <a href=\"https:\/\/www.labiennale.org\/en\/venues\/palazzo-del-cinema\" target=\"_blank\" rel=\"noreferrer noopener\">Palazzo del Cinema<\/a> w <strong>Wenecji<\/strong>. Transmisj\u0119 na \u017cywo b\u0119dzie mo\u017cna \u015bledzi\u0107 <a href=\"https:\/\/www.europanostra.org\/european-heritage-summit\" target=\"_blank\" rel=\"noreferrer noopener\">tutaj<\/a>.<\/p>\n\n\n\n<p class=\" eplus-wrapper\">Najbardziej presti\u017cowy europejski konkurs w dziedzinie dziedzictwa organizowany jest przez <a href=\"https:\/\/www.europanostra.org\/\" target=\"_blank\" rel=\"noreferrer noopener\">Europa Nostra<\/a> we wsp\u00f3\u0142pracy z <a href=\"https:\/\/ec.europa.eu\/commission\/presscorner\/home\/en\" target=\"_blank\" rel=\"noreferrer noopener\">Komisj\u0105 Europejsk\u0105<\/a> i przy wsparciu programu Unii Europejskiej <a href=\"https:\/\/culture.ec.europa.eu\/creative-europe\" target=\"_blank\" rel=\"noreferrer noopener\">Kreatywna Europa<\/a>.<\/p>\n\n\n\n<p class=\" eplus-wrapper\"><\/p>\n\n\n<ul class=\"eplus-wrapper wp-block-list eplus-styles-uid-388687\">\n<li class=\" eplus-wrapper\">\n<\/li><\/ul>\n\n\n<div class=\"wp-block-buttons eplus-wrapper is-layout-flex wp-block-buttons-is-layout-flex\"><div class=\"is-style-black wp-block-button eplus-wrapper eplus-styles-uid-e5ec30\"><a class=\"wp-block-button__link wp-element-button\" href=\"https:\/\/www.europanostra.org\/2023-winners-of-europe-top-heritage-awards-announced-by-the-european-commission-and-europa-nostra\/\" target=\"_blank\" rel=\"noreferrer noopener\">Czytaj wi\u0119cej<\/a><\/div><\/div>\n<\/div>\n\n\n\n<div class=\"wp-block-group eplus-wrapper is-layout-constrained wp-block-group-is-layout-constrained\"><\/div>\n<\/div><\/div>\n\n<div class=\"is-style-section-container wp-block-group alignfull has-blue-light-background-color has-background eplus-wrapper is-layout-constrained wp-block-group-is-layout-constrained eplus-styles-uid-4c6cdd\"><\/div>\n\n<div class=\"is-style-section-container wp-block-group alignfull has-orange-background-color has-background eplus-wrapper is-layout-constrained wp-block-group-is-layout-constrained eplus-styles-uid-4c6cdd\">\n<div class=\"wp-block-group alignfull eplus-wrapper is-layout-constrained wp-block-group-is-layout-constrained\"><\/div>\n<\/div>","protected":false},"excerpt":{"rendered":"<p>Trwa g\u0142osowanie na Nagrod\u0119 Publiczno\u015bci Europejskich Nagr\u00f3d Dziedzictwa | Nagr\u00f3d Europa Nostra 2023, nagrod\u0119 Unii Europejskiej w zakresie dziedzictwa kulturowego ufundowan\u0105 w ramach programu Kreatywna Europa! W tym roku wyr\u00f3\u017cnionych zosta\u0142o 6 projekt\u00f3w z Europy \u015arodkowo-Wschodniej w trzech kategoriach.<\/p>\n","protected":false},"author":7,"featured_media":0,"comment_status":"open","ping_status":"open","sticky":false,"template":"","format":"standard","meta":{"_acf_changed":false,"editor_plus_copied_stylings":"{}","footnotes":""},"categories":[16],"tags":[38],"class_list":["post-7214","post","type-post","status-publish","format-standard","hentry","category-bez-kategorii","tag-nagroda"],"acf":[],"yoast_head":"<!-- This site is optimized with the Yoast SEO plugin v23.8 - https:\/\/yoast.com\/wordpress\/plugins\/seo\/ -->\n<title>Zag\u0142osuj na Nagrod\u0119 Publiczno\u015bci Europejskich Nagr\u00f3d Dziedzictwa | Nagr\u00f3d Europa Nostra 2023! - Europa Nostra<\/title>\n<meta name=\"robots\" content=\"index, follow, max-snippet:-1, max-image-preview:large, max-video-preview:-1\" \/>\n<link rel=\"canonical\" href=\"https:\/\/heritagehubkrakow.org\/pl\/zaglosuj-na-nagrode-publicznosci-europejskich-nagrod-dziedzictwa-nagrod-europa-nostra-2023\/\" \/>\n<meta property=\"og:locale\" content=\"pl_PL\" \/>\n<meta property=\"og:type\" content=\"article\" \/>\n<meta property=\"og:title\" content=\"Zag\u0142osuj na Nagrod\u0119 Publiczno\u015bci Europejskich Nagr\u00f3d Dziedzictwa | Nagr\u00f3d Europa Nostra 2023! - Europa Nostra\" \/>\n<meta property=\"og:description\" content=\"Trwa g\u0142osowanie na Nagrod\u0119 Publiczno\u015bci Europejskich Nagr\u00f3d Dziedzictwa | Nagr\u00f3d Europa Nostra 2023, nagrod\u0119 Unii Europejskiej w zakresie dziedzictwa kulturowego ufundowan\u0105 w ramach programu Kreatywna Europa! W tym roku wyr\u00f3\u017cnionych zosta\u0142o 6 projekt\u00f3w z Europy \u015arodkowo-Wschodniej w trzech kategoriach.\" \/>\n<meta property=\"og:url\" content=\"https:\/\/heritagehubkrakow.org\/pl\/zaglosuj-na-nagrode-publicznosci-europejskich-nagrod-dziedzictwa-nagrod-europa-nostra-2023\/\" \/>\n<meta property=\"og:site_name\" content=\"Europa Nostra\" \/>\n<meta property=\"article:published_time\" content=\"2023-06-29T11:29:45+00:00\" \/>\n<meta name=\"author\" content=\"Lukasz\" \/>\n<meta name=\"twitter:card\" content=\"summary_large_image\" \/>\n<meta name=\"twitter:label1\" content=\"Napisane przez\" \/>\n\t<meta name=\"twitter:data1\" content=\"Lukasz\" \/>\n\t<meta name=\"twitter:label2\" content=\"Szacowany czas czytania\" \/>\n\t<meta name=\"twitter:data2\" content=\"1 minuta\" \/>\n<script type=\"application\/ld+json\" class=\"yoast-schema-graph\">{\"@context\":\"https:\/\/schema.org\",\"@graph\":[{\"@type\":\"Article\",\"@id\":\"https:\/\/heritagehubkrakow.org\/pl\/zaglosuj-na-nagrode-publicznosci-europejskich-nagrod-dziedzictwa-nagrod-europa-nostra-2023\/#article\",\"isPartOf\":{\"@id\":\"https:\/\/heritagehubkrakow.org\/pl\/zaglosuj-na-nagrode-publicznosci-europejskich-nagrod-dziedzictwa-nagrod-europa-nostra-2023\/\"},\"author\":{\"name\":\"Lukasz\",\"@id\":\"https:\/\/heritagehubkrakow.org\/pl\/#\/schema\/person\/112a7abbe48503b2f32e56abc46af660\"},\"headline\":\"Zag\u0142osuj na Nagrod\u0119 Publiczno\u015bci Europejskich Nagr\u00f3d Dziedzictwa | Nagr\u00f3d Europa Nostra 2023!\",\"datePublished\":\"2023-06-29T11:29:45+00:00\",\"dateModified\":\"2023-06-29T11:29:45+00:00\",\"mainEntityOfPage\":{\"@id\":\"https:\/\/heritagehubkrakow.org\/pl\/zaglosuj-na-nagrode-publicznosci-europejskich-nagrod-dziedzictwa-nagrod-europa-nostra-2023\/\"},\"wordCount\":259,\"commentCount\":0,\"publisher\":{\"@id\":\"https:\/\/heritagehubkrakow.org\/pl\/#organization\"},\"keywords\":[\"Nagroda\"],\"inLanguage\":\"pl-PL\",\"potentialAction\":[{\"@type\":\"CommentAction\",\"name\":\"Comment\",\"target\":[\"https:\/\/heritagehubkrakow.org\/pl\/zaglosuj-na-nagrode-publicznosci-europejskich-nagrod-dziedzictwa-nagrod-europa-nostra-2023\/#respond\"]}]},{\"@type\":\"WebPage\",\"@id\":\"https:\/\/heritagehubkrakow.org\/pl\/zaglosuj-na-nagrode-publicznosci-europejskich-nagrod-dziedzictwa-nagrod-europa-nostra-2023\/\",\"url\":\"https:\/\/heritagehubkrakow.org\/pl\/zaglosuj-na-nagrode-publicznosci-europejskich-nagrod-dziedzictwa-nagrod-europa-nostra-2023\/\",\"name\":\"Zag\u0142osuj na Nagrod\u0119 Publiczno\u015bci Europejskich Nagr\u00f3d Dziedzictwa | Nagr\u00f3d Europa Nostra 2023! - Europa Nostra\",\"isPartOf\":{\"@id\":\"https:\/\/heritagehubkrakow.org\/pl\/#website\"},\"datePublished\":\"2023-06-29T11:29:45+00:00\",\"dateModified\":\"2023-06-29T11:29:45+00:00\",\"breadcrumb\":{\"@id\":\"https:\/\/heritagehubkrakow.org\/pl\/zaglosuj-na-nagrode-publicznosci-europejskich-nagrod-dziedzictwa-nagrod-europa-nostra-2023\/#breadcrumb\"},\"inLanguage\":\"pl-PL\",\"potentialAction\":[{\"@type\":\"ReadAction\",\"target\":[\"https:\/\/heritagehubkrakow.org\/pl\/zaglosuj-na-nagrode-publicznosci-europejskich-nagrod-dziedzictwa-nagrod-europa-nostra-2023\/\"]}]},{\"@type\":\"BreadcrumbList\",\"@id\":\"https:\/\/heritagehubkrakow.org\/pl\/zaglosuj-na-nagrode-publicznosci-europejskich-nagrod-dziedzictwa-nagrod-europa-nostra-2023\/#breadcrumb\",\"itemListElement\":[{\"@type\":\"ListItem\",\"position\":1,\"name\":\"Homepage\",\"item\":\"https:\/\/heritagehubkrakow.org\/pl\/\"},{\"@type\":\"ListItem\",\"position\":2,\"name\":\"Zag\u0142osuj na Nagrod\u0119 Publiczno\u015bci Europejskich Nagr\u00f3d Dziedzictwa | Nagr\u00f3d Europa Nostra 2023!\"}]},{\"@type\":\"WebSite\",\"@id\":\"https:\/\/heritagehubkrakow.org\/pl\/#website\",\"url\":\"https:\/\/heritagehubkrakow.org\/pl\/\",\"name\":\"Europa Nostra\",\"description\":\"Heritage Hub for Central and Eastern Europe\",\"publisher\":{\"@id\":\"https:\/\/heritagehubkrakow.org\/pl\/#organization\"},\"potentialAction\":[{\"@type\":\"SearchAction\",\"target\":{\"@type\":\"EntryPoint\",\"urlTemplate\":\"https:\/\/heritagehubkrakow.org\/pl\/?s={search_term_string}\"},\"query-input\":{\"@type\":\"PropertyValueSpecification\",\"valueRequired\":true,\"valueName\":\"search_term_string\"}}],\"inLanguage\":\"pl-PL\"},{\"@type\":\"Organization\",\"@id\":\"https:\/\/heritagehubkrakow.org\/pl\/#organization\",\"name\":\"Europa Nostra\",\"url\":\"https:\/\/heritagehubkrakow.org\/pl\/\",\"logo\":{\"@type\":\"ImageObject\",\"inLanguage\":\"pl-PL\",\"@id\":\"https:\/\/heritagehubkrakow.org\/pl\/#\/schema\/logo\/image\/\",\"url\":\"https:\/\/heritagehubkrakow.org\/wp-content\/uploads\/2023\/01\/europa-logo.png\",\"contentUrl\":\"https:\/\/heritagehubkrakow.org\/wp-content\/uploads\/2023\/01\/europa-logo.png\",\"width\":218,\"height\":237,\"caption\":\"Europa Nostra\"},\"image\":{\"@id\":\"https:\/\/heritagehubkrakow.org\/pl\/#\/schema\/logo\/image\/\"}},{\"@type\":\"Person\",\"@id\":\"https:\/\/heritagehubkrakow.org\/pl\/#\/schema\/person\/112a7abbe48503b2f32e56abc46af660\",\"name\":\"Lukasz\",\"image\":{\"@type\":\"ImageObject\",\"inLanguage\":\"pl-PL\",\"@id\":\"https:\/\/heritagehubkrakow.org\/pl\/#\/schema\/person\/image\/\",\"url\":\"https:\/\/secure.gravatar.com\/avatar\/ad98e1210139ce861e9a29f33990fb143471357f24b3f9df1095f3e51e7a4f52?s=96&d=mm&r=g\",\"contentUrl\":\"https:\/\/secure.gravatar.com\/avatar\/ad98e1210139ce861e9a29f33990fb143471357f24b3f9df1095f3e51e7a4f52?s=96&d=mm&r=g\",\"caption\":\"Lukasz\"},\"url\":\"https:\/\/heritagehubkrakow.org\/pl\/author\/lukasz-pierog\/\"}]}<\/script>\n<!-- \/ Yoast SEO plugin. -->","yoast_head_json":{"title":"Zag\u0142osuj na Nagrod\u0119 Publiczno\u015bci Europejskich Nagr\u00f3d Dziedzictwa | Nagr\u00f3d Europa Nostra 2023! - Europa Nostra","robots":{"index":"index","follow":"follow","max-snippet":"max-snippet:-1","max-image-preview":"max-image-preview:large","max-video-preview":"max-video-preview:-1"},"canonical":"https:\/\/heritagehubkrakow.org\/pl\/zaglosuj-na-nagrode-publicznosci-europejskich-nagrod-dziedzictwa-nagrod-europa-nostra-2023\/","og_locale":"pl_PL","og_type":"article","og_title":"Zag\u0142osuj na Nagrod\u0119 Publiczno\u015bci Europejskich Nagr\u00f3d Dziedzictwa | Nagr\u00f3d Europa Nostra 2023! - Europa Nostra","og_description":"Trwa g\u0142osowanie na Nagrod\u0119 Publiczno\u015bci Europejskich Nagr\u00f3d Dziedzictwa | Nagr\u00f3d Europa Nostra 2023, nagrod\u0119 Unii Europejskiej w zakresie dziedzictwa kulturowego ufundowan\u0105 w ramach programu Kreatywna Europa! W tym roku wyr\u00f3\u017cnionych zosta\u0142o 6 projekt\u00f3w z Europy \u015arodkowo-Wschodniej w trzech kategoriach.","og_url":"https:\/\/heritagehubkrakow.org\/pl\/zaglosuj-na-nagrode-publicznosci-europejskich-nagrod-dziedzictwa-nagrod-europa-nostra-2023\/","og_site_name":"Europa Nostra","article_published_time":"2023-06-29T11:29:45+00:00","author":"Lukasz","twitter_card":"summary_large_image","twitter_misc":{"Napisane przez":"Lukasz","Szacowany czas czytania":"1 minuta"},"schema":{"@context":"https:\/\/schema.org","@graph":[{"@type":"Article","@id":"https:\/\/heritagehubkrakow.org\/pl\/zaglosuj-na-nagrode-publicznosci-europejskich-nagrod-dziedzictwa-nagrod-europa-nostra-2023\/#article","isPartOf":{"@id":"https:\/\/heritagehubkrakow.org\/pl\/zaglosuj-na-nagrode-publicznosci-europejskich-nagrod-dziedzictwa-nagrod-europa-nostra-2023\/"},"author":{"name":"Lukasz","@id":"https:\/\/heritagehubkrakow.org\/pl\/#\/schema\/person\/112a7abbe48503b2f32e56abc46af660"},"headline":"Zag\u0142osuj na Nagrod\u0119 Publiczno\u015bci Europejskich Nagr\u00f3d Dziedzictwa | Nagr\u00f3d Europa Nostra 2023!","datePublished":"2023-06-29T11:29:45+00:00","dateModified":"2023-06-29T11:29:45+00:00","mainEntityOfPage":{"@id":"https:\/\/heritagehubkrakow.org\/pl\/zaglosuj-na-nagrode-publicznosci-europejskich-nagrod-dziedzictwa-nagrod-europa-nostra-2023\/"},"wordCount":259,"commentCount":0,"publisher":{"@id":"https:\/\/heritagehubkrakow.org\/pl\/#organization"},"keywords":["Nagroda"],"inLanguage":"pl-PL","potentialAction":[{"@type":"CommentAction","name":"Comment","target":["https:\/\/heritagehubkrakow.org\/pl\/zaglosuj-na-nagrode-publicznosci-europejskich-nagrod-dziedzictwa-nagrod-europa-nostra-2023\/#respond"]}]},{"@type":"WebPage","@id":"https:\/\/heritagehubkrakow.org\/pl\/zaglosuj-na-nagrode-publicznosci-europejskich-nagrod-dziedzictwa-nagrod-europa-nostra-2023\/","url":"https:\/\/heritagehubkrakow.org\/pl\/zaglosuj-na-nagrode-publicznosci-europejskich-nagrod-dziedzictwa-nagrod-europa-nostra-2023\/","name":"Zag\u0142osuj na Nagrod\u0119 Publiczno\u015bci Europejskich Nagr\u00f3d Dziedzictwa | Nagr\u00f3d Europa Nostra 2023! - Europa Nostra","isPartOf":{"@id":"https:\/\/heritagehubkrakow.org\/pl\/#website"},"datePublished":"2023-06-29T11:29:45+00:00","dateModified":"2023-06-29T11:29:45+00:00","breadcrumb":{"@id":"https:\/\/heritagehubkrakow.org\/pl\/zaglosuj-na-nagrode-publicznosci-europejskich-nagrod-dziedzictwa-nagrod-europa-nostra-2023\/#breadcrumb"},"inLanguage":"pl-PL","potentialAction":[{"@type":"ReadAction","target":["https:\/\/heritagehubkrakow.org\/pl\/zaglosuj-na-nagrode-publicznosci-europejskich-nagrod-dziedzictwa-nagrod-europa-nostra-2023\/"]}]},{"@type":"BreadcrumbList","@id":"https:\/\/heritagehubkrakow.org\/pl\/zaglosuj-na-nagrode-publicznosci-europejskich-nagrod-dziedzictwa-nagrod-europa-nostra-2023\/#breadcrumb","itemListElement":[{"@type":"ListItem","position":1,"name":"Homepage","item":"https:\/\/heritagehubkrakow.org\/pl\/"},{"@type":"ListItem","position":2,"name":"Zag\u0142osuj na Nagrod\u0119 Publiczno\u015bci Europejskich Nagr\u00f3d Dziedzictwa | Nagr\u00f3d Europa Nostra 2023!"}]},{"@type":"WebSite","@id":"https:\/\/heritagehubkrakow.org\/pl\/#website","url":"https:\/\/heritagehubkrakow.org\/pl\/","name":"Europa Nostra","description":"Heritage Hub for Central and Eastern Europe","publisher":{"@id":"https:\/\/heritagehubkrakow.org\/pl\/#organization"},"potentialAction":[{"@type":"SearchAction","target":{"@type":"EntryPoint","urlTemplate":"https:\/\/heritagehubkrakow.org\/pl\/?s={search_term_string}"},"query-input":{"@type":"PropertyValueSpecification","valueRequired":true,"valueName":"search_term_string"}}],"inLanguage":"pl-PL"},{"@type":"Organization","@id":"https:\/\/heritagehubkrakow.org\/pl\/#organization","name":"Europa Nostra","url":"https:\/\/heritagehubkrakow.org\/pl\/","logo":{"@type":"ImageObject","inLanguage":"pl-PL","@id":"https:\/\/heritagehubkrakow.org\/pl\/#\/schema\/logo\/image\/","url":"https:\/\/heritagehubkrakow.org\/wp-content\/uploads\/2023\/01\/europa-logo.png","contentUrl":"https:\/\/heritagehubkrakow.org\/wp-content\/uploads\/2023\/01\/europa-logo.png","width":218,"height":237,"caption":"Europa Nostra"},"image":{"@id":"https:\/\/heritagehubkrakow.org\/pl\/#\/schema\/logo\/image\/"}},{"@type":"Person","@id":"https:\/\/heritagehubkrakow.org\/pl\/#\/schema\/person\/112a7abbe48503b2f32e56abc46af660","name":"Lukasz","image":{"@type":"ImageObject","inLanguage":"pl-PL","@id":"https:\/\/heritagehubkrakow.org\/pl\/#\/schema\/person\/image\/","url":"https:\/\/secure.gravatar.com\/avatar\/ad98e1210139ce861e9a29f33990fb143471357f24b3f9df1095f3e51e7a4f52?s=96&d=mm&r=g","contentUrl":"https:\/\/secure.gravatar.com\/avatar\/ad98e1210139ce861e9a29f33990fb143471357f24b3f9df1095f3e51e7a4f52?s=96&d=mm&r=g","caption":"Lukasz"},"url":"https:\/\/heritagehubkrakow.org\/pl\/author\/lukasz-pierog\/"}]}},"_links":{"self":[{"href":"https:\/\/heritagehubkrakow.org\/pl\/wp-json\/wp\/v2\/posts\/7214","targetHints":{"allow":["GET"]}}],"collection":[{"href":"https:\/\/heritagehubkrakow.org\/pl\/wp-json\/wp\/v2\/posts"}],"about":[{"href":"https:\/\/heritagehubkrakow.org\/pl\/wp-json\/wp\/v2\/types\/post"}],"author":[{"embeddable":true,"href":"https:\/\/heritagehubkrakow.org\/pl\/wp-json\/wp\/v2\/users\/7"}],"replies":[{"embeddable":true,"href":"https:\/\/heritagehubkrakow.org\/pl\/wp-json\/wp\/v2\/comments?post=7214"}],"version-history":[{"count":0,"href":"https:\/\/heritagehubkrakow.org\/pl\/wp-json\/wp\/v2\/posts\/7214\/revisions"}],"wp:attachment":[{"href":"https:\/\/heritagehubkrakow.org\/pl\/wp-json\/wp\/v2\/media?parent=7214"}],"wp:term":[{"taxonomy":"category","embeddable":true,"href":"https:\/\/heritagehubkrakow.org\/pl\/wp-json\/wp\/v2\/categories?post=7214"},{"taxonomy":"post_tag","embeddable":true,"href":"https:\/\/heritagehubkrakow.org\/pl\/wp-json\/wp\/v2\/tags?post=7214"}],"curies":[{"name":"wp","href":"https:\/\/api.w.org\/{rel}","templated":true}]}}