{"id":7215,"date":"2023-07-03T13:51:26","date_gmt":"2023-07-03T13:51:26","guid":{"rendered":"https:\/\/heritagehubkrakow.org\/tworczyni-sukcesu-kopalni-zlota-nagrodzona-przez-europa-nostra\/"},"modified":"2023-07-03T13:51:26","modified_gmt":"2023-07-03T13:51:26","slug":"tworczyni-sukcesu-kopalni-zlota-nagrodzona-przez-europa-nostra","status":"publish","type":"post","link":"https:\/\/heritagehubkrakow.org\/pl\/tworczyni-sukcesu-kopalni-zlota-nagrodzona-przez-europa-nostra\/","title":{"rendered":"Tw\u00f3rczyni sukcesu Kopalni Z\u0142ota nagrodzona przez Europa Nostra"},"content":{"rendered":"<div class=\"is-style-section-container, has-white-text is-style-section-container wp-block-group alignfull has-red-background-color has-background eplus-wrapper is-layout-constrained wp-block-group-is-layout-constrained eplus-styles-uid-cd9c93\"><div class=\"is-style-section-container wp-block-group alignfull eplus-wrapper is-layout-constrained wp-block-group-is-layout-constrained eplus-styles-uid-662964\"><div class=\"has-white-text wp-block-group alignfull has-white-color has-text-color eplus-wrapper is-layout-constrained wp-block-group-is-layout-constrained eplus-styles-uid-a78524\"><h1 class=\" wp-block-heading has-text-align-center eplus-wrapper eplus-styles-uid-eee9f7\"><strong><strong>Tw\u00f3rczyni sukcesu Kopalni Z\u0142ota nagrodzona przez Europa Nostra<\/strong><\/strong><\/h1>\n\n<div class=\"yoast-breadcrumbs\"><span><span><a href=\"https:\/\/heritagehubkrakow.org\/pl\/\">Homepage<\/a><\/span> &#8211; <span class=\"breadcrumb_last\" aria-current=\"page\">Tw\u00f3rczyni sukcesu Kopalni Z\u0142ota nagrodzona przez Europa Nostra<\/span><\/span><\/div><\/div><\/div><\/div>\n\n<div class=\"is-style-section-container wp-block-group alignfull has-green-dark-background-color has-background eplus-wrapper is-layout-constrained wp-block-group-is-layout-constrained eplus-styles-uid-4c6cdd\"><div class=\"wp-block-group alignfull eplus-wrapper is-layout-constrained wp-block-group-is-layout-constrained eplus-styles-uid-95a17e\">\n<div class=\"wp-block-group eplus-wrapper is-layout-constrained wp-block-group-is-layout-constrained\"><div class=\"wp-block-group eplus-wrapper is-content-justification-center is-layout-flex wp-container-core-group-is-layout-8ee2ad45 wp-block-group-is-layout-flex eplus-styles-uid-cf9c39\"><div class=\"article-date wp-block-post-date\"><time datetime=\"2023-07-03T13:51:26+00:00\">03 lipca 2023<\/time><\/div><\/div>\n\n<div class=\"wp-block-group eplus-wrapper is-layout-constrained wp-block-group-is-layout-constrained eplus-styles-uid-ba2e4b\"><div class=\"taxonomy-post_tag has-text-align-center article-tags wp-block-post-terms eplus-styles-uid-d35575\"><a href=\"https:\/\/heritagehubkrakow.org\/pl\/tag\/nagroda\/\" rel=\"tag\">Nagroda<\/a><span class=\"wp-block-post-terms__suffix\"> <\/span><\/div><\/div><\/div>\n\n\n\n<h3 class=\" wp-block-heading eplus-wrapper\"><strong>El\u017cbieta Szumska, w\u0142a\u015bcicielka Kopani Z\u0142ota w Z\u0142otym Stoku, odebra\u0142a 30 czerwca 2023 roku pami\u0105tkowy medal towarzysz\u0105cy Europejskiej Nagrodzie Dziedzictwa | Nagrodzie Europa Nostra za 2022 roku w kategorii Mistrzowie Dziedzictwa.<\/strong><\/h3>\n\n\n\n<div class=\"wp-block-group eplus-wrapper is-layout-constrained wp-block-group-is-layout-constrained\">\n<p class=\" eplus-wrapper\">Medal wr\u0119czyli wiceprezydent <a href=\"https:\/\/www.europanostra.org\/\" target=\"_blank\" rel=\"noreferrer noopener\">Europa Nostra<\/a> prof. Jacek Purchla i dr Katarzyna Jagodzi\u0144ska, kierowniczka Europa Nostra Heritage Hub w Krakowie.<\/p>\n\n\n\n<p class=\" has-text-align-center eplus-wrapper\"><img decoding=\"async\" class=\"wp-image-2504\" style=\"width: 1000px;\" src=\"https:\/\/heritagehubkrakow.org\/wp-content\/uploads\/2023\/07\/DSC04618-1-scaled.jpg\" alt=\"\"><\/p>\n\n\n\n<p class=\" eplus-wrapper\"><\/p>\n\n\n\n<p class=\" has-text-align-center eplus-wrapper\"><img decoding=\"async\" class=\"wp-image-2506\" style=\"width: 1000px;\" src=\"https:\/\/heritagehubkrakow.org\/wp-content\/uploads\/2023\/07\/20230630_130654-scaled.jpg\" alt=\"\"><\/p>\n\n\n\n<p class=\" eplus-wrapper\">W uzasadnieniu jury stwierdzi\u0142o:<\/p>\n\n\n\n<p class=\" eplus-wrapper\">\u201eEl\u017cbieta Szumska wykaza\u0142a si\u0119 niezwyk\u0142ym osobistym oddaniem dziedzictwu kulturowemu. Jest inspiruj\u0105cym przyk\u0142adem tego, jak rozwija\u0107 zr\u00f3wnowa\u017cony model biznesowy wok\u00f3\u0142 dziedzictwa kulturowego. Jej praca jest wa\u017cnym precedensem dla rozwoju powolnej, zr\u00f3wnowa\u017conej turystyki w regionie przygranicznym o bardzo bogatym dziedzictwie\u201d.<\/p>\n\n\n\n<p class=\" has-text-align-center eplus-wrapper\"><img decoding=\"async\" class=\"wp-image-2508\" style=\"width: 1000px;\" src=\"https:\/\/heritagehubkrakow.org\/wp-content\/uploads\/2023\/07\/20230630_132535-scaled.jpg\" alt=\"\"><\/p>\n\n\n\n<p class=\" eplus-wrapper\"><\/p>\n\n\n\n<p class=\" has-text-align-center eplus-wrapper\"><img decoding=\"async\" class=\"wp-image-2510\" style=\"width: 1000px;\" src=\"https:\/\/heritagehubkrakow.org\/wp-content\/uploads\/2023\/07\/20230630_133030-scaled.jpg\" alt=\"\"><\/p>\n\n\n\n<p class=\" has-text-align-center eplus-wrapper\"><img decoding=\"async\" class=\"wp-image-2512\" style=\"width: 1000px;\" src=\"https:\/\/heritagehubkrakow.org\/wp-content\/uploads\/2023\/07\/20230630_134519-scaled.jpg\" alt=\"\"><\/p>\n<\/div>\n\n\n\n<p class=\" eplus-wrapper\">Tradycja wydobycia z\u0142ota w dolno\u015bl\u0105skiej miejscowo\u015bci si\u0119ga dw\u00f3ch tysi\u0119cy przed nasz\u0105 er\u0105. Z kopalni\u0105 El\u017cbieta Szumska zwi\u0105zana jest od 1996 roku, kiedy rozpocz\u0119\u0142a prac\u0119 jako przewodniczka. Po kilku latach wykupi\u0142a udzia\u0142y w s\u0142abo w\u00f3wczas znanym obiekcie, wygra\u0142a przetarg na dzier\u017cawc\u0119 i rozpocz\u0119\u0142a realizacj\u0119 dzie\u0142a \u017cycia \u2013 jednej z najwa\u017cniejszych atrakcji turystycznych Dolnego \u015al\u0105ska.<\/p>\n\n\n\n<p class=\" eplus-wrapper\">W centrum kompleksu kopalni znajduje si\u0119 muzeum lokalnej historii, w kt\u00f3rym prezentowane s\u0105 obiekty zwi\u0105zane z kopalni\u0105 i lud\u017ami mieszkaj\u0105cymi w okolicy. Opowie\u015bci zamkni\u0119te w przedmiotach, losy ich w\u0142a\u015bcicieli, pami\u0119\u0107 miejsca i rola, jak\u0105 odegrali ludzie, s\u0105 dla Szumskiej r\u00f3wnie istotne, jak t\u0142umnie odwiedzane sztolnie.<\/p>\n\n\n\n<p class=\" has-text-align-center eplus-wrapper\"><img decoding=\"async\" class=\"wp-image-2514\" style=\"width: 1000px;\" src=\"https:\/\/heritagehubkrakow.org\/wp-content\/uploads\/2023\/07\/20230416_092732-scaled.jpg\" alt=\"\"><\/p>\n\n\n\n<p class=\" has-text-align-center eplus-wrapper\"><img decoding=\"async\" class=\"wp-image-2522\" style=\"width: 1000px;\" src=\"https:\/\/heritagehubkrakow.org\/wp-content\/uploads\/2023\/07\/20230416_102235-scaled.jpg\" alt=\"\"><\/p>\n\n\n\n<p class=\" has-text-align-center eplus-wrapper\"><img decoding=\"async\" class=\"wp-image-2520\" style=\"width: 1000px;\" src=\"https:\/\/heritagehubkrakow.org\/wp-content\/uploads\/2023\/07\/20230415_140929-scaled.jpg\" alt=\"\"><\/p>\n\n\n\n<p class=\" has-text-align-center eplus-wrapper\"><img decoding=\"async\" class=\"wp-image-2518\" style=\"width: 1000px;\" src=\"https:\/\/heritagehubkrakow.org\/wp-content\/uploads\/2023\/07\/20230415_142606-scaled.jpg\" alt=\"\"><\/p>\n\n\n\n<p class=\" has-text-align-center eplus-wrapper\"><img decoding=\"async\" class=\"wp-image-2524\" style=\"width: 1000px;\" src=\"https:\/\/heritagehubkrakow.org\/wp-content\/uploads\/2023\/07\/20230416_101145-scaled.jpg\" alt=\"\"><\/p>\n\n\n\n<p class=\" has-text-align-center eplus-wrapper\"><img decoding=\"async\" class=\"wp-image-2526\" style=\"width: 1000px;\" src=\"https:\/\/heritagehubkrakow.org\/wp-content\/uploads\/2023\/07\/20230415_133642-scaled.jpg\" alt=\"\"><\/p>\n\n\n\n<p class=\" has-text-align-center eplus-wrapper\"><img decoding=\"async\" class=\"wp-image-2528\" style=\"width: 1000px;\" src=\"https:\/\/heritagehubkrakow.org\/wp-content\/uploads\/2023\/07\/20230415_150644-scaled.jpg\" alt=\"\"><\/p>\n\n\n\n<p class=\" has-text-align-center eplus-wrapper\"><img decoding=\"async\" class=\"wp-image-2530\" style=\"width: 1000px;\" src=\"https:\/\/heritagehubkrakow.org\/wp-content\/uploads\/2023\/07\/20230416_100559-scaled.jpg\" alt=\"\"><\/p>\n\n\n\n<p class=\" has-text-align-center eplus-wrapper\"><img decoding=\"async\" class=\"wp-image-2532\" style=\"width: 1000px;\" src=\"https:\/\/heritagehubkrakow.org\/wp-content\/uploads\/2023\/07\/20230416_102842-scaled.jpg\" alt=\"\"><\/p>\n\n\n\n<div class=\"wp-block-buttons eplus-wrapper is-layout-flex wp-block-buttons-is-layout-flex\"><div class=\" wp-block-button eplus-wrapper eplus-styles-uid-b2b97a\"><a class=\"wp-block-button__link wp-element-button\" href=\"https:\/\/www.europeanheritageawards.eu\/winners\/elzbieta-szumska\/\" target=\"_blank\" rel=\"noreferrer noopener\">Czytaj wi\u0119cej<\/a><\/div><\/div>\n<\/div><\/div>\n\n<div class=\"is-style-section-container wp-block-group alignfull has-blue-light-background-color has-background eplus-wrapper is-layout-constrained wp-block-group-is-layout-constrained eplus-styles-uid-4c6cdd\"><\/div>\n\n<div class=\"is-style-section-container wp-block-group alignfull has-orange-background-color has-background eplus-wrapper is-layout-constrained wp-block-group-is-layout-constrained eplus-styles-uid-4c6cdd\">\n<div class=\"wp-block-group alignfull eplus-wrapper is-layout-constrained wp-block-group-is-layout-constrained\"><\/div>\n<\/div>","protected":false},"excerpt":{"rendered":"<p>El\u017cbieta Szumska, w\u0142a\u015bcicielka Kopani Z\u0142ota w Z\u0142otym Stoku, odebra\u0142a 30 czerwca 2023 roku pami\u0105tkowy medal towarzysz\u0105cy Europejskiej Nagrodzie Dziedzictwa | Nagrodzie Europa Nostra za 2022 roku w kategorii Mistrzowie Dziedzictwa.<\/p>\n","protected":false},"author":7,"featured_media":0,"comment_status":"open","ping_status":"open","sticky":false,"template":"","format":"standard","meta":{"_acf_changed":false,"editor_plus_copied_stylings":"{}","footnotes":""},"categories":[16],"tags":[38],"class_list":["post-7215","post","type-post","status-publish","format-standard","hentry","category-bez-kategorii","tag-nagroda"],"acf":[],"yoast_head":"<!-- This site is optimized with the Yoast SEO plugin v23.8 - https:\/\/yoast.com\/wordpress\/plugins\/seo\/ -->\n<title>Tw\u00f3rczyni sukcesu Kopalni Z\u0142ota nagrodzona przez Europa Nostra - Europa Nostra<\/title>\n<meta name=\"robots\" content=\"index, follow, max-snippet:-1, max-image-preview:large, max-video-preview:-1\" \/>\n<link rel=\"canonical\" href=\"https:\/\/heritagehubkrakow.org\/pl\/tworczyni-sukcesu-kopalni-zlota-nagrodzona-przez-europa-nostra\/\" \/>\n<meta property=\"og:locale\" content=\"pl_PL\" \/>\n<meta property=\"og:type\" content=\"article\" \/>\n<meta property=\"og:title\" content=\"Tw\u00f3rczyni sukcesu Kopalni Z\u0142ota nagrodzona przez Europa Nostra - Europa Nostra\" \/>\n<meta property=\"og:description\" content=\"El\u017cbieta Szumska, w\u0142a\u015bcicielka Kopani Z\u0142ota w Z\u0142otym Stoku, odebra\u0142a 30 czerwca 2023 roku pami\u0105tkowy medal towarzysz\u0105cy Europejskiej Nagrodzie Dziedzictwa | Nagrodzie Europa Nostra za 2022 roku w kategorii Mistrzowie Dziedzictwa.\" \/>\n<meta property=\"og:url\" content=\"https:\/\/heritagehubkrakow.org\/pl\/tworczyni-sukcesu-kopalni-zlota-nagrodzona-przez-europa-nostra\/\" \/>\n<meta property=\"og:site_name\" content=\"Europa Nostra\" \/>\n<meta property=\"article:published_time\" content=\"2023-07-03T13:51:26+00:00\" \/>\n<meta name=\"author\" content=\"Lukasz\" \/>\n<meta name=\"twitter:card\" content=\"summary_large_image\" \/>\n<meta name=\"twitter:label1\" content=\"Napisane przez\" \/>\n\t<meta name=\"twitter:data1\" content=\"Lukasz\" \/>\n\t<meta name=\"twitter:label2\" content=\"Szacowany czas czytania\" \/>\n\t<meta name=\"twitter:data2\" content=\"1 minuta\" \/>\n<script type=\"application\/ld+json\" class=\"yoast-schema-graph\">{\"@context\":\"https:\/\/schema.org\",\"@graph\":[{\"@type\":\"Article\",\"@id\":\"https:\/\/heritagehubkrakow.org\/pl\/tworczyni-sukcesu-kopalni-zlota-nagrodzona-przez-europa-nostra\/#article\",\"isPartOf\":{\"@id\":\"https:\/\/heritagehubkrakow.org\/pl\/tworczyni-sukcesu-kopalni-zlota-nagrodzona-przez-europa-nostra\/\"},\"author\":{\"name\":\"Lukasz\",\"@id\":\"https:\/\/heritagehubkrakow.org\/pl\/#\/schema\/person\/112a7abbe48503b2f32e56abc46af660\"},\"headline\":\"Tw\u00f3rczyni sukcesu Kopalni Z\u0142ota nagrodzona przez Europa Nostra\",\"datePublished\":\"2023-07-03T13:51:26+00:00\",\"dateModified\":\"2023-07-03T13:51:26+00:00\",\"mainEntityOfPage\":{\"@id\":\"https:\/\/heritagehubkrakow.org\/pl\/tworczyni-sukcesu-kopalni-zlota-nagrodzona-przez-europa-nostra\/\"},\"wordCount\":257,\"commentCount\":0,\"publisher\":{\"@id\":\"https:\/\/heritagehubkrakow.org\/pl\/#organization\"},\"image\":{\"@id\":\"https:\/\/heritagehubkrakow.org\/pl\/tworczyni-sukcesu-kopalni-zlota-nagrodzona-przez-europa-nostra\/#primaryimage\"},\"thumbnailUrl\":\"https:\/\/heritagehubkrakow.org\/wp-content\/uploads\/2023\/07\/DSC04618-1-scaled.jpg\",\"keywords\":[\"Nagroda\"],\"inLanguage\":\"pl-PL\",\"potentialAction\":[{\"@type\":\"CommentAction\",\"name\":\"Comment\",\"target\":[\"https:\/\/heritagehubkrakow.org\/pl\/tworczyni-sukcesu-kopalni-zlota-nagrodzona-przez-europa-nostra\/#respond\"]}]},{\"@type\":\"WebPage\",\"@id\":\"https:\/\/heritagehubkrakow.org\/pl\/tworczyni-sukcesu-kopalni-zlota-nagrodzona-przez-europa-nostra\/\",\"url\":\"https:\/\/heritagehubkrakow.org\/pl\/tworczyni-sukcesu-kopalni-zlota-nagrodzona-przez-europa-nostra\/\",\"name\":\"Tw\u00f3rczyni sukcesu Kopalni Z\u0142ota nagrodzona przez Europa Nostra - Europa Nostra\",\"isPartOf\":{\"@id\":\"https:\/\/heritagehubkrakow.org\/pl\/#website\"},\"primaryImageOfPage\":{\"@id\":\"https:\/\/heritagehubkrakow.org\/pl\/tworczyni-sukcesu-kopalni-zlota-nagrodzona-przez-europa-nostra\/#primaryimage\"},\"image\":{\"@id\":\"https:\/\/heritagehubkrakow.org\/pl\/tworczyni-sukcesu-kopalni-zlota-nagrodzona-przez-europa-nostra\/#primaryimage\"},\"thumbnailUrl\":\"https:\/\/heritagehubkrakow.org\/wp-content\/uploads\/2023\/07\/DSC04618-1-scaled.jpg\",\"datePublished\":\"2023-07-03T13:51:26+00:00\",\"dateModified\":\"2023-07-03T13:51:26+00:00\",\"breadcrumb\":{\"@id\":\"https:\/\/heritagehubkrakow.org\/pl\/tworczyni-sukcesu-kopalni-zlota-nagrodzona-przez-europa-nostra\/#breadcrumb\"},\"inLanguage\":\"pl-PL\",\"potentialAction\":[{\"@type\":\"ReadAction\",\"target\":[\"https:\/\/heritagehubkrakow.org\/pl\/tworczyni-sukcesu-kopalni-zlota-nagrodzona-przez-europa-nostra\/\"]}]},{\"@type\":\"ImageObject\",\"inLanguage\":\"pl-PL\",\"@id\":\"https:\/\/heritagehubkrakow.org\/pl\/tworczyni-sukcesu-kopalni-zlota-nagrodzona-przez-europa-nostra\/#primaryimage\",\"url\":\"https:\/\/heritagehubkrakow.org\/wp-content\/uploads\/2023\/07\/DSC04618-1-scaled.jpg\",\"contentUrl\":\"https:\/\/heritagehubkrakow.org\/wp-content\/uploads\/2023\/07\/DSC04618-1-scaled.jpg\"},{\"@type\":\"BreadcrumbList\",\"@id\":\"https:\/\/heritagehubkrakow.org\/pl\/tworczyni-sukcesu-kopalni-zlota-nagrodzona-przez-europa-nostra\/#breadcrumb\",\"itemListElement\":[{\"@type\":\"ListItem\",\"position\":1,\"name\":\"Homepage\",\"item\":\"https:\/\/heritagehubkrakow.org\/pl\/\"},{\"@type\":\"ListItem\",\"position\":2,\"name\":\"Tw\u00f3rczyni sukcesu Kopalni Z\u0142ota nagrodzona przez Europa Nostra\"}]},{\"@type\":\"WebSite\",\"@id\":\"https:\/\/heritagehubkrakow.org\/pl\/#website\",\"url\":\"https:\/\/heritagehubkrakow.org\/pl\/\",\"name\":\"Europa Nostra\",\"description\":\"Heritage Hub for Central and Eastern Europe\",\"publisher\":{\"@id\":\"https:\/\/heritagehubkrakow.org\/pl\/#organization\"},\"potentialAction\":[{\"@type\":\"SearchAction\",\"target\":{\"@type\":\"EntryPoint\",\"urlTemplate\":\"https:\/\/heritagehubkrakow.org\/pl\/?s={search_term_string}\"},\"query-input\":{\"@type\":\"PropertyValueSpecification\",\"valueRequired\":true,\"valueName\":\"search_term_string\"}}],\"inLanguage\":\"pl-PL\"},{\"@type\":\"Organization\",\"@id\":\"https:\/\/heritagehubkrakow.org\/pl\/#organization\",\"name\":\"Europa Nostra\",\"url\":\"https:\/\/heritagehubkrakow.org\/pl\/\",\"logo\":{\"@type\":\"ImageObject\",\"inLanguage\":\"pl-PL\",\"@id\":\"https:\/\/heritagehubkrakow.org\/pl\/#\/schema\/logo\/image\/\",\"url\":\"https:\/\/heritagehubkrakow.org\/wp-content\/uploads\/2023\/01\/europa-logo.png\",\"contentUrl\":\"https:\/\/heritagehubkrakow.org\/wp-content\/uploads\/2023\/01\/europa-logo.png\",\"width\":218,\"height\":237,\"caption\":\"Europa Nostra\"},\"image\":{\"@id\":\"https:\/\/heritagehubkrakow.org\/pl\/#\/schema\/logo\/image\/\"}},{\"@type\":\"Person\",\"@id\":\"https:\/\/heritagehubkrakow.org\/pl\/#\/schema\/person\/112a7abbe48503b2f32e56abc46af660\",\"name\":\"Lukasz\",\"image\":{\"@type\":\"ImageObject\",\"inLanguage\":\"pl-PL\",\"@id\":\"https:\/\/heritagehubkrakow.org\/pl\/#\/schema\/person\/image\/\",\"url\":\"https:\/\/secure.gravatar.com\/avatar\/ad98e1210139ce861e9a29f33990fb143471357f24b3f9df1095f3e51e7a4f52?s=96&d=mm&r=g\",\"contentUrl\":\"https:\/\/secure.gravatar.com\/avatar\/ad98e1210139ce861e9a29f33990fb143471357f24b3f9df1095f3e51e7a4f52?s=96&d=mm&r=g\",\"caption\":\"Lukasz\"},\"url\":\"https:\/\/heritagehubkrakow.org\/pl\/author\/lukasz-pierog\/\"}]}<\/script>\n<!-- \/ Yoast SEO plugin. -->","yoast_head_json":{"title":"Tw\u00f3rczyni sukcesu Kopalni Z\u0142ota nagrodzona przez Europa Nostra - Europa Nostra","robots":{"index":"index","follow":"follow","max-snippet":"max-snippet:-1","max-image-preview":"max-image-preview:large","max-video-preview":"max-video-preview:-1"},"canonical":"https:\/\/heritagehubkrakow.org\/pl\/tworczyni-sukcesu-kopalni-zlota-nagrodzona-przez-europa-nostra\/","og_locale":"pl_PL","og_type":"article","og_title":"Tw\u00f3rczyni sukcesu Kopalni Z\u0142ota nagrodzona przez Europa Nostra - Europa Nostra","og_description":"El\u017cbieta Szumska, w\u0142a\u015bcicielka Kopani Z\u0142ota w Z\u0142otym Stoku, odebra\u0142a 30 czerwca 2023 roku pami\u0105tkowy medal towarzysz\u0105cy Europejskiej Nagrodzie Dziedzictwa | Nagrodzie Europa Nostra za 2022 roku w kategorii Mistrzowie Dziedzictwa.","og_url":"https:\/\/heritagehubkrakow.org\/pl\/tworczyni-sukcesu-kopalni-zlota-nagrodzona-przez-europa-nostra\/","og_site_name":"Europa Nostra","article_published_time":"2023-07-03T13:51:26+00:00","author":"Lukasz","twitter_card":"summary_large_image","twitter_misc":{"Napisane przez":"Lukasz","Szacowany czas czytania":"1 minuta"},"schema":{"@context":"https:\/\/schema.org","@graph":[{"@type":"Article","@id":"https:\/\/heritagehubkrakow.org\/pl\/tworczyni-sukcesu-kopalni-zlota-nagrodzona-przez-europa-nostra\/#article","isPartOf":{"@id":"https:\/\/heritagehubkrakow.org\/pl\/tworczyni-sukcesu-kopalni-zlota-nagrodzona-przez-europa-nostra\/"},"author":{"name":"Lukasz","@id":"https:\/\/heritagehubkrakow.org\/pl\/#\/schema\/person\/112a7abbe48503b2f32e56abc46af660"},"headline":"Tw\u00f3rczyni sukcesu Kopalni Z\u0142ota nagrodzona przez Europa Nostra","datePublished":"2023-07-03T13:51:26+00:00","dateModified":"2023-07-03T13:51:26+00:00","mainEntityOfPage":{"@id":"https:\/\/heritagehubkrakow.org\/pl\/tworczyni-sukcesu-kopalni-zlota-nagrodzona-przez-europa-nostra\/"},"wordCount":257,"commentCount":0,"publisher":{"@id":"https:\/\/heritagehubkrakow.org\/pl\/#organization"},"image":{"@id":"https:\/\/heritagehubkrakow.org\/pl\/tworczyni-sukcesu-kopalni-zlota-nagrodzona-przez-europa-nostra\/#primaryimage"},"thumbnailUrl":"https:\/\/heritagehubkrakow.org\/wp-content\/uploads\/2023\/07\/DSC04618-1-scaled.jpg","keywords":["Nagroda"],"inLanguage":"pl-PL","potentialAction":[{"@type":"CommentAction","name":"Comment","target":["https:\/\/heritagehubkrakow.org\/pl\/tworczyni-sukcesu-kopalni-zlota-nagrodzona-przez-europa-nostra\/#respond"]}]},{"@type":"WebPage","@id":"https:\/\/heritagehubkrakow.org\/pl\/tworczyni-sukcesu-kopalni-zlota-nagrodzona-przez-europa-nostra\/","url":"https:\/\/heritagehubkrakow.org\/pl\/tworczyni-sukcesu-kopalni-zlota-nagrodzona-przez-europa-nostra\/","name":"Tw\u00f3rczyni sukcesu Kopalni Z\u0142ota nagrodzona przez Europa Nostra - Europa Nostra","isPartOf":{"@id":"https:\/\/heritagehubkrakow.org\/pl\/#website"},"primaryImageOfPage":{"@id":"https:\/\/heritagehubkrakow.org\/pl\/tworczyni-sukcesu-kopalni-zlota-nagrodzona-przez-europa-nostra\/#primaryimage"},"image":{"@id":"https:\/\/heritagehubkrakow.org\/pl\/tworczyni-sukcesu-kopalni-zlota-nagrodzona-przez-europa-nostra\/#primaryimage"},"thumbnailUrl":"https:\/\/heritagehubkrakow.org\/wp-content\/uploads\/2023\/07\/DSC04618-1-scaled.jpg","datePublished":"2023-07-03T13:51:26+00:00","dateModified":"2023-07-03T13:51:26+00:00","breadcrumb":{"@id":"https:\/\/heritagehubkrakow.org\/pl\/tworczyni-sukcesu-kopalni-zlota-nagrodzona-przez-europa-nostra\/#breadcrumb"},"inLanguage":"pl-PL","potentialAction":[{"@type":"ReadAction","target":["https:\/\/heritagehubkrakow.org\/pl\/tworczyni-sukcesu-kopalni-zlota-nagrodzona-przez-europa-nostra\/"]}]},{"@type":"ImageObject","inLanguage":"pl-PL","@id":"https:\/\/heritagehubkrakow.org\/pl\/tworczyni-sukcesu-kopalni-zlota-nagrodzona-przez-europa-nostra\/#primaryimage","url":"https:\/\/heritagehubkrakow.org\/wp-content\/uploads\/2023\/07\/DSC04618-1-scaled.jpg","contentUrl":"https:\/\/heritagehubkrakow.org\/wp-content\/uploads\/2023\/07\/DSC04618-1-scaled.jpg"},{"@type":"BreadcrumbList","@id":"https:\/\/heritagehubkrakow.org\/pl\/tworczyni-sukcesu-kopalni-zlota-nagrodzona-przez-europa-nostra\/#breadcrumb","itemListElement":[{"@type":"ListItem","position":1,"name":"Homepage","item":"https:\/\/heritagehubkrakow.org\/pl\/"},{"@type":"ListItem","position":2,"name":"Tw\u00f3rczyni sukcesu Kopalni Z\u0142ota nagrodzona przez Europa Nostra"}]},{"@type":"WebSite","@id":"https:\/\/heritagehubkrakow.org\/pl\/#website","url":"https:\/\/heritagehubkrakow.org\/pl\/","name":"Europa Nostra","description":"Heritage Hub for Central and Eastern Europe","publisher":{"@id":"https:\/\/heritagehubkrakow.org\/pl\/#organization"},"potentialAction":[{"@type":"SearchAction","target":{"@type":"EntryPoint","urlTemplate":"https:\/\/heritagehubkrakow.org\/pl\/?s={search_term_string}"},"query-input":{"@type":"PropertyValueSpecification","valueRequired":true,"valueName":"search_term_string"}}],"inLanguage":"pl-PL"},{"@type":"Organization","@id":"https:\/\/heritagehubkrakow.org\/pl\/#organization","name":"Europa Nostra","url":"https:\/\/heritagehubkrakow.org\/pl\/","logo":{"@type":"ImageObject","inLanguage":"pl-PL","@id":"https:\/\/heritagehubkrakow.org\/pl\/#\/schema\/logo\/image\/","url":"https:\/\/heritagehubkrakow.org\/wp-content\/uploads\/2023\/01\/europa-logo.png","contentUrl":"https:\/\/heritagehubkrakow.org\/wp-content\/uploads\/2023\/01\/europa-logo.png","width":218,"height":237,"caption":"Europa Nostra"},"image":{"@id":"https:\/\/heritagehubkrakow.org\/pl\/#\/schema\/logo\/image\/"}},{"@type":"Person","@id":"https:\/\/heritagehubkrakow.org\/pl\/#\/schema\/person\/112a7abbe48503b2f32e56abc46af660","name":"Lukasz","image":{"@type":"ImageObject","inLanguage":"pl-PL","@id":"https:\/\/heritagehubkrakow.org\/pl\/#\/schema\/person\/image\/","url":"https:\/\/secure.gravatar.com\/avatar\/ad98e1210139ce861e9a29f33990fb143471357f24b3f9df1095f3e51e7a4f52?s=96&d=mm&r=g","contentUrl":"https:\/\/secure.gravatar.com\/avatar\/ad98e1210139ce861e9a29f33990fb143471357f24b3f9df1095f3e51e7a4f52?s=96&d=mm&r=g","caption":"Lukasz"},"url":"https:\/\/heritagehubkrakow.org\/pl\/author\/lukasz-pierog\/"}]}},"_links":{"self":[{"href":"https:\/\/heritagehubkrakow.org\/pl\/wp-json\/wp\/v2\/posts\/7215","targetHints":{"allow":["GET"]}}],"collection":[{"href":"https:\/\/heritagehubkrakow.org\/pl\/wp-json\/wp\/v2\/posts"}],"about":[{"href":"https:\/\/heritagehubkrakow.org\/pl\/wp-json\/wp\/v2\/types\/post"}],"author":[{"embeddable":true,"href":"https:\/\/heritagehubkrakow.org\/pl\/wp-json\/wp\/v2\/users\/7"}],"replies":[{"embeddable":true,"href":"https:\/\/heritagehubkrakow.org\/pl\/wp-json\/wp\/v2\/comments?post=7215"}],"version-history":[{"count":0,"href":"https:\/\/heritagehubkrakow.org\/pl\/wp-json\/wp\/v2\/posts\/7215\/revisions"}],"wp:attachment":[{"href":"https:\/\/heritagehubkrakow.org\/pl\/wp-json\/wp\/v2\/media?parent=7215"}],"wp:term":[{"taxonomy":"category","embeddable":true,"href":"https:\/\/heritagehubkrakow.org\/pl\/wp-json\/wp\/v2\/categories?post=7215"},{"taxonomy":"post_tag","embeddable":true,"href":"https:\/\/heritagehubkrakow.org\/pl\/wp-json\/wp\/v2\/tags?post=7215"}],"curies":[{"name":"wp","href":"https:\/\/api.w.org\/{rel}","templated":true}]}}