{"id":7218,"date":"2023-07-24T12:34:08","date_gmt":"2023-07-24T12:34:08","guid":{"rendered":"https:\/\/heritagehubkrakow.org\/program-7-most-endangered-2024-trwa-nabor-zgloszen\/"},"modified":"2023-07-24T12:34:08","modified_gmt":"2023-07-24T12:34:08","slug":"program-7-most-endangered-2024-trwa-nabor-zgloszen","status":"publish","type":"post","link":"https:\/\/heritagehubkrakow.org\/pl\/program-7-most-endangered-2024-trwa-nabor-zgloszen\/","title":{"rendered":"Program 7 Most Endangered 2024 \u2013 trwa nab\u00f3r zg\u0142osze\u0144"},"content":{"rendered":"<div class=\"is-style-section-container, has-white-text is-style-section-container wp-block-group alignfull has-red-background-color has-background eplus-wrapper is-layout-constrained wp-block-group-is-layout-constrained eplus-styles-uid-cd9c93\"><div class=\"is-style-section-container wp-block-group alignfull eplus-wrapper is-layout-constrained wp-block-group-is-layout-constrained eplus-styles-uid-662964\"><div class=\"has-white-text wp-block-group alignfull has-white-color has-text-color eplus-wrapper is-layout-constrained wp-block-group-is-layout-constrained eplus-styles-uid-a78524\"><h1 class=\" wp-block-heading has-text-align-center eplus-wrapper eplus-styles-uid-eee9f7\"><strong><strong><strong>Program 7 Most Endangered 2024 \u2013 trwa nab\u00f3r zg\u0142osze\u0144<\/strong><\/strong><\/strong><\/h1>\n\n<div class=\"yoast-breadcrumbs\"><span><span><a href=\"https:\/\/heritagehubkrakow.org\/pl\/\">Homepage<\/a><\/span> &#8211; <span class=\"breadcrumb_last\" aria-current=\"page\">Program 7 Most Endangered 2024 \u2013 trwa nab\u00f3r zg\u0142osze\u0144<\/span><\/span><\/div><\/div><\/div><\/div><div class=\"is-style-section-container wp-block-group alignfull has-green-dark-background-color has-background eplus-wrapper is-layout-constrained wp-block-group-is-layout-constrained eplus-styles-uid-4c6cdd\"><div class=\"wp-block-group alignfull eplus-wrapper is-layout-constrained wp-block-group-is-layout-constrained eplus-styles-uid-95a17e\">\n<div class=\"wp-block-group eplus-wrapper is-layout-constrained wp-block-group-is-layout-constrained\"><div class=\"wp-block-group eplus-wrapper is-content-justification-center is-layout-flex wp-container-core-group-is-layout-8ee2ad45 wp-block-group-is-layout-flex eplus-styles-uid-cf9c39\"><div class=\"article-date wp-block-post-date\"><time datetime=\"2023-07-24T12:34:08+00:00\">24 lipca 2023<\/time><\/div><\/div>\n\n<div class=\"wp-block-group eplus-wrapper is-layout-constrained wp-block-group-is-layout-constrained eplus-styles-uid-ba2e4b\"><div class=\"taxonomy-post_tag has-text-align-center article-tags wp-block-post-terms eplus-styles-uid-d35575\"><a href=\"https:\/\/heritagehubkrakow.org\/pl\/tag\/dziedzictwo-w-zagrozeniufinansowanie\/\" rel=\"tag\">Dziedzictwo w zagro\u017ceniu|Finansowanie<\/a><span class=\"wp-block-post-terms__suffix\"> <\/span><\/div><\/div><\/div>\n\n\n\n<h3 class=\" wp-block-heading eplus-wrapper\"><strong>W ca\u0142ej Europie dziedzictwo kulturowe jest obecnie nara\u017cane na coraz wi\u0119ksze zagro\u017cenia: kl\u0119ski \u017cywio\u0142owe i katastrofy spowodowane przez cz\u0142owieka, skutki zmian klimatu, konflikty, zaniedbania, nieodpowiedni rozw\u00f3j lub brak funduszy. Je\u015bli posiadasz wiedz\u0119 na temat wa\u017cnego dziedzictwa w Europie, kt\u00f3re jest zagro\u017cone &#8211; jak<\/strong> <strong>zabytek lub zesp\u00f3\u0142 zabytkowy, stanowisko archeologiczne, miejsce kultu, kompleks przemys\u0142owy, zabytkowy park lub ogr\u00f3d, muzeum, ruchomy obiekt dziedzictwa materialnego lub element czy praktyka dziedzictwa niematerialnego \u2013 <strong><a href=\"https:\/\/7mostendangered.eu\/nominate\/\" target=\"_blank\" rel=\"noreferrer noopener\">zg\u0142o\u015b je<\/a> do edycji 2024 programu <a href=\"https:\/\/7mostendangered.eu\/\" target=\"_blank\" rel=\"noreferrer noopener\">7 Najbardziej Zagro\u017conych [7 Most Endangered]<\/a>.<\/strong> Do programu kwalifikuje si\u0119 zar\u00f3wno dziedzictwo materialne, jak i niematerialne, niezale\u017cnie od tego, czy jest ono w\u0142asno\u015bci\u0105 publiczn\u0105 czy prywatn\u0105.<\/strong><\/h3>\n\n\n\n<p class=\" eplus-wrapper\"><strong>W edycji 2024<\/strong> <strong><a href=\"https:\/\/7mostendangered.eu\/\" target=\"_blank\" rel=\"noreferrer noopener\">programu 7 Najbardziej Zagro\u017conych<\/a><\/strong> szczeg\u00f3lnie zach\u0119ca si\u0119 do zg\u0142aszania dziedzictwa zagro\u017conego obecnymi lub przewidywanymi <strong>zagro\u017ceniami<\/strong> zwi\u0105zanymi ze <strong>zmian\u0105 klimatu<\/strong>, w tym zagro\u017ceniami z\u0142o\u017conymi i kaskadowymi. Oczekiwane s\u0105 zg\u0142oszenia dotycz\u0105ce dziedzictwa zagro\u017conego zar\u00f3wno przez zdarzenia powolne (wzrost poziomu morza, zmieniaj\u0105ca si\u0119 sezonowo\u015b\u0107), jak i gwa\u0142towne (po\u017cary, ekstremalne powodzie). Ponadto, bior\u0105c pod uwag\u0119 <strong>znacz\u0105ce kryzysy<\/strong> panuj\u0105ce na naszym kontynencie, w tym konflikty, \u015brodowiska pokonfliktowe czy kl\u0119ski \u017cywio\u0142owe, <strong>do sk\u0142adania wniosk\u00f3w zdecydowanie zach\u0119ca si\u0119 osoby i organizacje mieszkaj\u0105ce na obszarach dotkni\u0119tych kryzysami.<\/strong><\/p>\n\n\n\n<p class=\" eplus-wrapper\">Uruchomiony w 2013 roku program 7 Najbardziej Zagro\u017conych [7 Most Endangered], obchodz\u0105cy w tym roku swoj\u0105 <strong>dziesi\u0105t\u0105 rocznic\u0119<\/strong>, jest kampani\u0105 spo\u0142ecze\u0144stwa obywatelskiego maj\u0105c\u0105 na celu ratowanie zagro\u017conego dziedzictwa Europy. Program podnosi \u015bwiadomo\u015b\u0107, dokonuje niezale\u017cnych ocen eksperckich, proponuje zalecenia dotycz\u0105ce dzia\u0142a\u0144 oraz stara si\u0119 zbiera\u0107 poparcie dla ratowania wybranych zagro\u017conych miejsc. Znalezienie si\u0119 na <a href=\"https:\/\/7mostendangered.eu\/sites\/\" target=\"_blank\" rel=\"noreferrer noopener\"><strong>li\u015bcie 7 Najbardziej Zagro\u017conych<\/strong><\/a> cz\u0119sto s\u0142u\u017cy jako katalizator pozytywnych zmian oraz zach\u0119ta do mobilizacji niezb\u0119dnego wsparcia publicznego lub prywatnego, w tym finansowego. Wpisane obiekty kwalifikuj\u0105 si\u0119 r\u00f3wnie\u017c do otrzymania <strong>dotacji EBI na rzecz dziedzictwa w wysoko\u015bci 10 000 euro, na ka\u017cdy wybrany obiekt,<\/strong> maj\u0105cej pom\u00f3c w realizacji wsp\u00f3lnie uzgodnionego dzia\u0142ania, kt\u00f3re przyczyni si\u0119 do uratowania zagro\u017conych miejsc, element\u00f3w etc. Odkryj <a href=\"https:\/\/7mostendangered.eu\/sites\/\" target=\"_blank\" rel=\"noreferrer noopener\">tutaj<\/a> 56 zagro\u017conych zabytk\u00f3w i miejsc dziedzictwa z 31 kraj\u00f3w z ca\u0142ej Europy, wybranych od 2013 roku.<\/p>\n\n\n\n<figure class=\"wp-embed-aspect-16-9 wp-has-aspect-ratio wp-block-embed aligncenter is-type-video is-provider-vimeo wp-block-embed-vimeo eplus-wrapper\"><div class=\"wp-block-embed__wrapper\">\n<iframe loading=\"lazy\" title=\"7 Most Endangered Call for Nominations 2024\" src=\"https:\/\/player.vimeo.com\/video\/831178202?dnt=1&amp;app_id=122963\" width=\"500\" height=\"281\" frameborder=\"0\" allow=\"autoplay; fullscreen; picture-in-picture; clipboard-write; encrypted-media\"><\/iframe>\n<\/div><\/figure>\n\n\n\n<p class=\" eplus-wrapper\"><strong>W celu przygotowania swojego zg\u0142oszenia, zapoznaj si\u0119 z tegorocznym <a href=\"https:\/\/www.europanostra.org\/wp-content\/uploads\/2023\/06\/7ME2024-Call-for-Nominations.pdf\" target=\"_blank\" rel=\"noreferrer noopener\">zaproszeniem do sk\u0142adania wniosk\u00f3w<\/a>, w kt\u00f3rym przedstawione zosta\u0142y kryteria wyboru oraz proces selekcji. <a href=\"https:\/\/7mostendangered.eu\/nominate\/\" target=\"_blank\" rel=\"noreferrer noopener\">Nominacj\u0119 mo\u017cna przes\u0142a\u0107 tutaj<\/a>. <\/strong><\/p>\n\n\n\n<p class=\" eplus-wrapper\"><strong>Termin nadsy\u0142ania zg\u0142osze\u0144 up\u0142ywa 15 wrze\u015bnia 2023!<\/strong><\/p>\n\n\n\n<p class=\" eplus-wrapper\">Program 7 Najbardziej Zagro\u017conych jest prowadzony przez <a href=\"https:\/\/www.europanostra.org\/\" target=\"_blank\" rel=\"noreferrer noopener\">Europa Nostra<\/a> we wsp\u00f3\u0142pracy z <a href=\"https:\/\/institute.eib.org\/\" target=\"_blank\" rel=\"noreferrer noopener\">Instytutem Europejskiego Banku Inwestycyjnego (EBI)<\/a>. Posiada r\u00f3wnie\u017c wsparcie programu Unii Europejskiej <a href=\"https:\/\/culture.ec.europa.eu\/creative-europe\" target=\"_blank\" rel=\"noreferrer noopener\">Kreatywna Europa <\/a>w ramach sieciowego projektu Europa Nostra &#8211; <a href=\"https:\/\/www.europanostra.org\/agora\/\" target=\"_blank\" rel=\"noreferrer noopener\">Agora Europejskiego Dziedzictwa Kulturowego<\/a>.<\/p>\n\n\n\n<p class=\" eplus-wrapper\"><strong>Prze\u015blij swoje zg\u0142oszenie i do\u0142\u0105cz do nas w naszych wsp\u00f3lnych wysi\u0142kach na rzecz ratowania naszego dziedzictwa, ze szczeg\u00f3lnym uwzgl\u0119dnieniem dziedzictwa z Europy \u015arodkowo-Wschodniej!<\/strong><\/p>\n\n\n\n<div class=\"wp-block-buttons eplus-wrapper is-layout-flex wp-block-buttons-is-layout-flex\"><div class=\" wp-block-button eplus-wrapper eplus-styles-uid-4e4b07\"><a class=\"wp-block-button__link wp-element-button\" href=\"https:\/\/oc565ad5q52.typeform.com\/to\/uyzXIYcK\" target=\"_blank\" rel=\"noreferrer noopener\">Nominuj online<\/a><\/div><\/div>\n\n\n\n<div class=\"wp-block-group eplus-wrapper is-layout-constrained wp-block-group-is-layout-constrained\"><ul class=\"eplus-wrapper wp-block-list eplus-styles-uid-49e1bd\">\n<li class=\" eplus-wrapper\">\n<\/li><\/ul>\n\n\n<div class=\"wp-block-buttons eplus-wrapper is-layout-flex wp-block-buttons-is-layout-flex\"><div class=\"is-style-black wp-block-button eplus-wrapper eplus-styles-uid-328fad\"><a class=\"wp-block-button__link wp-element-button\" href=\"https:\/\/www.europanostra.org\/7-most-endangered-programme-2024-call-for-nominations-is-open\/%20\" target=\"_blank\" rel=\"noreferrer noopener\">Czytaj wi\u0119cej<\/a><\/div><\/div>\n<\/div>\n\n\n\n<div class=\"wp-block-group eplus-wrapper is-layout-constrained wp-block-group-is-layout-constrained\"><\/div>\n<\/div><\/div><div class=\"is-style-section-container wp-block-group alignfull has-blue-light-background-color has-background eplus-wrapper is-layout-constrained wp-block-group-is-layout-constrained eplus-styles-uid-4c6cdd\"><\/div><div class=\"is-style-section-container wp-block-group alignfull has-orange-background-color has-background eplus-wrapper is-layout-constrained wp-block-group-is-layout-constrained eplus-styles-uid-4c6cdd\">\n<div class=\"wp-block-group alignfull eplus-wrapper is-layout-constrained wp-block-group-is-layout-constrained\"><\/div>\n<\/div>","protected":false},"excerpt":{"rendered":"<p>Je\u015bli posiadasz wiedz\u0119 na temat wa\u017cnego dziedzictwa w Europie, kt\u00f3re jest zagro\u017cone, zg\u0142o\u015b je do edycji 2024 programu 7 Most Endangered. Prze\u015blij zg\u0142oszenie do 15 wrze\u015bnia 2023 roku.<\/p>\n","protected":false},"author":7,"featured_media":0,"comment_status":"open","ping_status":"open","sticky":false,"template":"","format":"standard","meta":{"_acf_changed":false,"editor_plus_copied_stylings":"{}","footnotes":""},"categories":[16],"tags":[248],"class_list":["post-7218","post","type-post","status-publish","format-standard","hentry","category-bez-kategorii","tag-dziedzictwo-w-zagrozeniufinansowanie"],"acf":[],"yoast_head":"<!-- This site is optimized with the Yoast SEO plugin v23.8 - https:\/\/yoast.com\/wordpress\/plugins\/seo\/ -->\n<title>Program 7 Most Endangered 2024 \u2013 trwa nab\u00f3r zg\u0142osze\u0144 - Europa Nostra<\/title>\n<meta name=\"robots\" content=\"index, follow, max-snippet:-1, max-image-preview:large, max-video-preview:-1\" \/>\n<link rel=\"canonical\" href=\"https:\/\/heritagehubkrakow.org\/pl\/program-7-most-endangered-2024-trwa-nabor-zgloszen\/\" \/>\n<meta property=\"og:locale\" content=\"pl_PL\" \/>\n<meta property=\"og:type\" content=\"article\" \/>\n<meta property=\"og:title\" content=\"Program 7 Most Endangered 2024 \u2013 trwa nab\u00f3r zg\u0142osze\u0144 - Europa Nostra\" \/>\n<meta property=\"og:description\" content=\"Je\u015bli posiadasz wiedz\u0119 na temat wa\u017cnego dziedzictwa w Europie, kt\u00f3re jest zagro\u017cone, zg\u0142o\u015b je do edycji 2024 programu 7 Most Endangered. Prze\u015blij zg\u0142oszenie do 15 wrze\u015bnia 2023 roku.\" \/>\n<meta property=\"og:url\" content=\"https:\/\/heritagehubkrakow.org\/pl\/program-7-most-endangered-2024-trwa-nabor-zgloszen\/\" \/>\n<meta property=\"og:site_name\" content=\"Europa Nostra\" \/>\n<meta property=\"article:published_time\" content=\"2023-07-24T12:34:08+00:00\" \/>\n<meta name=\"author\" content=\"Lukasz\" \/>\n<meta name=\"twitter:card\" content=\"summary_large_image\" \/>\n<meta name=\"twitter:label1\" content=\"Napisane przez\" \/>\n\t<meta name=\"twitter:data1\" content=\"Lukasz\" \/>\n\t<meta name=\"twitter:label2\" content=\"Szacowany czas czytania\" \/>\n\t<meta name=\"twitter:data2\" content=\"3 minuty\" \/>\n<script type=\"application\/ld+json\" class=\"yoast-schema-graph\">{\"@context\":\"https:\/\/schema.org\",\"@graph\":[{\"@type\":\"Article\",\"@id\":\"https:\/\/heritagehubkrakow.org\/pl\/program-7-most-endangered-2024-trwa-nabor-zgloszen\/#article\",\"isPartOf\":{\"@id\":\"https:\/\/heritagehubkrakow.org\/pl\/program-7-most-endangered-2024-trwa-nabor-zgloszen\/\"},\"author\":{\"name\":\"Lukasz\",\"@id\":\"https:\/\/heritagehubkrakow.org\/pl\/#\/schema\/person\/112a7abbe48503b2f32e56abc46af660\"},\"headline\":\"Program 7 Most Endangered 2024 \u2013 trwa nab\u00f3r zg\u0142osze\u0144\",\"datePublished\":\"2023-07-24T12:34:08+00:00\",\"dateModified\":\"2023-07-24T12:34:08+00:00\",\"mainEntityOfPage\":{\"@id\":\"https:\/\/heritagehubkrakow.org\/pl\/program-7-most-endangered-2024-trwa-nabor-zgloszen\/\"},\"wordCount\":511,\"commentCount\":0,\"publisher\":{\"@id\":\"https:\/\/heritagehubkrakow.org\/pl\/#organization\"},\"keywords\":[\"Dziedzictwo w zagro\u017ceniu|Finansowanie\"],\"inLanguage\":\"pl-PL\",\"potentialAction\":[{\"@type\":\"CommentAction\",\"name\":\"Comment\",\"target\":[\"https:\/\/heritagehubkrakow.org\/pl\/program-7-most-endangered-2024-trwa-nabor-zgloszen\/#respond\"]}]},{\"@type\":\"WebPage\",\"@id\":\"https:\/\/heritagehubkrakow.org\/pl\/program-7-most-endangered-2024-trwa-nabor-zgloszen\/\",\"url\":\"https:\/\/heritagehubkrakow.org\/pl\/program-7-most-endangered-2024-trwa-nabor-zgloszen\/\",\"name\":\"Program 7 Most Endangered 2024 \u2013 trwa nab\u00f3r zg\u0142osze\u0144 - Europa Nostra\",\"isPartOf\":{\"@id\":\"https:\/\/heritagehubkrakow.org\/pl\/#website\"},\"datePublished\":\"2023-07-24T12:34:08+00:00\",\"dateModified\":\"2023-07-24T12:34:08+00:00\",\"breadcrumb\":{\"@id\":\"https:\/\/heritagehubkrakow.org\/pl\/program-7-most-endangered-2024-trwa-nabor-zgloszen\/#breadcrumb\"},\"inLanguage\":\"pl-PL\",\"potentialAction\":[{\"@type\":\"ReadAction\",\"target\":[\"https:\/\/heritagehubkrakow.org\/pl\/program-7-most-endangered-2024-trwa-nabor-zgloszen\/\"]}]},{\"@type\":\"BreadcrumbList\",\"@id\":\"https:\/\/heritagehubkrakow.org\/pl\/program-7-most-endangered-2024-trwa-nabor-zgloszen\/#breadcrumb\",\"itemListElement\":[{\"@type\":\"ListItem\",\"position\":1,\"name\":\"Homepage\",\"item\":\"https:\/\/heritagehubkrakow.org\/pl\/\"},{\"@type\":\"ListItem\",\"position\":2,\"name\":\"Program 7 Most Endangered 2024 \u2013 trwa nab\u00f3r zg\u0142osze\u0144\"}]},{\"@type\":\"WebSite\",\"@id\":\"https:\/\/heritagehubkrakow.org\/pl\/#website\",\"url\":\"https:\/\/heritagehubkrakow.org\/pl\/\",\"name\":\"Europa Nostra\",\"description\":\"Heritage Hub for Central and Eastern Europe\",\"publisher\":{\"@id\":\"https:\/\/heritagehubkrakow.org\/pl\/#organization\"},\"potentialAction\":[{\"@type\":\"SearchAction\",\"target\":{\"@type\":\"EntryPoint\",\"urlTemplate\":\"https:\/\/heritagehubkrakow.org\/pl\/?s={search_term_string}\"},\"query-input\":{\"@type\":\"PropertyValueSpecification\",\"valueRequired\":true,\"valueName\":\"search_term_string\"}}],\"inLanguage\":\"pl-PL\"},{\"@type\":\"Organization\",\"@id\":\"https:\/\/heritagehubkrakow.org\/pl\/#organization\",\"name\":\"Europa Nostra\",\"url\":\"https:\/\/heritagehubkrakow.org\/pl\/\",\"logo\":{\"@type\":\"ImageObject\",\"inLanguage\":\"pl-PL\",\"@id\":\"https:\/\/heritagehubkrakow.org\/pl\/#\/schema\/logo\/image\/\",\"url\":\"https:\/\/heritagehubkrakow.org\/wp-content\/uploads\/2023\/01\/europa-logo.png\",\"contentUrl\":\"https:\/\/heritagehubkrakow.org\/wp-content\/uploads\/2023\/01\/europa-logo.png\",\"width\":218,\"height\":237,\"caption\":\"Europa Nostra\"},\"image\":{\"@id\":\"https:\/\/heritagehubkrakow.org\/pl\/#\/schema\/logo\/image\/\"}},{\"@type\":\"Person\",\"@id\":\"https:\/\/heritagehubkrakow.org\/pl\/#\/schema\/person\/112a7abbe48503b2f32e56abc46af660\",\"name\":\"Lukasz\",\"image\":{\"@type\":\"ImageObject\",\"inLanguage\":\"pl-PL\",\"@id\":\"https:\/\/heritagehubkrakow.org\/pl\/#\/schema\/person\/image\/\",\"url\":\"https:\/\/secure.gravatar.com\/avatar\/ad98e1210139ce861e9a29f33990fb143471357f24b3f9df1095f3e51e7a4f52?s=96&d=mm&r=g\",\"contentUrl\":\"https:\/\/secure.gravatar.com\/avatar\/ad98e1210139ce861e9a29f33990fb143471357f24b3f9df1095f3e51e7a4f52?s=96&d=mm&r=g\",\"caption\":\"Lukasz\"},\"url\":\"https:\/\/heritagehubkrakow.org\/pl\/author\/lukasz-pierog\/\"}]}<\/script>\n<!-- \/ Yoast SEO plugin. -->","yoast_head_json":{"title":"Program 7 Most Endangered 2024 \u2013 trwa nab\u00f3r zg\u0142osze\u0144 - Europa Nostra","robots":{"index":"index","follow":"follow","max-snippet":"max-snippet:-1","max-image-preview":"max-image-preview:large","max-video-preview":"max-video-preview:-1"},"canonical":"https:\/\/heritagehubkrakow.org\/pl\/program-7-most-endangered-2024-trwa-nabor-zgloszen\/","og_locale":"pl_PL","og_type":"article","og_title":"Program 7 Most Endangered 2024 \u2013 trwa nab\u00f3r zg\u0142osze\u0144 - Europa Nostra","og_description":"Je\u015bli posiadasz wiedz\u0119 na temat wa\u017cnego dziedzictwa w Europie, kt\u00f3re jest zagro\u017cone, zg\u0142o\u015b je do edycji 2024 programu 7 Most Endangered. Prze\u015blij zg\u0142oszenie do 15 wrze\u015bnia 2023 roku.","og_url":"https:\/\/heritagehubkrakow.org\/pl\/program-7-most-endangered-2024-trwa-nabor-zgloszen\/","og_site_name":"Europa Nostra","article_published_time":"2023-07-24T12:34:08+00:00","author":"Lukasz","twitter_card":"summary_large_image","twitter_misc":{"Napisane przez":"Lukasz","Szacowany czas czytania":"3 minuty"},"schema":{"@context":"https:\/\/schema.org","@graph":[{"@type":"Article","@id":"https:\/\/heritagehubkrakow.org\/pl\/program-7-most-endangered-2024-trwa-nabor-zgloszen\/#article","isPartOf":{"@id":"https:\/\/heritagehubkrakow.org\/pl\/program-7-most-endangered-2024-trwa-nabor-zgloszen\/"},"author":{"name":"Lukasz","@id":"https:\/\/heritagehubkrakow.org\/pl\/#\/schema\/person\/112a7abbe48503b2f32e56abc46af660"},"headline":"Program 7 Most Endangered 2024 \u2013 trwa nab\u00f3r zg\u0142osze\u0144","datePublished":"2023-07-24T12:34:08+00:00","dateModified":"2023-07-24T12:34:08+00:00","mainEntityOfPage":{"@id":"https:\/\/heritagehubkrakow.org\/pl\/program-7-most-endangered-2024-trwa-nabor-zgloszen\/"},"wordCount":511,"commentCount":0,"publisher":{"@id":"https:\/\/heritagehubkrakow.org\/pl\/#organization"},"keywords":["Dziedzictwo w zagro\u017ceniu|Finansowanie"],"inLanguage":"pl-PL","potentialAction":[{"@type":"CommentAction","name":"Comment","target":["https:\/\/heritagehubkrakow.org\/pl\/program-7-most-endangered-2024-trwa-nabor-zgloszen\/#respond"]}]},{"@type":"WebPage","@id":"https:\/\/heritagehubkrakow.org\/pl\/program-7-most-endangered-2024-trwa-nabor-zgloszen\/","url":"https:\/\/heritagehubkrakow.org\/pl\/program-7-most-endangered-2024-trwa-nabor-zgloszen\/","name":"Program 7 Most Endangered 2024 \u2013 trwa nab\u00f3r zg\u0142osze\u0144 - Europa Nostra","isPartOf":{"@id":"https:\/\/heritagehubkrakow.org\/pl\/#website"},"datePublished":"2023-07-24T12:34:08+00:00","dateModified":"2023-07-24T12:34:08+00:00","breadcrumb":{"@id":"https:\/\/heritagehubkrakow.org\/pl\/program-7-most-endangered-2024-trwa-nabor-zgloszen\/#breadcrumb"},"inLanguage":"pl-PL","potentialAction":[{"@type":"ReadAction","target":["https:\/\/heritagehubkrakow.org\/pl\/program-7-most-endangered-2024-trwa-nabor-zgloszen\/"]}]},{"@type":"BreadcrumbList","@id":"https:\/\/heritagehubkrakow.org\/pl\/program-7-most-endangered-2024-trwa-nabor-zgloszen\/#breadcrumb","itemListElement":[{"@type":"ListItem","position":1,"name":"Homepage","item":"https:\/\/heritagehubkrakow.org\/pl\/"},{"@type":"ListItem","position":2,"name":"Program 7 Most Endangered 2024 \u2013 trwa nab\u00f3r zg\u0142osze\u0144"}]},{"@type":"WebSite","@id":"https:\/\/heritagehubkrakow.org\/pl\/#website","url":"https:\/\/heritagehubkrakow.org\/pl\/","name":"Europa Nostra","description":"Heritage Hub for Central and Eastern Europe","publisher":{"@id":"https:\/\/heritagehubkrakow.org\/pl\/#organization"},"potentialAction":[{"@type":"SearchAction","target":{"@type":"EntryPoint","urlTemplate":"https:\/\/heritagehubkrakow.org\/pl\/?s={search_term_string}"},"query-input":{"@type":"PropertyValueSpecification","valueRequired":true,"valueName":"search_term_string"}}],"inLanguage":"pl-PL"},{"@type":"Organization","@id":"https:\/\/heritagehubkrakow.org\/pl\/#organization","name":"Europa Nostra","url":"https:\/\/heritagehubkrakow.org\/pl\/","logo":{"@type":"ImageObject","inLanguage":"pl-PL","@id":"https:\/\/heritagehubkrakow.org\/pl\/#\/schema\/logo\/image\/","url":"https:\/\/heritagehubkrakow.org\/wp-content\/uploads\/2023\/01\/europa-logo.png","contentUrl":"https:\/\/heritagehubkrakow.org\/wp-content\/uploads\/2023\/01\/europa-logo.png","width":218,"height":237,"caption":"Europa Nostra"},"image":{"@id":"https:\/\/heritagehubkrakow.org\/pl\/#\/schema\/logo\/image\/"}},{"@type":"Person","@id":"https:\/\/heritagehubkrakow.org\/pl\/#\/schema\/person\/112a7abbe48503b2f32e56abc46af660","name":"Lukasz","image":{"@type":"ImageObject","inLanguage":"pl-PL","@id":"https:\/\/heritagehubkrakow.org\/pl\/#\/schema\/person\/image\/","url":"https:\/\/secure.gravatar.com\/avatar\/ad98e1210139ce861e9a29f33990fb143471357f24b3f9df1095f3e51e7a4f52?s=96&d=mm&r=g","contentUrl":"https:\/\/secure.gravatar.com\/avatar\/ad98e1210139ce861e9a29f33990fb143471357f24b3f9df1095f3e51e7a4f52?s=96&d=mm&r=g","caption":"Lukasz"},"url":"https:\/\/heritagehubkrakow.org\/pl\/author\/lukasz-pierog\/"}]}},"_links":{"self":[{"href":"https:\/\/heritagehubkrakow.org\/pl\/wp-json\/wp\/v2\/posts\/7218","targetHints":{"allow":["GET"]}}],"collection":[{"href":"https:\/\/heritagehubkrakow.org\/pl\/wp-json\/wp\/v2\/posts"}],"about":[{"href":"https:\/\/heritagehubkrakow.org\/pl\/wp-json\/wp\/v2\/types\/post"}],"author":[{"embeddable":true,"href":"https:\/\/heritagehubkrakow.org\/pl\/wp-json\/wp\/v2\/users\/7"}],"replies":[{"embeddable":true,"href":"https:\/\/heritagehubkrakow.org\/pl\/wp-json\/wp\/v2\/comments?post=7218"}],"version-history":[{"count":0,"href":"https:\/\/heritagehubkrakow.org\/pl\/wp-json\/wp\/v2\/posts\/7218\/revisions"}],"wp:attachment":[{"href":"https:\/\/heritagehubkrakow.org\/pl\/wp-json\/wp\/v2\/media?parent=7218"}],"wp:term":[{"taxonomy":"category","embeddable":true,"href":"https:\/\/heritagehubkrakow.org\/pl\/wp-json\/wp\/v2\/categories?post=7218"},{"taxonomy":"post_tag","embeddable":true,"href":"https:\/\/heritagehubkrakow.org\/pl\/wp-json\/wp\/v2\/tags?post=7218"}],"curies":[{"name":"wp","href":"https:\/\/api.w.org\/{rel}","templated":true}]}}