{"id":7219,"date":"2023-08-09T13:41:13","date_gmt":"2023-08-09T13:41:13","guid":{"rendered":"https:\/\/heritagehubkrakow.org\/krakow-heritage-nowy-portal\/"},"modified":"2023-08-09T13:41:13","modified_gmt":"2023-08-09T13:41:13","slug":"krakow-heritage-nowy-portal","status":"publish","type":"post","link":"https:\/\/heritagehubkrakow.org\/pl\/krakow-heritage-nowy-portal\/","title":{"rendered":"Krak\u00f3w Heritage &#8211; nowy portal"},"content":{"rendered":"<div class=\"is-style-section-container, has-white-text is-style-section-container wp-block-group alignfull has-red-background-color has-background eplus-wrapper is-layout-constrained wp-block-group-is-layout-constrained eplus-styles-uid-cd9c93\"><div class=\"is-style-section-container wp-block-group alignfull eplus-wrapper is-layout-constrained wp-block-group-is-layout-constrained eplus-styles-uid-662964\"><div class=\"has-white-text wp-block-group alignfull has-white-color has-text-color eplus-wrapper is-layout-constrained wp-block-group-is-layout-constrained eplus-styles-uid-a78524\"><h1 class=\" wp-block-heading has-text-align-center eplus-wrapper eplus-styles-uid-eee9f7\"><strong><strong><strong>Krak\u00f3w Heritage &#8211; nowy portal<\/strong><\/strong><\/strong><\/h1>\n\n<div class=\"yoast-breadcrumbs\"><span><span><a href=\"https:\/\/heritagehubkrakow.org\/pl\/\">Homepage<\/a><\/span> &#8211; <span class=\"breadcrumb_last\" aria-current=\"page\">Krak\u00f3w Heritage \u2013 nowy portal<\/span><\/span><\/div><\/div><\/div><\/div>\n\n<div class=\"is-style-section-container wp-block-group alignfull has-green-dark-background-color has-background eplus-wrapper is-layout-constrained wp-block-group-is-layout-constrained eplus-styles-uid-4c6cdd\"><div class=\"wp-block-group alignfull eplus-wrapper is-layout-constrained wp-block-group-is-layout-constrained eplus-styles-uid-95a17e\">\n<div class=\"wp-block-group eplus-wrapper is-layout-constrained wp-block-group-is-layout-constrained\"><div class=\"wp-block-group eplus-wrapper is-content-justification-center is-layout-flex wp-container-core-group-is-layout-8ee2ad45 wp-block-group-is-layout-flex eplus-styles-uid-cf9c39\"><div class=\"article-date wp-block-post-date\"><time datetime=\"2023-08-09T13:41:13+00:00\">09 sierpnia 2023<\/time><\/div><\/div>\n\n<div class=\"wp-block-group eplus-wrapper is-layout-constrained wp-block-group-is-layout-constrained eplus-styles-uid-ba2e4b\"><div class=\"taxonomy-post_tag has-text-align-center article-tags wp-block-post-terms eplus-styles-uid-d35575\"><a href=\"https:\/\/heritagehubkrakow.org\/pl\/tag\/dziedzictwo-cyfroweprojekt\/\" rel=\"tag\">Dziedzictwo cyfrowe|Projekt<\/a><span class=\"wp-block-post-terms__suffix\"> <\/span><\/div><\/div><\/div>\n\n\n\n<h3 class=\" wp-block-heading eplus-wrapper\">W 2023 roku przypada <strong>45. rocznica <\/strong><a href=\"https:\/\/whc.unesco.org\/en\/list\/29\/\"><strong>wpisu historycznego centrum Krakowa na List\u0119 \u015awiatowego Dziedzictwa UNESCO<\/strong><\/a><strong>.<\/strong> Z tej okazji <a href=\"https:\/\/www.krakow.pl\/\"><strong>Miasto Krak\u00f3w<\/strong><\/a> uruchomi\u0142o portal <a href=\"http:\/\/www.krakowheritage.com\" target=\"_blank\" rel=\"noreferrer noopener\"><strong>Krak\u00f3w Heritage<\/strong><\/a> prezentuj\u0105cy kompleksowo fenomeny dziedzictwa miasta oraz przybli\u017caj\u0105cy formy jego ochrony.<\/h3>\n\n\n\n<p class=\" has-text-align-center eplus-wrapper\"><img decoding=\"async\" class=\"wp-image-2719\" style=\"width: 1000px;\" src=\"https:\/\/heritagehubkrakow.org\/wp-content\/uploads\/2023\/08\/Screenshot-2023-08-09-at-15-34-28-Krakow-Heritage.png\" alt=\"\"><\/p>\n\n\n\n<p class=\" eplus-wrapper\">Portal rozwijany jest od 15. edycji kongresu Miast \u015awiatowego Dziedzictwa <a href=\"https:\/\/www.ovpm.org\/city\/cracow-poland\/\">Organizacji Miast Dziedzictwa \u015awiatowego (OWHC)<\/a> w 2018 roku, do kt\u00f3rej Krak\u00f3w nale\u017cy od 1995 roku, jako wa\u017cne narz\u0119dzie wspomagaj\u0105ce prowadzenie zintegrowanego zarz\u0105dzania dziedzictwem miasta. \u00a0<\/p>\n\n\n\n<p class=\" has-text-align-center eplus-wrapper\"><img decoding=\"async\" class=\"wp-image-2721\" style=\"width: 1000px;\" src=\"https:\/\/heritagehubkrakow.org\/wp-content\/uploads\/2023\/08\/Screenshot-2023-08-09-at-15-35-56-Krakow-Heritage.png\" alt=\"\"><\/p>\n\n\n\n<p class=\" eplus-wrapper\">W swoim za\u0142o\u017ceniu portal integrowa\u0107 ma tre\u015bci rozproszone jak dot\u0105d po r\u00f3\u017cnych zak\u0105tkach sieci stanowi\u0105c \u2013 jak informuje jego tw\u00f3rca \u2013 wirtualn\u0105 bram\u0119 do dziedzictwa Krakowa: zar\u00f3wno dla krakowian z d\u0142u\u017cszym sta\u017cem, kt\u00f3rych ci\u0105gle potrafi\u0105 zaskoczy\u0107 dzieje miasta, jak i dla tych, kt\u00f3rzy swoj\u0105 przygod\u0119 z tym miastem dopiero rozpoczynaj\u0105 \u2013 jako jego nowi mieszka\u0144cy lub poszukuj\u0105cy tury\u015bci. Ponadto s\u0142u\u017cy\u0107 ma jako informator o konkretnych programach wsparcia, o instytucjach i organizacjach zajmuj\u0105cych si\u0119 dziedzictwem czy o problematyce ochrony dziedzictwa i konserwacji zabytk\u00f3w.<\/p>\n\n\n\n<figure class=\"wp-embed-aspect-16-9 wp-has-aspect-ratio wp-block-embed aligncenter is-type-video is-provider-youtube wp-block-embed-youtube eplus-wrapper\"><div class=\"wp-block-embed__wrapper\">\n<iframe loading=\"lazy\" title=\"Cultural Heritage: What is It?\" width=\"500\" height=\"281\" src=\"https:\/\/www.youtube.com\/embed\/14oBaxbYbDw?feature=oembed\" frameborder=\"0\" allow=\"accelerometer; autoplay; clipboard-write; encrypted-media; gyroscope; picture-in-picture; web-share\" referrerpolicy=\"strict-origin-when-cross-origin\" allowfullscreen><\/iframe>\n<\/div><\/figure>\n\n\n\n<p class=\" eplus-wrapper\">Portal ujmuje dziedzictwo bardzo szeroko wychodz\u0105c naprzeciw zmianom w jego postrzeganiu. Wpisuje si\u0119 w refleksj\u0119 traktuj\u0105c\u0105 przesz\u0142o\u015b\u0107 jako budulec tera\u017aniejszo\u015bci \u2013 nie tylko w wymiarze architektury r\u00f3\u017cnych epok, ale r\u00f3wnie\u017c ludzi, kt\u00f3rzy wype\u0142niaj\u0105 t\u0119 przestrze\u0144 swoj\u0105 prac\u0105 i codziennymi przyzwyczajeniami, decyduj\u0105c o autentyczno\u015bci i wyj\u0105tkowo\u015bci danego miejsca. Podzielony zosta\u0142 na <strong>dwie g\u0142\u00f3wne sekcje<\/strong>: po\u015bwi\u0119con\u0105 <strong>dziedzictwu materialnemu<\/strong>, u\u0142o\u017con\u0105 w klasycznym porz\u0105dku chronologicznym oraz <strong>dziedzictwu niematerialnemu<\/strong> przybli\u017caj\u0105c\u0105 dorobek Krakowa w siedmiu obszarach ludzkiej kreatywno\u015bci zgodnie z klasyfikacj\u0105 UNESCO \u2013 od literatury i muzyki po design i gastronomi\u0119. <strong>Krak\u00f3w Heritage<\/strong> zawiera r\u00f3wnie\u017c <strong>blog po\u015bwi\u0119cony aktualnym tematom w refleksji nad dziedzictwem miasta<\/strong> oraz <a href=\"https:\/\/krakowheritage.com\/organizacje-miedzynarodowe\/\"><strong>sekcj\u0119 informuj\u0105c\u0105<\/strong> <strong>o mi\u0119dzynarodowych organizacjach i sieciach zajmuj\u0105cych si\u0119 ochron\u0105 i zarz\u0105dzaniem dziedzictwem<\/strong><\/a><strong>, do kt\u00f3rych Krak\u00f3w przynale\u017cy<\/strong>. W\u015br\u00f3d kilkunastu z nich znajdziemy opis aktywno\u015bci Krakowa w <a href=\"https:\/\/www.europanostra.org\/\"><strong>Europa Nostra<\/strong><\/a>. Szczeg\u00f3lnym tego wyrazem sta\u0142a si\u0119 decyzja o utworzeniu w Krakowie <strong>Europa Nostra Heritage Hub<\/strong> \u2013 pierwszego regionalnego centrum organizacyjno-doradczego organizacji na Europ\u0119 \u015arodkowo-Wschodni\u0105.<\/p>\n\n\n\n<figure class=\"wp-embed-aspect-16-9 wp-has-aspect-ratio wp-block-embed aligncenter is-type-video is-provider-youtube wp-block-embed-youtube eplus-wrapper\"><div class=\"wp-block-embed__wrapper\">\n<iframe loading=\"lazy\" title=\"Krak\u00f3w Heritage: Solidarity Day of World Heritage Cities (OWHC)\" width=\"500\" height=\"281\" src=\"https:\/\/www.youtube.com\/embed\/p2tJvcbrOKk?feature=oembed\" frameborder=\"0\" allow=\"accelerometer; autoplay; clipboard-write; encrypted-media; gyroscope; picture-in-picture; web-share\" referrerpolicy=\"strict-origin-when-cross-origin\" allowfullscreen><\/iframe>\n<\/div><\/figure>\n\n\n\n<p class=\" eplus-wrapper\">Portal <a href=\"http:\/\/www.krakowheritage.com\" target=\"_blank\" rel=\"noreferrer noopener\">Krak\u00f3w Heritage<\/a> informowa\u0107 b\u0119dzie r\u00f3wnie\u017c o najwa\u017cniejszych wydarzeniach zwi\u0105zanych z tegorocznym jubileuszem. Krak\u00f3w \u015bwi\u0119tuje 45. rocznic\u0119 wpisu od pocz\u0105tku roku. Krak\u00f3w Heritage Hub aktywnie w\u0142\u0105cza si\u0119 w organizacj\u0119 g\u0142\u00f3wnych obchod\u00f3w, kt\u00f3rych kulminacja nast\u0105pi <strong>7\u20138 wrze\u015bnia<\/strong>. <\/p>\n\n\n\n<p class=\" eplus-wrapper\">Szczeg\u00f3\u0142y ju\u017c wkr\u00f3tce.<\/p>\n\n\n\n<div class=\"wp-block-group eplus-wrapper is-layout-constrained wp-block-group-is-layout-constrained\"><ul class=\"eplus-wrapper wp-block-list eplus-styles-uid-ec3bea\">\n<li class=\" eplus-wrapper\">\n<\/li><\/ul>\n\n\n<div class=\"wp-block-buttons eplus-wrapper is-layout-flex wp-block-buttons-is-layout-flex\"><div class=\"is-style-black wp-block-button eplus-wrapper eplus-styles-uid-cefd1e\"><a class=\"wp-block-button__link wp-element-button\" href=\"https:\/\/www.krakow.pl\/aktualnosci\/269685,33,komunikat,portal_krakow_heritage_zostal_rozbudowany_.html\" target=\"_blank\" rel=\"noreferrer noopener\">Czytaj wi\u0119cej<\/a><\/div><\/div>\n<\/div>\n<\/div><\/div>\n\n<div class=\"is-style-section-container wp-block-group alignfull has-blue-light-background-color has-background eplus-wrapper is-layout-constrained wp-block-group-is-layout-constrained eplus-styles-uid-4c6cdd\"><\/div>\n\n<div class=\"is-style-section-container wp-block-group alignfull has-orange-background-color has-background eplus-wrapper is-layout-constrained wp-block-group-is-layout-constrained eplus-styles-uid-4c6cdd\">\n<div class=\"wp-block-group alignfull eplus-wrapper is-layout-constrained wp-block-group-is-layout-constrained\"><\/div>\n<\/div>","protected":false},"excerpt":{"rendered":"<p>W 2023 roku przypada 45. rocznica wpisu historycznego centrum Krakowa na List\u0119 \u015awiatowego Dziedzictwa UNESCO. Z tej okazji Miasto Krak\u00f3w uruchomi\u0142o portal Krak\u00f3w Heritage prezentuj\u0105cy kompleksowo fenomeny dziedzictwa miasta oraz przybli\u017caj\u0105cy formy jego ochrony.<\/p>\n","protected":false},"author":7,"featured_media":0,"comment_status":"open","ping_status":"open","sticky":false,"template":"","format":"standard","meta":{"_acf_changed":false,"editor_plus_copied_stylings":"{}","footnotes":""},"categories":[16],"tags":[249],"class_list":["post-7219","post","type-post","status-publish","format-standard","hentry","category-bez-kategorii","tag-dziedzictwo-cyfroweprojekt"],"acf":[],"yoast_head":"<!-- This site is optimized with the Yoast SEO plugin v23.8 - https:\/\/yoast.com\/wordpress\/plugins\/seo\/ -->\n<title>Krak\u00f3w Heritage - nowy portal - Europa Nostra<\/title>\n<meta name=\"robots\" content=\"index, follow, max-snippet:-1, max-image-preview:large, max-video-preview:-1\" \/>\n<link rel=\"canonical\" href=\"https:\/\/heritagehubkrakow.org\/pl\/krakow-heritage-nowy-portal\/\" \/>\n<meta property=\"og:locale\" content=\"pl_PL\" \/>\n<meta property=\"og:type\" content=\"article\" \/>\n<meta property=\"og:title\" content=\"Krak\u00f3w Heritage - nowy portal - Europa Nostra\" \/>\n<meta property=\"og:description\" content=\"W 2023 roku przypada 45. rocznica wpisu historycznego centrum Krakowa na List\u0119 \u015awiatowego Dziedzictwa UNESCO. Z tej okazji Miasto Krak\u00f3w uruchomi\u0142o portal Krak\u00f3w Heritage prezentuj\u0105cy kompleksowo fenomeny dziedzictwa miasta oraz przybli\u017caj\u0105cy formy jego ochrony.\" \/>\n<meta property=\"og:url\" content=\"https:\/\/heritagehubkrakow.org\/pl\/krakow-heritage-nowy-portal\/\" \/>\n<meta property=\"og:site_name\" content=\"Europa Nostra\" \/>\n<meta property=\"article:published_time\" content=\"2023-08-09T13:41:13+00:00\" \/>\n<meta name=\"author\" content=\"Lukasz\" \/>\n<meta name=\"twitter:card\" content=\"summary_large_image\" \/>\n<meta name=\"twitter:label1\" content=\"Napisane przez\" \/>\n\t<meta name=\"twitter:data1\" content=\"Lukasz\" \/>\n\t<meta name=\"twitter:label2\" content=\"Szacowany czas czytania\" \/>\n\t<meta name=\"twitter:data2\" content=\"2 minuty\" \/>\n<script type=\"application\/ld+json\" class=\"yoast-schema-graph\">{\"@context\":\"https:\/\/schema.org\",\"@graph\":[{\"@type\":\"Article\",\"@id\":\"https:\/\/heritagehubkrakow.org\/pl\/krakow-heritage-nowy-portal\/#article\",\"isPartOf\":{\"@id\":\"https:\/\/heritagehubkrakow.org\/pl\/krakow-heritage-nowy-portal\/\"},\"author\":{\"name\":\"Lukasz\",\"@id\":\"https:\/\/heritagehubkrakow.org\/pl\/#\/schema\/person\/112a7abbe48503b2f32e56abc46af660\"},\"headline\":\"Krak\u00f3w Heritage &#8211; nowy portal\",\"datePublished\":\"2023-08-09T13:41:13+00:00\",\"dateModified\":\"2023-08-09T13:41:13+00:00\",\"mainEntityOfPage\":{\"@id\":\"https:\/\/heritagehubkrakow.org\/pl\/krakow-heritage-nowy-portal\/\"},\"wordCount\":447,\"commentCount\":0,\"publisher\":{\"@id\":\"https:\/\/heritagehubkrakow.org\/pl\/#organization\"},\"image\":{\"@id\":\"https:\/\/heritagehubkrakow.org\/pl\/krakow-heritage-nowy-portal\/#primaryimage\"},\"thumbnailUrl\":\"https:\/\/heritagehubkrakow.org\/wp-content\/uploads\/2023\/08\/Screenshot-2023-08-09-at-15-34-28-Krakow-Heritage.png\",\"keywords\":[\"Dziedzictwo cyfrowe|Projekt\"],\"inLanguage\":\"pl-PL\",\"potentialAction\":[{\"@type\":\"CommentAction\",\"name\":\"Comment\",\"target\":[\"https:\/\/heritagehubkrakow.org\/pl\/krakow-heritage-nowy-portal\/#respond\"]}]},{\"@type\":\"WebPage\",\"@id\":\"https:\/\/heritagehubkrakow.org\/pl\/krakow-heritage-nowy-portal\/\",\"url\":\"https:\/\/heritagehubkrakow.org\/pl\/krakow-heritage-nowy-portal\/\",\"name\":\"Krak\u00f3w Heritage - nowy portal - Europa Nostra\",\"isPartOf\":{\"@id\":\"https:\/\/heritagehubkrakow.org\/pl\/#website\"},\"primaryImageOfPage\":{\"@id\":\"https:\/\/heritagehubkrakow.org\/pl\/krakow-heritage-nowy-portal\/#primaryimage\"},\"image\":{\"@id\":\"https:\/\/heritagehubkrakow.org\/pl\/krakow-heritage-nowy-portal\/#primaryimage\"},\"thumbnailUrl\":\"https:\/\/heritagehubkrakow.org\/wp-content\/uploads\/2023\/08\/Screenshot-2023-08-09-at-15-34-28-Krakow-Heritage.png\",\"datePublished\":\"2023-08-09T13:41:13+00:00\",\"dateModified\":\"2023-08-09T13:41:13+00:00\",\"breadcrumb\":{\"@id\":\"https:\/\/heritagehubkrakow.org\/pl\/krakow-heritage-nowy-portal\/#breadcrumb\"},\"inLanguage\":\"pl-PL\",\"potentialAction\":[{\"@type\":\"ReadAction\",\"target\":[\"https:\/\/heritagehubkrakow.org\/pl\/krakow-heritage-nowy-portal\/\"]}]},{\"@type\":\"ImageObject\",\"inLanguage\":\"pl-PL\",\"@id\":\"https:\/\/heritagehubkrakow.org\/pl\/krakow-heritage-nowy-portal\/#primaryimage\",\"url\":\"https:\/\/heritagehubkrakow.org\/wp-content\/uploads\/2023\/08\/Screenshot-2023-08-09-at-15-34-28-Krakow-Heritage.png\",\"contentUrl\":\"https:\/\/heritagehubkrakow.org\/wp-content\/uploads\/2023\/08\/Screenshot-2023-08-09-at-15-34-28-Krakow-Heritage.png\"},{\"@type\":\"BreadcrumbList\",\"@id\":\"https:\/\/heritagehubkrakow.org\/pl\/krakow-heritage-nowy-portal\/#breadcrumb\",\"itemListElement\":[{\"@type\":\"ListItem\",\"position\":1,\"name\":\"Homepage\",\"item\":\"https:\/\/heritagehubkrakow.org\/pl\/\"},{\"@type\":\"ListItem\",\"position\":2,\"name\":\"Krak\u00f3w Heritage &#8211; nowy portal\"}]},{\"@type\":\"WebSite\",\"@id\":\"https:\/\/heritagehubkrakow.org\/pl\/#website\",\"url\":\"https:\/\/heritagehubkrakow.org\/pl\/\",\"name\":\"Europa Nostra\",\"description\":\"Heritage Hub for Central and Eastern Europe\",\"publisher\":{\"@id\":\"https:\/\/heritagehubkrakow.org\/pl\/#organization\"},\"potentialAction\":[{\"@type\":\"SearchAction\",\"target\":{\"@type\":\"EntryPoint\",\"urlTemplate\":\"https:\/\/heritagehubkrakow.org\/pl\/?s={search_term_string}\"},\"query-input\":{\"@type\":\"PropertyValueSpecification\",\"valueRequired\":true,\"valueName\":\"search_term_string\"}}],\"inLanguage\":\"pl-PL\"},{\"@type\":\"Organization\",\"@id\":\"https:\/\/heritagehubkrakow.org\/pl\/#organization\",\"name\":\"Europa Nostra\",\"url\":\"https:\/\/heritagehubkrakow.org\/pl\/\",\"logo\":{\"@type\":\"ImageObject\",\"inLanguage\":\"pl-PL\",\"@id\":\"https:\/\/heritagehubkrakow.org\/pl\/#\/schema\/logo\/image\/\",\"url\":\"https:\/\/heritagehubkrakow.org\/wp-content\/uploads\/2023\/01\/europa-logo.png\",\"contentUrl\":\"https:\/\/heritagehubkrakow.org\/wp-content\/uploads\/2023\/01\/europa-logo.png\",\"width\":218,\"height\":237,\"caption\":\"Europa Nostra\"},\"image\":{\"@id\":\"https:\/\/heritagehubkrakow.org\/pl\/#\/schema\/logo\/image\/\"}},{\"@type\":\"Person\",\"@id\":\"https:\/\/heritagehubkrakow.org\/pl\/#\/schema\/person\/112a7abbe48503b2f32e56abc46af660\",\"name\":\"Lukasz\",\"image\":{\"@type\":\"ImageObject\",\"inLanguage\":\"pl-PL\",\"@id\":\"https:\/\/heritagehubkrakow.org\/pl\/#\/schema\/person\/image\/\",\"url\":\"https:\/\/secure.gravatar.com\/avatar\/ad98e1210139ce861e9a29f33990fb143471357f24b3f9df1095f3e51e7a4f52?s=96&d=mm&r=g\",\"contentUrl\":\"https:\/\/secure.gravatar.com\/avatar\/ad98e1210139ce861e9a29f33990fb143471357f24b3f9df1095f3e51e7a4f52?s=96&d=mm&r=g\",\"caption\":\"Lukasz\"},\"url\":\"https:\/\/heritagehubkrakow.org\/pl\/author\/lukasz-pierog\/\"}]}<\/script>\n<!-- \/ Yoast SEO plugin. -->","yoast_head_json":{"title":"Krak\u00f3w Heritage - nowy portal - Europa Nostra","robots":{"index":"index","follow":"follow","max-snippet":"max-snippet:-1","max-image-preview":"max-image-preview:large","max-video-preview":"max-video-preview:-1"},"canonical":"https:\/\/heritagehubkrakow.org\/pl\/krakow-heritage-nowy-portal\/","og_locale":"pl_PL","og_type":"article","og_title":"Krak\u00f3w Heritage - nowy portal - Europa Nostra","og_description":"W 2023 roku przypada 45. rocznica wpisu historycznego centrum Krakowa na List\u0119 \u015awiatowego Dziedzictwa UNESCO. Z tej okazji Miasto Krak\u00f3w uruchomi\u0142o portal Krak\u00f3w Heritage prezentuj\u0105cy kompleksowo fenomeny dziedzictwa miasta oraz przybli\u017caj\u0105cy formy jego ochrony.","og_url":"https:\/\/heritagehubkrakow.org\/pl\/krakow-heritage-nowy-portal\/","og_site_name":"Europa Nostra","article_published_time":"2023-08-09T13:41:13+00:00","author":"Lukasz","twitter_card":"summary_large_image","twitter_misc":{"Napisane przez":"Lukasz","Szacowany czas czytania":"2 minuty"},"schema":{"@context":"https:\/\/schema.org","@graph":[{"@type":"Article","@id":"https:\/\/heritagehubkrakow.org\/pl\/krakow-heritage-nowy-portal\/#article","isPartOf":{"@id":"https:\/\/heritagehubkrakow.org\/pl\/krakow-heritage-nowy-portal\/"},"author":{"name":"Lukasz","@id":"https:\/\/heritagehubkrakow.org\/pl\/#\/schema\/person\/112a7abbe48503b2f32e56abc46af660"},"headline":"Krak\u00f3w Heritage &#8211; nowy portal","datePublished":"2023-08-09T13:41:13+00:00","dateModified":"2023-08-09T13:41:13+00:00","mainEntityOfPage":{"@id":"https:\/\/heritagehubkrakow.org\/pl\/krakow-heritage-nowy-portal\/"},"wordCount":447,"commentCount":0,"publisher":{"@id":"https:\/\/heritagehubkrakow.org\/pl\/#organization"},"image":{"@id":"https:\/\/heritagehubkrakow.org\/pl\/krakow-heritage-nowy-portal\/#primaryimage"},"thumbnailUrl":"https:\/\/heritagehubkrakow.org\/wp-content\/uploads\/2023\/08\/Screenshot-2023-08-09-at-15-34-28-Krakow-Heritage.png","keywords":["Dziedzictwo cyfrowe|Projekt"],"inLanguage":"pl-PL","potentialAction":[{"@type":"CommentAction","name":"Comment","target":["https:\/\/heritagehubkrakow.org\/pl\/krakow-heritage-nowy-portal\/#respond"]}]},{"@type":"WebPage","@id":"https:\/\/heritagehubkrakow.org\/pl\/krakow-heritage-nowy-portal\/","url":"https:\/\/heritagehubkrakow.org\/pl\/krakow-heritage-nowy-portal\/","name":"Krak\u00f3w Heritage - nowy portal - Europa Nostra","isPartOf":{"@id":"https:\/\/heritagehubkrakow.org\/pl\/#website"},"primaryImageOfPage":{"@id":"https:\/\/heritagehubkrakow.org\/pl\/krakow-heritage-nowy-portal\/#primaryimage"},"image":{"@id":"https:\/\/heritagehubkrakow.org\/pl\/krakow-heritage-nowy-portal\/#primaryimage"},"thumbnailUrl":"https:\/\/heritagehubkrakow.org\/wp-content\/uploads\/2023\/08\/Screenshot-2023-08-09-at-15-34-28-Krakow-Heritage.png","datePublished":"2023-08-09T13:41:13+00:00","dateModified":"2023-08-09T13:41:13+00:00","breadcrumb":{"@id":"https:\/\/heritagehubkrakow.org\/pl\/krakow-heritage-nowy-portal\/#breadcrumb"},"inLanguage":"pl-PL","potentialAction":[{"@type":"ReadAction","target":["https:\/\/heritagehubkrakow.org\/pl\/krakow-heritage-nowy-portal\/"]}]},{"@type":"ImageObject","inLanguage":"pl-PL","@id":"https:\/\/heritagehubkrakow.org\/pl\/krakow-heritage-nowy-portal\/#primaryimage","url":"https:\/\/heritagehubkrakow.org\/wp-content\/uploads\/2023\/08\/Screenshot-2023-08-09-at-15-34-28-Krakow-Heritage.png","contentUrl":"https:\/\/heritagehubkrakow.org\/wp-content\/uploads\/2023\/08\/Screenshot-2023-08-09-at-15-34-28-Krakow-Heritage.png"},{"@type":"BreadcrumbList","@id":"https:\/\/heritagehubkrakow.org\/pl\/krakow-heritage-nowy-portal\/#breadcrumb","itemListElement":[{"@type":"ListItem","position":1,"name":"Homepage","item":"https:\/\/heritagehubkrakow.org\/pl\/"},{"@type":"ListItem","position":2,"name":"Krak\u00f3w Heritage &#8211; nowy portal"}]},{"@type":"WebSite","@id":"https:\/\/heritagehubkrakow.org\/pl\/#website","url":"https:\/\/heritagehubkrakow.org\/pl\/","name":"Europa Nostra","description":"Heritage Hub for Central and Eastern Europe","publisher":{"@id":"https:\/\/heritagehubkrakow.org\/pl\/#organization"},"potentialAction":[{"@type":"SearchAction","target":{"@type":"EntryPoint","urlTemplate":"https:\/\/heritagehubkrakow.org\/pl\/?s={search_term_string}"},"query-input":{"@type":"PropertyValueSpecification","valueRequired":true,"valueName":"search_term_string"}}],"inLanguage":"pl-PL"},{"@type":"Organization","@id":"https:\/\/heritagehubkrakow.org\/pl\/#organization","name":"Europa Nostra","url":"https:\/\/heritagehubkrakow.org\/pl\/","logo":{"@type":"ImageObject","inLanguage":"pl-PL","@id":"https:\/\/heritagehubkrakow.org\/pl\/#\/schema\/logo\/image\/","url":"https:\/\/heritagehubkrakow.org\/wp-content\/uploads\/2023\/01\/europa-logo.png","contentUrl":"https:\/\/heritagehubkrakow.org\/wp-content\/uploads\/2023\/01\/europa-logo.png","width":218,"height":237,"caption":"Europa Nostra"},"image":{"@id":"https:\/\/heritagehubkrakow.org\/pl\/#\/schema\/logo\/image\/"}},{"@type":"Person","@id":"https:\/\/heritagehubkrakow.org\/pl\/#\/schema\/person\/112a7abbe48503b2f32e56abc46af660","name":"Lukasz","image":{"@type":"ImageObject","inLanguage":"pl-PL","@id":"https:\/\/heritagehubkrakow.org\/pl\/#\/schema\/person\/image\/","url":"https:\/\/secure.gravatar.com\/avatar\/ad98e1210139ce861e9a29f33990fb143471357f24b3f9df1095f3e51e7a4f52?s=96&d=mm&r=g","contentUrl":"https:\/\/secure.gravatar.com\/avatar\/ad98e1210139ce861e9a29f33990fb143471357f24b3f9df1095f3e51e7a4f52?s=96&d=mm&r=g","caption":"Lukasz"},"url":"https:\/\/heritagehubkrakow.org\/pl\/author\/lukasz-pierog\/"}]}},"_links":{"self":[{"href":"https:\/\/heritagehubkrakow.org\/pl\/wp-json\/wp\/v2\/posts\/7219","targetHints":{"allow":["GET"]}}],"collection":[{"href":"https:\/\/heritagehubkrakow.org\/pl\/wp-json\/wp\/v2\/posts"}],"about":[{"href":"https:\/\/heritagehubkrakow.org\/pl\/wp-json\/wp\/v2\/types\/post"}],"author":[{"embeddable":true,"href":"https:\/\/heritagehubkrakow.org\/pl\/wp-json\/wp\/v2\/users\/7"}],"replies":[{"embeddable":true,"href":"https:\/\/heritagehubkrakow.org\/pl\/wp-json\/wp\/v2\/comments?post=7219"}],"version-history":[{"count":0,"href":"https:\/\/heritagehubkrakow.org\/pl\/wp-json\/wp\/v2\/posts\/7219\/revisions"}],"wp:attachment":[{"href":"https:\/\/heritagehubkrakow.org\/pl\/wp-json\/wp\/v2\/media?parent=7219"}],"wp:term":[{"taxonomy":"category","embeddable":true,"href":"https:\/\/heritagehubkrakow.org\/pl\/wp-json\/wp\/v2\/categories?post=7219"},{"taxonomy":"post_tag","embeddable":true,"href":"https:\/\/heritagehubkrakow.org\/pl\/wp-json\/wp\/v2\/tags?post=7219"}],"curies":[{"name":"wp","href":"https:\/\/api.w.org\/{rel}","templated":true}]}}