{"id":7222,"date":"2023-09-08T09:04:27","date_gmt":"2023-09-08T09:04:27","guid":{"rendered":"https:\/\/heritagehubkrakow.org\/nagroda-europa-nostra-2023-dla-oltarza-wita-stwosza-w-krakowie\/"},"modified":"2023-09-08T09:04:27","modified_gmt":"2023-09-08T09:04:27","slug":"nagroda-europa-nostra-2023-dla-oltarza-wita-stwosza-w-krakowie","status":"publish","type":"post","link":"https:\/\/heritagehubkrakow.org\/pl\/nagroda-europa-nostra-2023-dla-oltarza-wita-stwosza-w-krakowie\/","title":{"rendered":"Nagroda Europa Nostra 2023 dla O\u0142tarza Wita Stwosza w Krakowie"},"content":{"rendered":"<div class=\"is-style-section-container, has-white-text is-style-section-container wp-block-group alignfull has-red-background-color has-background eplus-wrapper is-layout-constrained wp-block-group-is-layout-constrained eplus-styles-uid-cd9c93\"><div class=\"is-style-section-container wp-block-group alignfull eplus-wrapper is-layout-constrained wp-block-group-is-layout-constrained eplus-styles-uid-662964\"><div class=\"has-white-text wp-block-group alignfull has-white-color has-text-color eplus-wrapper is-layout-constrained wp-block-group-is-layout-constrained eplus-styles-uid-a78524\"><h1 class=\" wp-block-heading has-text-align-center eplus-wrapper eplus-styles-uid-c3e66b\">Europejska Nagroda Dziedzictwa | Nagroda Europa Nostra 2023 za konserwacj\u0119 O\u0142tarza Wita Stwosza w Krakowie<\/h1><\/div><\/div><\/div><div class=\"is-style-section-container wp-block-group alignfull has-green-dark-background-color has-background eplus-wrapper is-layout-constrained wp-block-group-is-layout-constrained eplus-styles-uid-4c6cdd\"><div class=\"wp-block-group alignfull eplus-wrapper is-layout-constrained wp-block-group-is-layout-constrained eplus-styles-uid-95a17e\">\n<div class=\"wp-block-group eplus-wrapper is-layout-constrained wp-block-group-is-layout-constrained\"><div class=\"wp-block-group eplus-wrapper is-content-justification-center is-layout-flex wp-container-core-group-is-layout-8ee2ad45 wp-block-group-is-layout-flex eplus-styles-uid-cf9c39\"><div class=\"article-date wp-block-post-date\"><time datetime=\"2023-09-08T09:04:27+00:00\">08 wrze\u015bnia 2023<\/time><\/div><\/div>\n\n<div class=\"wp-block-group eplus-wrapper is-layout-constrained wp-block-group-is-layout-constrained eplus-styles-uid-ba2e4b\"><div class=\"taxonomy-post_tag has-text-align-center article-tags wp-block-post-terms eplus-styles-uid-d35575\"><a href=\"https:\/\/heritagehubkrakow.org\/pl\/tag\/ceremonianagroda\/\" rel=\"tag\">Ceremonia|Nagroda<\/a><span class=\"wp-block-post-terms__suffix\"> <\/span><\/div><\/div><\/div>\n\n\n\n<p class=\" eplus-wrapper\"><strong>7 wrze\u015bnia 2023 roku spektakularna konserwacja o\u0142tarza Wita Stwosza w <a href=\"https:\/\/mariacki.com\/en\/\">Bazylice Mariackiej w Krakowie<\/a> otrzyma\u0142a <a href=\"https:\/\/www.europeanheritageawards.eu\/\">Europejsk\u0105 Nagrod\u0119 Dziedzictwa | Nagrod\u0119 Europa Nostra<\/a> 2023<\/strong> &#8211; <strong>najwa\u017cniejsz\u0105 europejsk\u0105 nagrod\u0119 w dziedzinie dziedzictwa kulturowego i naturalnego<\/strong>. <\/p>\n\n\n\n<p class=\" eplus-wrapper\">Br\u0105zow\u0105 plakiet\u0119 z r\u0105k wiceprezydenta <a href=\"https:\/\/www.europanostra.org\/\">Europa Nostra<\/a>, prof. Jacka Purchli i sekretarz generalnej <a href=\"https:\/\/www.europanostra.org\/\">Europa Nostra<\/a>, Sne\u0161ki Quaedvlieg-Mihailovic, odebra\u0142 archiprezbiter bazyliki ksi\u0105dz infu\u0142at dr Dariusz Ra\u015b. <\/p>\n\n\n\n<p class=\" eplus-wrapper\">Wyrze\u017abiony w latach 1477\u20131489 przez przyby\u0142ego z Norymbergii artyst\u0119 o\u0142tarz jest powszechnie uznawany za arcydzie\u0142o gotyku. Jego drobiazgowa konserwacja, oparta na pog\u0142\u0119bionych badaniach, by\u0142a prowadzona in situ przez ponad 1000 dni i anga\u017cowa\u0142a zesp\u00f3\u0142 najlepszych specjalist\u00f3w z Polski i zagranicy.<\/p>\n\n\n\n<p class=\" eplus-wrapper\">Poni\u017cszy podcast &#8211; audycja radiowa &#8211; zawiera informacje na temat procesu konserwacji oraz znaczenia niniejszej nagrody dla bazyliki i miasta. Wyprodukowany zosta\u0142 przez <a href=\"http:\/\/freerangeproductions.eu\/\">Free Range Productions<\/a><br><\/p>\n\n\n\n<div class=\"wp-block-group eplus-wrapper is-layout-constrained wp-block-group-is-layout-constrained\">\n<figure class=\" wp-block-audio eplus-wrapper\"><audio controls=\"\" src=\"https:\/\/heritagehubkrakow.org\/wp-content\/uploads\/2023\/09\/WIT_STWOSZ_EN.mp3\"><\/audio><\/figure>\n\n\n\n<figure class=\"wp-embed-aspect-4-3 wp-has-aspect-ratio wp-block-embed aligncenter is-type-video is-provider-youtube wp-block-embed-youtube eplus-wrapper\"><div class=\"wp-block-embed__wrapper\">\n<iframe loading=\"lazy\" title=\"Europa Nostra Award 2023 for the Veit Stoss Altar in Krakow\" width=\"500\" height=\"375\" src=\"https:\/\/www.youtube.com\/embed\/Y0iEbmQZDmo?start=33&amp;feature=oembed\" frameborder=\"0\" allow=\"accelerometer; autoplay; clipboard-write; encrypted-media; gyroscope; picture-in-picture; web-share\" referrerpolicy=\"strict-origin-when-cross-origin\" allowfullscreen><\/iframe>\n<\/div><\/figure>\n\n\n\n<p class=\" has-text-align-center eplus-wrapper\"><img decoding=\"async\" class=\"wp-image-2891\" style=\"width: 1000px;\" src=\"https:\/\/heritagehubkrakow.org\/wp-content\/uploads\/2023\/09\/PZN_1664_230908003291.jpg\" alt=\"\"><\/p>\n\n\n\n<p class=\" has-text-align-center eplus-wrapper\"><\/p>\n\n\n\n<p class=\" has-text-align-center eplus-wrapper\"><\/p>\n\n\n\n<p class=\" has-text-align-center eplus-wrapper\"><img decoding=\"async\" class=\"wp-image-2897\" style=\"width: 1000px;\" src=\"https:\/\/heritagehubkrakow.org\/wp-content\/uploads\/2023\/09\/PZN_1888_230908003300.jpg\" alt=\"\"><\/p>\n\n\n\n<p class=\" has-text-align-center eplus-wrapper\"><img decoding=\"async\" class=\"wp-image-2899\" style=\"width: 1000px;\" src=\"https:\/\/heritagehubkrakow.org\/wp-content\/uploads\/2023\/09\/PZN_2043_230908003308.jpg\" alt=\"\"><\/p>\n\n\n\n<p class=\" has-text-align-center eplus-wrapper\"><\/p>\n\n\n\n<p class=\" has-text-align-center eplus-wrapper\"><\/p>\n\n\n\n<p class=\" has-text-align-center eplus-wrapper\"><img decoding=\"async\" class=\"wp-image-2905\" style=\"width: 1000px;\" src=\"https:\/\/heritagehubkrakow.org\/wp-content\/uploads\/2023\/09\/PZN_2100_230908003311-1.jpg\" alt=\"\"><\/p>\n\n\n\n<p class=\" has-text-align-center eplus-wrapper\"><\/p>\n\n\n\n<p class=\" has-text-align-center eplus-wrapper\"><img decoding=\"async\" class=\"wp-image-2909\" style=\"width: 1000px;\" src=\"https:\/\/heritagehubkrakow.org\/wp-content\/uploads\/2023\/09\/PZN_2206_230908003317.jpg\" alt=\"\"><\/p>\n\n\n\n<p class=\" has-text-align-center eplus-wrapper\"><img decoding=\"async\" class=\"wp-image-3320\" style=\"width: 1000px;\" src=\"https:\/\/heritagehubkrakow.org\/wp-content\/uploads\/2023\/09\/PZN_2715_230908003340.jpg\" alt=\"\"><\/p>\n\n\n\n<p class=\" eplus-wrapper\">W 1978 roku historyczne centrum Krakowa wraz z bazylik\u0105 Mariack\u0105 zosta\u0142o, jako jedno z pierwszych miejsc, wpisane na List\u0119 \u015bwiatowego dziedzictwa UNESCO. Skarbem bazyliki Mariackiej jest gotycki o\u0142tarz Za\u015bni\u0119cia Naj\u015bwi\u0119tszej Marii Panny, wyrze\u017abiony przez Wita Stwosza w latach 1477\u20131489. Niezwyk\u0142y projekt konserwacji o\u0142tarza, podj\u0119ty in situ, przywr\u00f3ci\u0142 go w 2021 r. do pierwotnego stanu i ukaza\u0142 pi\u0119kno arcydzie\u0142a norymberskiego mistrza.<\/p>\n\n\n\n<p class=\" eplus-wrapper\">Projekt zosta\u0142 dofinansowany przez Spo\u0142eczny Komitet Odnowy Zabytk\u00f3w Krakowa (SKOZK), Ministerstwo Kultury i Dziedzictwa Narodowego, Urz\u0105d Miasta Krakowa oraz Parafi\u0119 Wniebowzi\u0119cia Naj\u015bwi\u0119tszej Maryi Panny.<\/p>\n\n\n\n<p class=\" eplus-wrapper\">O\u0142tarz Mariacki, kt\u00f3ry powstawa\u0142 przez 12 lat, jest dzisiaj najwi\u0119kszym zachowanym p\u00f3\u017anogotyckim retabulum szafiastym. Jego pierwotne wymiary to 18 metr\u00f3w wysoko\u015bci i 11 szeroko\u015bci. Bohaterk\u0105 o\u0142tarza jest Maria, patronka ko\u015bcio\u0142a. Po\u015brodku postacie wysokie na niemal 3 metry charakteryzuje realizm, dynamika uk\u0142adu cia\u0142a i ekspresja, z jak\u0105 przedstawione zosta\u0142y draperie. Za modeli pos\u0142u\u017cyli Witowi Stwoszowi mieszka\u0144cy \u015bredniowiecznego Krakowa \u2013 przedstawieni w naturalistyczny spos\u00f3b z r\u00f3\u017cnymi u\u0142omno\u015bciami i defektami. O\u0142tarz jest z\u0142o\u017conym wyk\u0142adem teologicznym, arcydzie\u0142em sztuki rze\u017abiarskiej i dokumentacj\u0105 epoki, w kt\u00f3rej powsta\u0142. Do dzi\u015b jest \u017ar\u00f3d\u0142em wiedzy o kulturze, obyczajach i historii miasta, kluczem do zrozumienia jego mieszka\u0144c\u00f3w, ich wyobra\u017ce\u0144 oraz religijno\u015bci.<\/p>\n\n\n\n<p class=\" eplus-wrapper\">W 2012 r. zg\u0142oszono obawy co do stanu zachowania o\u0142tarza i powo\u0142ano komisj\u0119, kt\u00f3ra mia\u0142a go oceni\u0107. Opinia brzmia\u0142a: stan o\u0142tarza jest \u201estabilny, ale zagro\u017cony\u201d. Zachowanie tego bezcennego dziedzictwa wymaga\u0142o podj\u0119cia programu bada\u0144, konserwacji i dzia\u0142a\u0144 zapobiegawczych.<\/p>\n\n\n\n<p class=\" eplus-wrapper\">Maj\u0105c na uwadze rang\u0119 obiektu i sprawowan\u0105 nieprzerwanie liturgi\u0119, o\u0142tarz nie m\u00f3g\u0142 by\u0107 wy\u0142\u0105czony z dotychczasowego trybu funkcjonowania. Od 2015 r. przez ponad 1000 dni pracowano w zorganizowanej na terenie bazyliki roboczej pracowni na ty\u0142ach o\u0142tarza. Przed o\u0142tarzem stan\u0119\u0142y rusztowania, a odwiedzaj\u0105cy \u015bwi\u0105tyni\u0119 mogli obserwowa\u0107, co robi\u0105 konserwatorzy. Przez ich r\u0119ce przesz\u0142o ponad 200 figur i kilka tysi\u0119cy odr\u0119bnych element\u00f3w snycerskich.<\/p>\n\n\n\n<p class=\" eplus-wrapper\">Konserwacja przeprowadzona przez ekspert\u00f3w z Akademii Sztuk Pi\u0119knych w Krakowie obj\u0119\u0142a pe\u0142ne spektrum mo\u017cliwo\u015bci naukowych. Drewno struktury o\u0142tarza zosta\u0142o skonsolidowane, wszelkie ubytki zosta\u0142y uzupe\u0142nione zgodnie z poszanowaniem pierwotnie zastosowanych technologii. Usuni\u0119to p\u00f3\u017aniejsze przemalowania polichromii, skorygowano uk\u0142ad poszczeg\u00f3lnych element\u00f3w takich jak: anio\u0142y, gloria i mikroarchitektura na korpusie oraz predelli. W rezultacie prac ods\u0142oni\u0119to pierwotn\u0105, gotyck\u0105 karnacj\u0119 postaci i obramowa\u0144, co aktualnie przybli\u017ca odbiorc\u00f3w do oryginalnych zamys\u0142\u00f3w pracowni mistrza. Badania i analizy pos\u0142u\u017cy\u0142y r\u00f3wnie\u017c do opracowania wytycznych dotycz\u0105cych zapobiegania po\u017carom i ewakuacji.<\/p>\n\n\n\n<p class=\" eplus-wrapper\">Istotnym elementem projektu by\u0142y szeroko zakrojone konsultacje mi\u0119dzynarodowe, w kt\u00f3rych uczestniczyli znawcy konserwacji rze\u017aby gotyckiej z Polski i Europy, kt\u00f3rzy wymieniali si\u0119 wiedz\u0105 i pomys\u0142ami, co zaowocowa\u0142o wieloma nowymi odkryciami.<\/p>\n\n\n\n<p class=\" eplus-wrapper\"><em>Renowacja tego wspania\u0142ego o\u0142tarza jest wyj\u0105tkowym i unikalnym osi\u0105gni\u0119ciem. Skrupulatna konserwacja O\u0142tarza Wita Stwosza w bazylice Mariackiej, oparta na wnikliwych kwerendach, zosta\u0142a przeprowadzona przez fachowc\u00f3w, kt\u00f3rzy wykazali si\u0119 ogromnym szacunkiem i wra\u017cliwo\u015bci\u0105 dla oryginalnego dzie\u0142a. Projekt po\u0142\u0105czy\u0142 osoby z r\u00f3\u017cnych kraj\u00f3w, odzwierciedlaj\u0105c mi\u0119dzynarodowe znaczenie tego miejsca oraz potrzeb\u0119 wsp\u00f3\u0142pracy w zachowaniu dziedzictwa europejskiego<\/em>\u2013 wskaza\u0142o Jury Nagrody dodaj\u0105c, \u017ce <em>Jednocze\u015bnie, b\u0119d\u0105c jednym z najwi\u0119kszych o\u0142tarzy gotyckich na \u015bwiecie, jest to osi\u0105gni\u0119cie o imponuj\u0105cej skali<\/em>.<\/p>\n\n\n<ul class=\"eplus-wrapper wp-block-list eplus-styles-uid-947d22\">\n<li class=\" eplus-wrapper\">\n<\/li><\/ul>\n\n\n<div class=\"wp-block-buttons eplus-wrapper is-layout-flex wp-block-buttons-is-layout-flex\"><div class=\"is-style-black wp-block-button eplus-wrapper eplus-styles-uid-bada79\"><a class=\"wp-block-button__link wp-element-button\" href=\"https:\/\/www.europeanheritageawards.eu\/winners\/wit-stwosz-altarpiece-in-st-mary-basilica\/\">Wi\u0119cej informacji<\/a><\/div><\/div>\n<\/div>\n\n\n\n<div class=\"wp-block-group eplus-wrapper is-layout-constrained wp-block-group-is-layout-constrained\"><\/div>\n<\/div>\n\n\n<p class=\" eplus-wrapper\"><\/p>\n<\/div><div class=\"is-style-section-container wp-block-group alignfull has-blue-light-background-color has-background eplus-wrapper is-layout-constrained wp-block-group-is-layout-constrained eplus-styles-uid-4c6cdd\"><\/div><div class=\"is-style-section-container wp-block-group alignfull has-orange-background-color has-background eplus-wrapper is-layout-constrained wp-block-group-is-layout-constrained eplus-styles-uid-4c6cdd\">\n<div class=\"wp-block-group alignfull eplus-wrapper is-layout-constrained wp-block-group-is-layout-constrained\"><\/div>\n<\/div>","protected":false},"excerpt":{"rendered":"<p>7 wrze\u015bnia 2023 roku spektakularna konserwacja o\u0142tarza Wita Stwosza w Bazylice Mariackiej w Krakowie otrzyma\u0142a Europejsk\u0105 Nagrod\u0119 Dziedzictwa | Nagrod\u0119 Europa Nostra 2023 &#8211; najwa\u017cniejsz\u0105 europejsk\u0105 nagrod\u0119 w dziedzinie dziedzictwa kulturowego i naturalnego.<\/p>\n","protected":false},"author":7,"featured_media":0,"comment_status":"open","ping_status":"open","sticky":false,"template":"","format":"standard","meta":{"_acf_changed":false,"editor_plus_copied_stylings":"{}","footnotes":""},"categories":[16],"tags":[251],"class_list":["post-7222","post","type-post","status-publish","format-standard","hentry","category-bez-kategorii","tag-ceremonianagroda"],"acf":[],"yoast_head":"<!-- This site is optimized with the Yoast SEO plugin v23.8 - https:\/\/yoast.com\/wordpress\/plugins\/seo\/ -->\n<title>Nagroda Europa Nostra 2023 dla O\u0142tarza Wita Stwosza w Krakowie - Europa Nostra<\/title>\n<meta name=\"robots\" content=\"index, follow, max-snippet:-1, max-image-preview:large, max-video-preview:-1\" \/>\n<link rel=\"canonical\" href=\"https:\/\/heritagehubkrakow.org\/pl\/nagroda-europa-nostra-2023-dla-oltarza-wita-stwosza-w-krakowie\/\" \/>\n<meta property=\"og:locale\" content=\"pl_PL\" \/>\n<meta property=\"og:type\" content=\"article\" \/>\n<meta property=\"og:title\" content=\"Nagroda Europa Nostra 2023 dla O\u0142tarza Wita Stwosza w Krakowie - Europa Nostra\" \/>\n<meta property=\"og:description\" content=\"7 wrze\u015bnia 2023 roku spektakularna konserwacja o\u0142tarza Wita Stwosza w Bazylice Mariackiej w Krakowie otrzyma\u0142a Europejsk\u0105 Nagrod\u0119 Dziedzictwa | Nagrod\u0119 Europa Nostra 2023 - najwa\u017cniejsz\u0105 europejsk\u0105 nagrod\u0119 w dziedzinie dziedzictwa kulturowego i naturalnego.\" \/>\n<meta property=\"og:url\" content=\"https:\/\/heritagehubkrakow.org\/pl\/nagroda-europa-nostra-2023-dla-oltarza-wita-stwosza-w-krakowie\/\" \/>\n<meta property=\"og:site_name\" content=\"Europa Nostra\" \/>\n<meta property=\"article:published_time\" content=\"2023-09-08T09:04:27+00:00\" \/>\n<meta name=\"author\" content=\"Lukasz\" \/>\n<meta name=\"twitter:card\" content=\"summary_large_image\" \/>\n<meta name=\"twitter:label1\" content=\"Napisane przez\" \/>\n\t<meta name=\"twitter:data1\" content=\"Lukasz\" \/>\n\t<meta name=\"twitter:label2\" content=\"Szacowany czas czytania\" \/>\n\t<meta name=\"twitter:data2\" content=\"4 minuty\" \/>\n<script type=\"application\/ld+json\" class=\"yoast-schema-graph\">{\"@context\":\"https:\/\/schema.org\",\"@graph\":[{\"@type\":\"Article\",\"@id\":\"https:\/\/heritagehubkrakow.org\/pl\/nagroda-europa-nostra-2023-dla-oltarza-wita-stwosza-w-krakowie\/#article\",\"isPartOf\":{\"@id\":\"https:\/\/heritagehubkrakow.org\/pl\/nagroda-europa-nostra-2023-dla-oltarza-wita-stwosza-w-krakowie\/\"},\"author\":{\"name\":\"Lukasz\",\"@id\":\"https:\/\/heritagehubkrakow.org\/pl\/#\/schema\/person\/112a7abbe48503b2f32e56abc46af660\"},\"headline\":\"Nagroda Europa Nostra 2023 dla O\u0142tarza Wita Stwosza w Krakowie\",\"datePublished\":\"2023-09-08T09:04:27+00:00\",\"dateModified\":\"2023-09-08T09:04:27+00:00\",\"mainEntityOfPage\":{\"@id\":\"https:\/\/heritagehubkrakow.org\/pl\/nagroda-europa-nostra-2023-dla-oltarza-wita-stwosza-w-krakowie\/\"},\"wordCount\":770,\"commentCount\":0,\"publisher\":{\"@id\":\"https:\/\/heritagehubkrakow.org\/pl\/#organization\"},\"image\":{\"@id\":\"https:\/\/heritagehubkrakow.org\/pl\/nagroda-europa-nostra-2023-dla-oltarza-wita-stwosza-w-krakowie\/#primaryimage\"},\"thumbnailUrl\":\"https:\/\/heritagehubkrakow.org\/wp-content\/uploads\/2023\/09\/PZN_1664_230908003291.jpg\",\"keywords\":[\"Ceremonia|Nagroda\"],\"inLanguage\":\"pl-PL\",\"potentialAction\":[{\"@type\":\"CommentAction\",\"name\":\"Comment\",\"target\":[\"https:\/\/heritagehubkrakow.org\/pl\/nagroda-europa-nostra-2023-dla-oltarza-wita-stwosza-w-krakowie\/#respond\"]}]},{\"@type\":\"WebPage\",\"@id\":\"https:\/\/heritagehubkrakow.org\/pl\/nagroda-europa-nostra-2023-dla-oltarza-wita-stwosza-w-krakowie\/\",\"url\":\"https:\/\/heritagehubkrakow.org\/pl\/nagroda-europa-nostra-2023-dla-oltarza-wita-stwosza-w-krakowie\/\",\"name\":\"Nagroda Europa Nostra 2023 dla O\u0142tarza Wita Stwosza w Krakowie - Europa Nostra\",\"isPartOf\":{\"@id\":\"https:\/\/heritagehubkrakow.org\/pl\/#website\"},\"primaryImageOfPage\":{\"@id\":\"https:\/\/heritagehubkrakow.org\/pl\/nagroda-europa-nostra-2023-dla-oltarza-wita-stwosza-w-krakowie\/#primaryimage\"},\"image\":{\"@id\":\"https:\/\/heritagehubkrakow.org\/pl\/nagroda-europa-nostra-2023-dla-oltarza-wita-stwosza-w-krakowie\/#primaryimage\"},\"thumbnailUrl\":\"https:\/\/heritagehubkrakow.org\/wp-content\/uploads\/2023\/09\/PZN_1664_230908003291.jpg\",\"datePublished\":\"2023-09-08T09:04:27+00:00\",\"dateModified\":\"2023-09-08T09:04:27+00:00\",\"breadcrumb\":{\"@id\":\"https:\/\/heritagehubkrakow.org\/pl\/nagroda-europa-nostra-2023-dla-oltarza-wita-stwosza-w-krakowie\/#breadcrumb\"},\"inLanguage\":\"pl-PL\",\"potentialAction\":[{\"@type\":\"ReadAction\",\"target\":[\"https:\/\/heritagehubkrakow.org\/pl\/nagroda-europa-nostra-2023-dla-oltarza-wita-stwosza-w-krakowie\/\"]}]},{\"@type\":\"ImageObject\",\"inLanguage\":\"pl-PL\",\"@id\":\"https:\/\/heritagehubkrakow.org\/pl\/nagroda-europa-nostra-2023-dla-oltarza-wita-stwosza-w-krakowie\/#primaryimage\",\"url\":\"https:\/\/heritagehubkrakow.org\/wp-content\/uploads\/2023\/09\/PZN_1664_230908003291.jpg\",\"contentUrl\":\"https:\/\/heritagehubkrakow.org\/wp-content\/uploads\/2023\/09\/PZN_1664_230908003291.jpg\"},{\"@type\":\"BreadcrumbList\",\"@id\":\"https:\/\/heritagehubkrakow.org\/pl\/nagroda-europa-nostra-2023-dla-oltarza-wita-stwosza-w-krakowie\/#breadcrumb\",\"itemListElement\":[{\"@type\":\"ListItem\",\"position\":1,\"name\":\"Homepage\",\"item\":\"https:\/\/heritagehubkrakow.org\/pl\/\"},{\"@type\":\"ListItem\",\"position\":2,\"name\":\"Nagroda Europa Nostra 2023 dla O\u0142tarza Wita Stwosza w Krakowie\"}]},{\"@type\":\"WebSite\",\"@id\":\"https:\/\/heritagehubkrakow.org\/pl\/#website\",\"url\":\"https:\/\/heritagehubkrakow.org\/pl\/\",\"name\":\"Europa Nostra\",\"description\":\"Heritage Hub for Central and Eastern Europe\",\"publisher\":{\"@id\":\"https:\/\/heritagehubkrakow.org\/pl\/#organization\"},\"potentialAction\":[{\"@type\":\"SearchAction\",\"target\":{\"@type\":\"EntryPoint\",\"urlTemplate\":\"https:\/\/heritagehubkrakow.org\/pl\/?s={search_term_string}\"},\"query-input\":{\"@type\":\"PropertyValueSpecification\",\"valueRequired\":true,\"valueName\":\"search_term_string\"}}],\"inLanguage\":\"pl-PL\"},{\"@type\":\"Organization\",\"@id\":\"https:\/\/heritagehubkrakow.org\/pl\/#organization\",\"name\":\"Europa Nostra\",\"url\":\"https:\/\/heritagehubkrakow.org\/pl\/\",\"logo\":{\"@type\":\"ImageObject\",\"inLanguage\":\"pl-PL\",\"@id\":\"https:\/\/heritagehubkrakow.org\/pl\/#\/schema\/logo\/image\/\",\"url\":\"https:\/\/heritagehubkrakow.org\/wp-content\/uploads\/2023\/01\/europa-logo.png\",\"contentUrl\":\"https:\/\/heritagehubkrakow.org\/wp-content\/uploads\/2023\/01\/europa-logo.png\",\"width\":218,\"height\":237,\"caption\":\"Europa Nostra\"},\"image\":{\"@id\":\"https:\/\/heritagehubkrakow.org\/pl\/#\/schema\/logo\/image\/\"}},{\"@type\":\"Person\",\"@id\":\"https:\/\/heritagehubkrakow.org\/pl\/#\/schema\/person\/112a7abbe48503b2f32e56abc46af660\",\"name\":\"Lukasz\",\"image\":{\"@type\":\"ImageObject\",\"inLanguage\":\"pl-PL\",\"@id\":\"https:\/\/heritagehubkrakow.org\/pl\/#\/schema\/person\/image\/\",\"url\":\"https:\/\/secure.gravatar.com\/avatar\/ad98e1210139ce861e9a29f33990fb143471357f24b3f9df1095f3e51e7a4f52?s=96&d=mm&r=g\",\"contentUrl\":\"https:\/\/secure.gravatar.com\/avatar\/ad98e1210139ce861e9a29f33990fb143471357f24b3f9df1095f3e51e7a4f52?s=96&d=mm&r=g\",\"caption\":\"Lukasz\"},\"url\":\"https:\/\/heritagehubkrakow.org\/pl\/author\/lukasz-pierog\/\"}]}<\/script>\n<!-- \/ Yoast SEO plugin. -->","yoast_head_json":{"title":"Nagroda Europa Nostra 2023 dla O\u0142tarza Wita Stwosza w Krakowie - Europa Nostra","robots":{"index":"index","follow":"follow","max-snippet":"max-snippet:-1","max-image-preview":"max-image-preview:large","max-video-preview":"max-video-preview:-1"},"canonical":"https:\/\/heritagehubkrakow.org\/pl\/nagroda-europa-nostra-2023-dla-oltarza-wita-stwosza-w-krakowie\/","og_locale":"pl_PL","og_type":"article","og_title":"Nagroda Europa Nostra 2023 dla O\u0142tarza Wita Stwosza w Krakowie - Europa Nostra","og_description":"7 wrze\u015bnia 2023 roku spektakularna konserwacja o\u0142tarza Wita Stwosza w Bazylice Mariackiej w Krakowie otrzyma\u0142a Europejsk\u0105 Nagrod\u0119 Dziedzictwa | Nagrod\u0119 Europa Nostra 2023 - najwa\u017cniejsz\u0105 europejsk\u0105 nagrod\u0119 w dziedzinie dziedzictwa kulturowego i naturalnego.","og_url":"https:\/\/heritagehubkrakow.org\/pl\/nagroda-europa-nostra-2023-dla-oltarza-wita-stwosza-w-krakowie\/","og_site_name":"Europa Nostra","article_published_time":"2023-09-08T09:04:27+00:00","author":"Lukasz","twitter_card":"summary_large_image","twitter_misc":{"Napisane przez":"Lukasz","Szacowany czas czytania":"4 minuty"},"schema":{"@context":"https:\/\/schema.org","@graph":[{"@type":"Article","@id":"https:\/\/heritagehubkrakow.org\/pl\/nagroda-europa-nostra-2023-dla-oltarza-wita-stwosza-w-krakowie\/#article","isPartOf":{"@id":"https:\/\/heritagehubkrakow.org\/pl\/nagroda-europa-nostra-2023-dla-oltarza-wita-stwosza-w-krakowie\/"},"author":{"name":"Lukasz","@id":"https:\/\/heritagehubkrakow.org\/pl\/#\/schema\/person\/112a7abbe48503b2f32e56abc46af660"},"headline":"Nagroda Europa Nostra 2023 dla O\u0142tarza Wita Stwosza w Krakowie","datePublished":"2023-09-08T09:04:27+00:00","dateModified":"2023-09-08T09:04:27+00:00","mainEntityOfPage":{"@id":"https:\/\/heritagehubkrakow.org\/pl\/nagroda-europa-nostra-2023-dla-oltarza-wita-stwosza-w-krakowie\/"},"wordCount":770,"commentCount":0,"publisher":{"@id":"https:\/\/heritagehubkrakow.org\/pl\/#organization"},"image":{"@id":"https:\/\/heritagehubkrakow.org\/pl\/nagroda-europa-nostra-2023-dla-oltarza-wita-stwosza-w-krakowie\/#primaryimage"},"thumbnailUrl":"https:\/\/heritagehubkrakow.org\/wp-content\/uploads\/2023\/09\/PZN_1664_230908003291.jpg","keywords":["Ceremonia|Nagroda"],"inLanguage":"pl-PL","potentialAction":[{"@type":"CommentAction","name":"Comment","target":["https:\/\/heritagehubkrakow.org\/pl\/nagroda-europa-nostra-2023-dla-oltarza-wita-stwosza-w-krakowie\/#respond"]}]},{"@type":"WebPage","@id":"https:\/\/heritagehubkrakow.org\/pl\/nagroda-europa-nostra-2023-dla-oltarza-wita-stwosza-w-krakowie\/","url":"https:\/\/heritagehubkrakow.org\/pl\/nagroda-europa-nostra-2023-dla-oltarza-wita-stwosza-w-krakowie\/","name":"Nagroda Europa Nostra 2023 dla O\u0142tarza Wita Stwosza w Krakowie - Europa Nostra","isPartOf":{"@id":"https:\/\/heritagehubkrakow.org\/pl\/#website"},"primaryImageOfPage":{"@id":"https:\/\/heritagehubkrakow.org\/pl\/nagroda-europa-nostra-2023-dla-oltarza-wita-stwosza-w-krakowie\/#primaryimage"},"image":{"@id":"https:\/\/heritagehubkrakow.org\/pl\/nagroda-europa-nostra-2023-dla-oltarza-wita-stwosza-w-krakowie\/#primaryimage"},"thumbnailUrl":"https:\/\/heritagehubkrakow.org\/wp-content\/uploads\/2023\/09\/PZN_1664_230908003291.jpg","datePublished":"2023-09-08T09:04:27+00:00","dateModified":"2023-09-08T09:04:27+00:00","breadcrumb":{"@id":"https:\/\/heritagehubkrakow.org\/pl\/nagroda-europa-nostra-2023-dla-oltarza-wita-stwosza-w-krakowie\/#breadcrumb"},"inLanguage":"pl-PL","potentialAction":[{"@type":"ReadAction","target":["https:\/\/heritagehubkrakow.org\/pl\/nagroda-europa-nostra-2023-dla-oltarza-wita-stwosza-w-krakowie\/"]}]},{"@type":"ImageObject","inLanguage":"pl-PL","@id":"https:\/\/heritagehubkrakow.org\/pl\/nagroda-europa-nostra-2023-dla-oltarza-wita-stwosza-w-krakowie\/#primaryimage","url":"https:\/\/heritagehubkrakow.org\/wp-content\/uploads\/2023\/09\/PZN_1664_230908003291.jpg","contentUrl":"https:\/\/heritagehubkrakow.org\/wp-content\/uploads\/2023\/09\/PZN_1664_230908003291.jpg"},{"@type":"BreadcrumbList","@id":"https:\/\/heritagehubkrakow.org\/pl\/nagroda-europa-nostra-2023-dla-oltarza-wita-stwosza-w-krakowie\/#breadcrumb","itemListElement":[{"@type":"ListItem","position":1,"name":"Homepage","item":"https:\/\/heritagehubkrakow.org\/pl\/"},{"@type":"ListItem","position":2,"name":"Nagroda Europa Nostra 2023 dla O\u0142tarza Wita Stwosza w Krakowie"}]},{"@type":"WebSite","@id":"https:\/\/heritagehubkrakow.org\/pl\/#website","url":"https:\/\/heritagehubkrakow.org\/pl\/","name":"Europa Nostra","description":"Heritage Hub for Central and Eastern Europe","publisher":{"@id":"https:\/\/heritagehubkrakow.org\/pl\/#organization"},"potentialAction":[{"@type":"SearchAction","target":{"@type":"EntryPoint","urlTemplate":"https:\/\/heritagehubkrakow.org\/pl\/?s={search_term_string}"},"query-input":{"@type":"PropertyValueSpecification","valueRequired":true,"valueName":"search_term_string"}}],"inLanguage":"pl-PL"},{"@type":"Organization","@id":"https:\/\/heritagehubkrakow.org\/pl\/#organization","name":"Europa Nostra","url":"https:\/\/heritagehubkrakow.org\/pl\/","logo":{"@type":"ImageObject","inLanguage":"pl-PL","@id":"https:\/\/heritagehubkrakow.org\/pl\/#\/schema\/logo\/image\/","url":"https:\/\/heritagehubkrakow.org\/wp-content\/uploads\/2023\/01\/europa-logo.png","contentUrl":"https:\/\/heritagehubkrakow.org\/wp-content\/uploads\/2023\/01\/europa-logo.png","width":218,"height":237,"caption":"Europa Nostra"},"image":{"@id":"https:\/\/heritagehubkrakow.org\/pl\/#\/schema\/logo\/image\/"}},{"@type":"Person","@id":"https:\/\/heritagehubkrakow.org\/pl\/#\/schema\/person\/112a7abbe48503b2f32e56abc46af660","name":"Lukasz","image":{"@type":"ImageObject","inLanguage":"pl-PL","@id":"https:\/\/heritagehubkrakow.org\/pl\/#\/schema\/person\/image\/","url":"https:\/\/secure.gravatar.com\/avatar\/ad98e1210139ce861e9a29f33990fb143471357f24b3f9df1095f3e51e7a4f52?s=96&d=mm&r=g","contentUrl":"https:\/\/secure.gravatar.com\/avatar\/ad98e1210139ce861e9a29f33990fb143471357f24b3f9df1095f3e51e7a4f52?s=96&d=mm&r=g","caption":"Lukasz"},"url":"https:\/\/heritagehubkrakow.org\/pl\/author\/lukasz-pierog\/"}]}},"_links":{"self":[{"href":"https:\/\/heritagehubkrakow.org\/pl\/wp-json\/wp\/v2\/posts\/7222","targetHints":{"allow":["GET"]}}],"collection":[{"href":"https:\/\/heritagehubkrakow.org\/pl\/wp-json\/wp\/v2\/posts"}],"about":[{"href":"https:\/\/heritagehubkrakow.org\/pl\/wp-json\/wp\/v2\/types\/post"}],"author":[{"embeddable":true,"href":"https:\/\/heritagehubkrakow.org\/pl\/wp-json\/wp\/v2\/users\/7"}],"replies":[{"embeddable":true,"href":"https:\/\/heritagehubkrakow.org\/pl\/wp-json\/wp\/v2\/comments?post=7222"}],"version-history":[{"count":0,"href":"https:\/\/heritagehubkrakow.org\/pl\/wp-json\/wp\/v2\/posts\/7222\/revisions"}],"wp:attachment":[{"href":"https:\/\/heritagehubkrakow.org\/pl\/wp-json\/wp\/v2\/media?parent=7222"}],"wp:term":[{"taxonomy":"category","embeddable":true,"href":"https:\/\/heritagehubkrakow.org\/pl\/wp-json\/wp\/v2\/categories?post=7222"},{"taxonomy":"post_tag","embeddable":true,"href":"https:\/\/heritagehubkrakow.org\/pl\/wp-json\/wp\/v2\/tags?post=7222"}],"curies":[{"name":"wp","href":"https:\/\/api.w.org\/{rel}","templated":true}]}}