{"id":7228,"date":"2023-10-17T12:34:06","date_gmt":"2023-10-17T12:34:06","guid":{"rendered":"https:\/\/heritagehubkrakow.org\/dna-krakowa-debata-wokol-dziedzictwa-kultury-ludowej\/"},"modified":"2023-10-17T12:34:06","modified_gmt":"2023-10-17T12:34:06","slug":"dna-krakowa-debata-wokol-dziedzictwa-kultury-ludowej","status":"publish","type":"post","link":"https:\/\/heritagehubkrakow.org\/pl\/dna-krakowa-debata-wokol-dziedzictwa-kultury-ludowej\/","title":{"rendered":"DNA Krakowa &#8211; debata wok\u00f3\u0142 dziedzictwa kultury ludowej"},"content":{"rendered":"<div class=\"is-style-section-container, has-white-text is-style-section-container wp-block-group alignfull has-red-background-color has-background eplus-wrapper is-layout-constrained wp-block-group-is-layout-constrained eplus-styles-uid-cd9c93\"><div class=\"is-style-section-container wp-block-group alignfull eplus-wrapper is-layout-constrained wp-block-group-is-layout-constrained eplus-styles-uid-662964\"><div class=\"has-white-text wp-block-group alignfull has-white-color has-text-color eplus-wrapper is-layout-constrained wp-block-group-is-layout-constrained eplus-styles-uid-a78524\"><h1 class=\" wp-block-heading has-text-align-center eplus-wrapper eplus-styles-uid-eee9f7\"><strong><strong><strong><strong>DNA Krakowa &#8211; debata wok\u00f3\u0142 dziedzictwa kultury ludowej<\/strong><\/strong><\/strong><\/strong><\/h1>\n\n<div class=\"yoast-breadcrumbs\"><span><span><a href=\"https:\/\/heritagehubkrakow.org\/pl\/\">Homepage<\/a><\/span> &#8211; <span class=\"breadcrumb_last\" aria-current=\"page\">DNA Krakowa \u2013 debata wok\u00f3\u0142 dziedzictwa kultury ludowej<\/span><\/span><\/div><\/div><\/div><\/div>\n\n<div class=\"is-style-section-container wp-block-group alignfull has-green-dark-background-color has-background eplus-wrapper is-layout-constrained wp-block-group-is-layout-constrained eplus-styles-uid-4c6cdd\"><div class=\"wp-block-group alignfull eplus-wrapper is-layout-constrained wp-block-group-is-layout-constrained eplus-styles-uid-95a17e\">\n<div class=\"wp-block-group eplus-wrapper is-layout-constrained wp-block-group-is-layout-constrained\"><div class=\"wp-block-group eplus-wrapper is-content-justification-center is-layout-flex wp-container-core-group-is-layout-8ee2ad45 wp-block-group-is-layout-flex eplus-styles-uid-cf9c39\"><div class=\"article-date wp-block-post-date\"><time datetime=\"2023-10-17T12:34:06+00:00\">17 pa\u017adziernika 2023<\/time><\/div><\/div>\n\n<div class=\"wp-block-group eplus-wrapper is-layout-constrained wp-block-group-is-layout-constrained eplus-styles-uid-ba2e4b\"><div class=\"taxonomy-post_tag has-text-align-center article-tags wp-block-post-terms eplus-styles-uid-d35575\"><a href=\"https:\/\/heritagehubkrakow.org\/pl\/tag\/debatadyskusjaspotkanie\/\" rel=\"tag\">Debata|Dyskusja|Spotkanie<\/a><span class=\"wp-block-post-terms__suffix\"> <\/span><\/div><\/div><\/div>\n\n\n\n<p class=\" eplus-wrapper\">28 wrze\u015bnia 2023 roku w Pa\u0142acu Krzysztofory <a href=\"https:\/\/muzeumkrakowa.pl\/\">Muzeum Krakowa<\/a> odby\u0142a si\u0119 debata pt. <a href=\"https:\/\/www.facebook.com\/events\/826974345553799\">\u201eKultura ludowa \u2013 reaktywacja?\u201d<\/a>. Wydarzenie zosta\u0142o zorganizowane przez <a href=\"https:\/\/muzeumkrakowa.pl\/centrum-dzialan-spolecznosciowych-jestem-krakow\">Centrum Dzia\u0142a\u0144 Spo\u0142eczno\u015bciowych \u201eJestem Krak\u00f3w\u201d<\/a> w ramach szerszego cyklu DNA Krakowa. W debacie udzia\u0142 wzi\u0119\u0142a dr Joanna Dziadowiec-Gregani\u0107, specjalistka w Krak\u00f3w Heritage Hub.<\/p>\n\n\n\n<p class=\" has-text-align-center eplus-wrapper\"><img decoding=\"async\" class=\"wp-image-3088\" style=\"width: 1000px;\" src=\"https:\/\/heritagehubkrakow.org\/wp-content\/uploads\/2023\/10\/MHK_MG_23_IMG_2590.jpg\" alt=\"\"><\/p>\n\n\n\n<p class=\" eplus-wrapper\">W\u015br\u00f3d zaproszonych go\u015bci znale\u017ali si\u0119 r\u00f3wnie\u017c m.in. dr Andrzej Szoka, (Centrum Niematerialnego Dziedzictwa Muzeum Krakowa), Agata Mucha (Narodowy Instytut Dziedzictwa), Jakub Szyma\u0144ski (Krak\u00f3w Nowa Huta Przysz\u0142o\u015bci S.A.), Micha\u0142 Czerski (IMAGO Centrum Sztuki Ludowej), Marta Lewosiuk-Oliynyk i dr Olga Kich-Masa\u0142ej (Zwi\u0105zek Ukrai\u0144c\u00f3w w Polsce), Jan i Joanna S\u0142owi\u0144scy (Stowarzyszenie ROZSTAJE: u Zbiegu Kultur i Tradycji).<\/p>\n\n\n\n<p class=\" eplus-wrapper\">Debata by\u0142a rejestrowana i zostanie udost\u0119pniona <a href=\"https:\/\/www.facebook.com\/PalacKrzysztofory\/live_videos\">w mediach spo\u0142eczno\u015bciowych Muzeum Krakowa<\/a>. Wybrane wypowiedzi panelist\u00f3w, dost\u0119pne m.in. <a href=\"https:\/\/www.facebook.com\/groups\/622543651436912\">na grupie &#8222;Jestem Krak\u00f3w&#8221; na Facebooku<\/a>, do\u0142\u0105cz\u0105 do relacji z wcze\u015bniejszych spotka\u0144 z cyklu prezentowanych na wystawie <a href=\"https:\/\/muzeumkrakowa.pl\/wystawy\/krakow-od-poczatku-bez-konca\">\u201eKrak\u00f3w od pocz\u0105tku, bez ko\u0144ca\u201d<\/a>.<\/p>\n\n\n\n<p class=\" has-text-align-center eplus-wrapper\"><img decoding=\"async\" class=\"wp-image-3092\" style=\"width: 1000px;\" src=\"https:\/\/heritagehubkrakow.org\/wp-content\/uploads\/2023\/10\/MHK_MG_23_IMG_2660.jpg\" alt=\"\"><\/p>\n\n\n\n<p class=\" has-text-align-center eplus-wrapper\"><img decoding=\"async\" class=\"wp-image-3094\" style=\"width: 1000px;\" src=\"https:\/\/heritagehubkrakow.org\/wp-content\/uploads\/2023\/10\/MHK_MG_23_IMG_2588.jpg\" alt=\"\"><\/p>\n\n\n\n<p class=\" eplus-wrapper\">Centrum Dzia\u0142a\u0144 Spo\u0142eczno\u015bciowych \u201eJestem Krak\u00f3w\u201d koordynuje wsp\u00f3\u0142prac\u0119 Muzeum Krakowa z otoczeniem spo\u0142ecznym, w tym z organizacjami pozarz\u0105dowymi i aktywnymi mieszka\u0144cami miasta zapraszaj\u0105c do wsp\u00f3lnej refleksji nad dziedzictwem Krakowa oraz zach\u0119caj\u0105c do zaanga\u017cowania si\u0119 w jego wsp\u00f3\u0142tworzenie. \u00a0<\/p>\n\n\n\n<p class=\" eplus-wrapper\">Cykl spotka\u0144 sieciuj\u0105cych DNA Krakowa ma na celu inicjowanie dyskusji po\u015bwi\u0119conych najwa\u017cniejszym wyzwaniom dla wsp\u00f3\u0142czesnego miasta oraz wsp\u00f3lne wypracowywanie rozwi\u0105za\u0144, kt\u00f3re wzmacnia\u0142yby jego spo\u0142eczno\u015b\u0107.<\/p>\n\n\n\n<div class=\"wp-block-buttons eplus-wrapper is-layout-flex wp-block-buttons-is-layout-flex\"><div class=\" wp-block-button eplus-wrapper eplus-styles-uid-185f82\"><a class=\"wp-block-button__link wp-element-button\" href=\"https:\/\/muzeumkrakowa.pl\/centrum-dzialan-spolecznosciowych-jestem-krakow\">Wi\u0119cej informacji<\/a><\/div><\/div>\n\n\n\n<div class=\"wp-block-group eplus-wrapper is-layout-constrained wp-block-group-is-layout-constrained\"><\/div>\n\n\n\n<div class=\"wp-block-group eplus-wrapper is-layout-constrained wp-block-group-is-layout-constrained\"><\/div>\n<\/div><\/div>\n\n<div class=\"is-style-section-container wp-block-group alignfull has-blue-light-background-color has-background eplus-wrapper is-layout-constrained wp-block-group-is-layout-constrained eplus-styles-uid-4c6cdd\"><\/div>\n\n<div class=\"is-style-section-container wp-block-group alignfull has-orange-background-color has-background eplus-wrapper is-layout-constrained wp-block-group-is-layout-constrained eplus-styles-uid-4c6cdd\">\n<div class=\"wp-block-group alignfull eplus-wrapper is-layout-constrained wp-block-group-is-layout-constrained\"><\/div>\n<\/div>","protected":false},"excerpt":{"rendered":"<p>28 wrze\u015bnia 2023 r. dr Joanna Dziadowiec-Gregani\u0107, specjalistka w Krak\u00f3w Heritage Hub wzi\u0119\u0142a udzia\u0142 w debacie \u201eKultura ludowa \u2013 reaktywacja?\u201d zorganizowanej przez Centrum Dzia\u0142a\u0144 Spo\u0142eczno\u015bciowych Muzeum Krakowa w ramach cyklu DNA Krakowa.<\/p>\n","protected":false},"author":7,"featured_media":0,"comment_status":"open","ping_status":"open","sticky":false,"template":"","format":"standard","meta":{"_acf_changed":false,"editor_plus_copied_stylings":"{}","footnotes":""},"categories":[16],"tags":[255],"class_list":["post-7228","post","type-post","status-publish","format-standard","hentry","category-bez-kategorii","tag-debatadyskusjaspotkanie"],"acf":[],"yoast_head":"<!-- This site is optimized with the Yoast SEO plugin v23.8 - https:\/\/yoast.com\/wordpress\/plugins\/seo\/ -->\n<title>DNA Krakowa - debata wok\u00f3\u0142 dziedzictwa kultury ludowej - Europa Nostra<\/title>\n<meta name=\"robots\" content=\"index, follow, max-snippet:-1, max-image-preview:large, max-video-preview:-1\" \/>\n<link rel=\"canonical\" href=\"https:\/\/heritagehubkrakow.org\/pl\/dna-krakowa-debata-wokol-dziedzictwa-kultury-ludowej\/\" \/>\n<meta property=\"og:locale\" content=\"pl_PL\" \/>\n<meta property=\"og:type\" content=\"article\" \/>\n<meta property=\"og:title\" content=\"DNA Krakowa - debata wok\u00f3\u0142 dziedzictwa kultury ludowej - Europa Nostra\" \/>\n<meta property=\"og:description\" content=\"28 wrze\u015bnia 2023 r. dr Joanna Dziadowiec-Gregani\u0107, specjalistka w Krak\u00f3w Heritage Hub wzi\u0119\u0142a udzia\u0142 w debacie \u201eKultura ludowa \u2013 reaktywacja?\u201d zorganizowanej przez Centrum Dzia\u0142a\u0144 Spo\u0142eczno\u015bciowych Muzeum Krakowa w ramach cyklu DNA Krakowa.\" \/>\n<meta property=\"og:url\" content=\"https:\/\/heritagehubkrakow.org\/pl\/dna-krakowa-debata-wokol-dziedzictwa-kultury-ludowej\/\" \/>\n<meta property=\"og:site_name\" content=\"Europa Nostra\" \/>\n<meta property=\"article:published_time\" content=\"2023-10-17T12:34:06+00:00\" \/>\n<meta name=\"author\" content=\"Lukasz\" \/>\n<meta name=\"twitter:card\" content=\"summary_large_image\" \/>\n<meta name=\"twitter:label1\" content=\"Napisane przez\" \/>\n\t<meta name=\"twitter:data1\" content=\"Lukasz\" \/>\n\t<meta name=\"twitter:label2\" content=\"Szacowany czas czytania\" \/>\n\t<meta name=\"twitter:data2\" content=\"1 minuta\" \/>\n<script type=\"application\/ld+json\" class=\"yoast-schema-graph\">{\"@context\":\"https:\/\/schema.org\",\"@graph\":[{\"@type\":\"Article\",\"@id\":\"https:\/\/heritagehubkrakow.org\/pl\/dna-krakowa-debata-wokol-dziedzictwa-kultury-ludowej\/#article\",\"isPartOf\":{\"@id\":\"https:\/\/heritagehubkrakow.org\/pl\/dna-krakowa-debata-wokol-dziedzictwa-kultury-ludowej\/\"},\"author\":{\"name\":\"Lukasz\",\"@id\":\"https:\/\/heritagehubkrakow.org\/pl\/#\/schema\/person\/112a7abbe48503b2f32e56abc46af660\"},\"headline\":\"DNA Krakowa &#8211; debata wok\u00f3\u0142 dziedzictwa kultury ludowej\",\"datePublished\":\"2023-10-17T12:34:06+00:00\",\"dateModified\":\"2023-10-17T12:34:06+00:00\",\"mainEntityOfPage\":{\"@id\":\"https:\/\/heritagehubkrakow.org\/pl\/dna-krakowa-debata-wokol-dziedzictwa-kultury-ludowej\/\"},\"wordCount\":277,\"commentCount\":0,\"publisher\":{\"@id\":\"https:\/\/heritagehubkrakow.org\/pl\/#organization\"},\"image\":{\"@id\":\"https:\/\/heritagehubkrakow.org\/pl\/dna-krakowa-debata-wokol-dziedzictwa-kultury-ludowej\/#primaryimage\"},\"thumbnailUrl\":\"https:\/\/heritagehubkrakow.org\/wp-content\/uploads\/2023\/10\/MHK_MG_23_IMG_2590.jpg\",\"keywords\":[\"Debata|Dyskusja|Spotkanie\"],\"inLanguage\":\"pl-PL\",\"potentialAction\":[{\"@type\":\"CommentAction\",\"name\":\"Comment\",\"target\":[\"https:\/\/heritagehubkrakow.org\/pl\/dna-krakowa-debata-wokol-dziedzictwa-kultury-ludowej\/#respond\"]}]},{\"@type\":\"WebPage\",\"@id\":\"https:\/\/heritagehubkrakow.org\/pl\/dna-krakowa-debata-wokol-dziedzictwa-kultury-ludowej\/\",\"url\":\"https:\/\/heritagehubkrakow.org\/pl\/dna-krakowa-debata-wokol-dziedzictwa-kultury-ludowej\/\",\"name\":\"DNA Krakowa - debata wok\u00f3\u0142 dziedzictwa kultury ludowej - Europa Nostra\",\"isPartOf\":{\"@id\":\"https:\/\/heritagehubkrakow.org\/pl\/#website\"},\"primaryImageOfPage\":{\"@id\":\"https:\/\/heritagehubkrakow.org\/pl\/dna-krakowa-debata-wokol-dziedzictwa-kultury-ludowej\/#primaryimage\"},\"image\":{\"@id\":\"https:\/\/heritagehubkrakow.org\/pl\/dna-krakowa-debata-wokol-dziedzictwa-kultury-ludowej\/#primaryimage\"},\"thumbnailUrl\":\"https:\/\/heritagehubkrakow.org\/wp-content\/uploads\/2023\/10\/MHK_MG_23_IMG_2590.jpg\",\"datePublished\":\"2023-10-17T12:34:06+00:00\",\"dateModified\":\"2023-10-17T12:34:06+00:00\",\"breadcrumb\":{\"@id\":\"https:\/\/heritagehubkrakow.org\/pl\/dna-krakowa-debata-wokol-dziedzictwa-kultury-ludowej\/#breadcrumb\"},\"inLanguage\":\"pl-PL\",\"potentialAction\":[{\"@type\":\"ReadAction\",\"target\":[\"https:\/\/heritagehubkrakow.org\/pl\/dna-krakowa-debata-wokol-dziedzictwa-kultury-ludowej\/\"]}]},{\"@type\":\"ImageObject\",\"inLanguage\":\"pl-PL\",\"@id\":\"https:\/\/heritagehubkrakow.org\/pl\/dna-krakowa-debata-wokol-dziedzictwa-kultury-ludowej\/#primaryimage\",\"url\":\"https:\/\/heritagehubkrakow.org\/wp-content\/uploads\/2023\/10\/MHK_MG_23_IMG_2590.jpg\",\"contentUrl\":\"https:\/\/heritagehubkrakow.org\/wp-content\/uploads\/2023\/10\/MHK_MG_23_IMG_2590.jpg\"},{\"@type\":\"BreadcrumbList\",\"@id\":\"https:\/\/heritagehubkrakow.org\/pl\/dna-krakowa-debata-wokol-dziedzictwa-kultury-ludowej\/#breadcrumb\",\"itemListElement\":[{\"@type\":\"ListItem\",\"position\":1,\"name\":\"Homepage\",\"item\":\"https:\/\/heritagehubkrakow.org\/pl\/\"},{\"@type\":\"ListItem\",\"position\":2,\"name\":\"DNA Krakowa &#8211; debata wok\u00f3\u0142 dziedzictwa kultury ludowej\"}]},{\"@type\":\"WebSite\",\"@id\":\"https:\/\/heritagehubkrakow.org\/pl\/#website\",\"url\":\"https:\/\/heritagehubkrakow.org\/pl\/\",\"name\":\"Europa Nostra\",\"description\":\"Heritage Hub for Central and Eastern Europe\",\"publisher\":{\"@id\":\"https:\/\/heritagehubkrakow.org\/pl\/#organization\"},\"potentialAction\":[{\"@type\":\"SearchAction\",\"target\":{\"@type\":\"EntryPoint\",\"urlTemplate\":\"https:\/\/heritagehubkrakow.org\/pl\/?s={search_term_string}\"},\"query-input\":{\"@type\":\"PropertyValueSpecification\",\"valueRequired\":true,\"valueName\":\"search_term_string\"}}],\"inLanguage\":\"pl-PL\"},{\"@type\":\"Organization\",\"@id\":\"https:\/\/heritagehubkrakow.org\/pl\/#organization\",\"name\":\"Europa Nostra\",\"url\":\"https:\/\/heritagehubkrakow.org\/pl\/\",\"logo\":{\"@type\":\"ImageObject\",\"inLanguage\":\"pl-PL\",\"@id\":\"https:\/\/heritagehubkrakow.org\/pl\/#\/schema\/logo\/image\/\",\"url\":\"https:\/\/heritagehubkrakow.org\/wp-content\/uploads\/2023\/01\/europa-logo.png\",\"contentUrl\":\"https:\/\/heritagehubkrakow.org\/wp-content\/uploads\/2023\/01\/europa-logo.png\",\"width\":218,\"height\":237,\"caption\":\"Europa Nostra\"},\"image\":{\"@id\":\"https:\/\/heritagehubkrakow.org\/pl\/#\/schema\/logo\/image\/\"}},{\"@type\":\"Person\",\"@id\":\"https:\/\/heritagehubkrakow.org\/pl\/#\/schema\/person\/112a7abbe48503b2f32e56abc46af660\",\"name\":\"Lukasz\",\"image\":{\"@type\":\"ImageObject\",\"inLanguage\":\"pl-PL\",\"@id\":\"https:\/\/heritagehubkrakow.org\/pl\/#\/schema\/person\/image\/\",\"url\":\"https:\/\/secure.gravatar.com\/avatar\/ad98e1210139ce861e9a29f33990fb143471357f24b3f9df1095f3e51e7a4f52?s=96&d=mm&r=g\",\"contentUrl\":\"https:\/\/secure.gravatar.com\/avatar\/ad98e1210139ce861e9a29f33990fb143471357f24b3f9df1095f3e51e7a4f52?s=96&d=mm&r=g\",\"caption\":\"Lukasz\"},\"url\":\"https:\/\/heritagehubkrakow.org\/pl\/author\/lukasz-pierog\/\"}]}<\/script>\n<!-- \/ Yoast SEO plugin. -->","yoast_head_json":{"title":"DNA Krakowa - debata wok\u00f3\u0142 dziedzictwa kultury ludowej - Europa Nostra","robots":{"index":"index","follow":"follow","max-snippet":"max-snippet:-1","max-image-preview":"max-image-preview:large","max-video-preview":"max-video-preview:-1"},"canonical":"https:\/\/heritagehubkrakow.org\/pl\/dna-krakowa-debata-wokol-dziedzictwa-kultury-ludowej\/","og_locale":"pl_PL","og_type":"article","og_title":"DNA Krakowa - debata wok\u00f3\u0142 dziedzictwa kultury ludowej - Europa Nostra","og_description":"28 wrze\u015bnia 2023 r. dr Joanna Dziadowiec-Gregani\u0107, specjalistka w Krak\u00f3w Heritage Hub wzi\u0119\u0142a udzia\u0142 w debacie \u201eKultura ludowa \u2013 reaktywacja?\u201d zorganizowanej przez Centrum Dzia\u0142a\u0144 Spo\u0142eczno\u015bciowych Muzeum Krakowa w ramach cyklu DNA Krakowa.","og_url":"https:\/\/heritagehubkrakow.org\/pl\/dna-krakowa-debata-wokol-dziedzictwa-kultury-ludowej\/","og_site_name":"Europa Nostra","article_published_time":"2023-10-17T12:34:06+00:00","author":"Lukasz","twitter_card":"summary_large_image","twitter_misc":{"Napisane przez":"Lukasz","Szacowany czas czytania":"1 minuta"},"schema":{"@context":"https:\/\/schema.org","@graph":[{"@type":"Article","@id":"https:\/\/heritagehubkrakow.org\/pl\/dna-krakowa-debata-wokol-dziedzictwa-kultury-ludowej\/#article","isPartOf":{"@id":"https:\/\/heritagehubkrakow.org\/pl\/dna-krakowa-debata-wokol-dziedzictwa-kultury-ludowej\/"},"author":{"name":"Lukasz","@id":"https:\/\/heritagehubkrakow.org\/pl\/#\/schema\/person\/112a7abbe48503b2f32e56abc46af660"},"headline":"DNA Krakowa &#8211; debata wok\u00f3\u0142 dziedzictwa kultury ludowej","datePublished":"2023-10-17T12:34:06+00:00","dateModified":"2023-10-17T12:34:06+00:00","mainEntityOfPage":{"@id":"https:\/\/heritagehubkrakow.org\/pl\/dna-krakowa-debata-wokol-dziedzictwa-kultury-ludowej\/"},"wordCount":277,"commentCount":0,"publisher":{"@id":"https:\/\/heritagehubkrakow.org\/pl\/#organization"},"image":{"@id":"https:\/\/heritagehubkrakow.org\/pl\/dna-krakowa-debata-wokol-dziedzictwa-kultury-ludowej\/#primaryimage"},"thumbnailUrl":"https:\/\/heritagehubkrakow.org\/wp-content\/uploads\/2023\/10\/MHK_MG_23_IMG_2590.jpg","keywords":["Debata|Dyskusja|Spotkanie"],"inLanguage":"pl-PL","potentialAction":[{"@type":"CommentAction","name":"Comment","target":["https:\/\/heritagehubkrakow.org\/pl\/dna-krakowa-debata-wokol-dziedzictwa-kultury-ludowej\/#respond"]}]},{"@type":"WebPage","@id":"https:\/\/heritagehubkrakow.org\/pl\/dna-krakowa-debata-wokol-dziedzictwa-kultury-ludowej\/","url":"https:\/\/heritagehubkrakow.org\/pl\/dna-krakowa-debata-wokol-dziedzictwa-kultury-ludowej\/","name":"DNA Krakowa - debata wok\u00f3\u0142 dziedzictwa kultury ludowej - Europa Nostra","isPartOf":{"@id":"https:\/\/heritagehubkrakow.org\/pl\/#website"},"primaryImageOfPage":{"@id":"https:\/\/heritagehubkrakow.org\/pl\/dna-krakowa-debata-wokol-dziedzictwa-kultury-ludowej\/#primaryimage"},"image":{"@id":"https:\/\/heritagehubkrakow.org\/pl\/dna-krakowa-debata-wokol-dziedzictwa-kultury-ludowej\/#primaryimage"},"thumbnailUrl":"https:\/\/heritagehubkrakow.org\/wp-content\/uploads\/2023\/10\/MHK_MG_23_IMG_2590.jpg","datePublished":"2023-10-17T12:34:06+00:00","dateModified":"2023-10-17T12:34:06+00:00","breadcrumb":{"@id":"https:\/\/heritagehubkrakow.org\/pl\/dna-krakowa-debata-wokol-dziedzictwa-kultury-ludowej\/#breadcrumb"},"inLanguage":"pl-PL","potentialAction":[{"@type":"ReadAction","target":["https:\/\/heritagehubkrakow.org\/pl\/dna-krakowa-debata-wokol-dziedzictwa-kultury-ludowej\/"]}]},{"@type":"ImageObject","inLanguage":"pl-PL","@id":"https:\/\/heritagehubkrakow.org\/pl\/dna-krakowa-debata-wokol-dziedzictwa-kultury-ludowej\/#primaryimage","url":"https:\/\/heritagehubkrakow.org\/wp-content\/uploads\/2023\/10\/MHK_MG_23_IMG_2590.jpg","contentUrl":"https:\/\/heritagehubkrakow.org\/wp-content\/uploads\/2023\/10\/MHK_MG_23_IMG_2590.jpg"},{"@type":"BreadcrumbList","@id":"https:\/\/heritagehubkrakow.org\/pl\/dna-krakowa-debata-wokol-dziedzictwa-kultury-ludowej\/#breadcrumb","itemListElement":[{"@type":"ListItem","position":1,"name":"Homepage","item":"https:\/\/heritagehubkrakow.org\/pl\/"},{"@type":"ListItem","position":2,"name":"DNA Krakowa &#8211; debata wok\u00f3\u0142 dziedzictwa kultury ludowej"}]},{"@type":"WebSite","@id":"https:\/\/heritagehubkrakow.org\/pl\/#website","url":"https:\/\/heritagehubkrakow.org\/pl\/","name":"Europa Nostra","description":"Heritage Hub for Central and Eastern Europe","publisher":{"@id":"https:\/\/heritagehubkrakow.org\/pl\/#organization"},"potentialAction":[{"@type":"SearchAction","target":{"@type":"EntryPoint","urlTemplate":"https:\/\/heritagehubkrakow.org\/pl\/?s={search_term_string}"},"query-input":{"@type":"PropertyValueSpecification","valueRequired":true,"valueName":"search_term_string"}}],"inLanguage":"pl-PL"},{"@type":"Organization","@id":"https:\/\/heritagehubkrakow.org\/pl\/#organization","name":"Europa Nostra","url":"https:\/\/heritagehubkrakow.org\/pl\/","logo":{"@type":"ImageObject","inLanguage":"pl-PL","@id":"https:\/\/heritagehubkrakow.org\/pl\/#\/schema\/logo\/image\/","url":"https:\/\/heritagehubkrakow.org\/wp-content\/uploads\/2023\/01\/europa-logo.png","contentUrl":"https:\/\/heritagehubkrakow.org\/wp-content\/uploads\/2023\/01\/europa-logo.png","width":218,"height":237,"caption":"Europa Nostra"},"image":{"@id":"https:\/\/heritagehubkrakow.org\/pl\/#\/schema\/logo\/image\/"}},{"@type":"Person","@id":"https:\/\/heritagehubkrakow.org\/pl\/#\/schema\/person\/112a7abbe48503b2f32e56abc46af660","name":"Lukasz","image":{"@type":"ImageObject","inLanguage":"pl-PL","@id":"https:\/\/heritagehubkrakow.org\/pl\/#\/schema\/person\/image\/","url":"https:\/\/secure.gravatar.com\/avatar\/ad98e1210139ce861e9a29f33990fb143471357f24b3f9df1095f3e51e7a4f52?s=96&d=mm&r=g","contentUrl":"https:\/\/secure.gravatar.com\/avatar\/ad98e1210139ce861e9a29f33990fb143471357f24b3f9df1095f3e51e7a4f52?s=96&d=mm&r=g","caption":"Lukasz"},"url":"https:\/\/heritagehubkrakow.org\/pl\/author\/lukasz-pierog\/"}]}},"_links":{"self":[{"href":"https:\/\/heritagehubkrakow.org\/pl\/wp-json\/wp\/v2\/posts\/7228","targetHints":{"allow":["GET"]}}],"collection":[{"href":"https:\/\/heritagehubkrakow.org\/pl\/wp-json\/wp\/v2\/posts"}],"about":[{"href":"https:\/\/heritagehubkrakow.org\/pl\/wp-json\/wp\/v2\/types\/post"}],"author":[{"embeddable":true,"href":"https:\/\/heritagehubkrakow.org\/pl\/wp-json\/wp\/v2\/users\/7"}],"replies":[{"embeddable":true,"href":"https:\/\/heritagehubkrakow.org\/pl\/wp-json\/wp\/v2\/comments?post=7228"}],"version-history":[{"count":0,"href":"https:\/\/heritagehubkrakow.org\/pl\/wp-json\/wp\/v2\/posts\/7228\/revisions"}],"wp:attachment":[{"href":"https:\/\/heritagehubkrakow.org\/pl\/wp-json\/wp\/v2\/media?parent=7228"}],"wp:term":[{"taxonomy":"category","embeddable":true,"href":"https:\/\/heritagehubkrakow.org\/pl\/wp-json\/wp\/v2\/categories?post=7228"},{"taxonomy":"post_tag","embeddable":true,"href":"https:\/\/heritagehubkrakow.org\/pl\/wp-json\/wp\/v2\/tags?post=7228"}],"curies":[{"name":"wp","href":"https:\/\/api.w.org\/{rel}","templated":true}]}}