{"id":7229,"date":"2023-10-18T13:18:04","date_gmt":"2023-10-18T13:18:04","guid":{"rendered":"https:\/\/heritagehubkrakow.org\/zapraszamy-do-odwiedzenia-strony-europejskiego-huba-dziedzictwa\/"},"modified":"2023-10-18T13:18:04","modified_gmt":"2023-10-18T13:18:04","slug":"zapraszamy-do-odwiedzenia-strony-europejskiego-huba-dziedzictwa","status":"publish","type":"post","link":"https:\/\/heritagehubkrakow.org\/pl\/zapraszamy-do-odwiedzenia-strony-europejskiego-huba-dziedzictwa\/","title":{"rendered":"Zapraszamy do odwiedzenia strony Europejskiego Huba Dziedzictwa"},"content":{"rendered":"<div class=\"is-style-section-container, has-white-text is-style-section-container wp-block-group alignfull has-red-background-color has-background eplus-wrapper is-layout-constrained wp-block-group-is-layout-constrained eplus-styles-uid-cd9c93\"><div class=\"is-style-section-container wp-block-group alignfull eplus-wrapper is-layout-constrained wp-block-group-is-layout-constrained eplus-styles-uid-662964\"><div class=\"has-white-text wp-block-group alignfull has-white-color has-text-color eplus-wrapper is-layout-constrained wp-block-group-is-layout-constrained eplus-styles-uid-a78524\"><h1 class=\" wp-block-heading has-text-align-center eplus-wrapper eplus-styles-uid-eee9f7\">ZAPRASZAMY do odwiedzenia nowo POWSTA\u0141ej <strong><strong><strong><strong>Strony internetowej Europejskiego Huba Dziedzictwa<\/strong><\/strong><\/strong><\/strong><\/h1>\n\n<div class=\"yoast-breadcrumbs\"><span><span><a href=\"https:\/\/heritagehubkrakow.org\/pl\/\">Homepage<\/a><\/span> &#8211; <span class=\"breadcrumb_last\" aria-current=\"page\">Zapraszamy do odwiedzenia strony Europejskiego Huba Dziedzictwa<\/span><\/span><\/div><\/div><\/div><\/div>\n\n<div class=\"is-style-section-container wp-block-group alignfull has-green-dark-background-color has-background eplus-wrapper is-layout-constrained wp-block-group-is-layout-constrained eplus-styles-uid-4c6cdd\"><div class=\"wp-block-group alignfull eplus-wrapper is-layout-constrained wp-block-group-is-layout-constrained eplus-styles-uid-95a17e\">\n<div class=\"wp-block-group eplus-wrapper is-layout-constrained wp-block-group-is-layout-constrained\"><div class=\"wp-block-group eplus-wrapper is-content-justification-center is-layout-flex wp-container-core-group-is-layout-8ee2ad45 wp-block-group-is-layout-flex eplus-styles-uid-cf9c39\"><div class=\"article-date wp-block-post-date\"><time datetime=\"2023-10-18T13:18:04+00:00\">18 pa\u017adziernika 2023<\/time><\/div><\/div>\n\n<div class=\"wp-block-group eplus-wrapper is-layout-constrained wp-block-group-is-layout-constrained eplus-styles-uid-ba2e4b\"><div class=\"taxonomy-post_tag has-text-align-center article-tags wp-block-post-terms eplus-styles-uid-d35575\"><a href=\"https:\/\/heritagehubkrakow.org\/pl\/tag\/projektwspolpraca\/\" rel=\"tag\">Projekt|Wsp\u00f3\u0142praca<\/a><span class=\"wp-block-post-terms__suffix\"> <\/span><\/div><\/div><\/div>\n\n\n\n<p class=\" eplus-wrapper\"><strong>Odwied\u017a nowo powsta\u0142\u0105 <a href=\"https:\/\/www.europeanheritagehub.eu\/\">stron\u0119 internetow\u0105 Europejskiego Huba Dziedzictwa<\/a>!<\/strong><\/p>\n\n\n\n<p class=\" eplus-wrapper\"><strong>Europejski Hub Dziedzictwa to projekt pilota\u017cowy rozpocz\u0119ty w maju 2023 roku przez konsorcjum <a href=\"https:\/\/www.europeanheritagehub.eu\/about-the-hub\/partners-funding\/\">21 partner\u00f3w<\/a> pod przewodnictwem <a href=\"https:\/\/www.europanostra.org\/\">Europa Nostra<\/a> i wsp\u00f3\u0142finansowany przez Uni\u0119 Europejsk\u0105, maj\u0105cy na celu utworzenie w Europie sta\u0142ego i autonomicznego centrum dziedzictwa.<\/strong><\/p>\n\n\n\n<p class=\" eplus-wrapper\">Projekt skupia szerok\u0105 gam\u0119 interesariuszy i inicjatyw zwi\u0105zanych z dziedzictwem, odpowiadaj\u0105c na potrzeb\u0119 bardziej zorganizowanej wsp\u00f3\u0142pracy i koordynacji na wszystkich poziomach zarz\u0105dzania, od lokalnego po europejski i mi\u0119dzynarodowy.<\/p>\n\n\n\n<p class=\" eplus-wrapper\">Wykorzystuj\u0105c ekologiczn\u0105, cyfrow\u0105 i spo\u0142eczn\u0105 potr\u00f3jn\u0105 transformacj\u0119 Europy jako nadrz\u0119dny temat wszystkich swoich dzia\u0142a\u0144, projekt ma na celu budowanie zdolno\u015bci do dzia\u0142ania i rzecznictwa na rzecz europejskiego sektora dziedzictwa w celu wspierania przej\u015bcia w kierunku bardziej zr\u00f3wnowa\u017conej, innowacyjnej i w\u0142\u0105czaj\u0105cej przysz\u0142o\u015bci.<\/p>\n\n\n\n<p class=\" eplus-wrapper\"><a href=\"http:\/\/www.tmhzk.krakow.pl\/index.php\/pl\/8-o-nas\/114-about-us\">Towarzystwo Mi\u0142o\u015bnik\u00f3w Historii i Zabytk\u00f3w Krakowa<\/a> (jako operator <a href=\"https:\/\/heritagehubkrakow.org\/pl\/\">Europa Nostra Krak\u00f3w Heritage Hub<\/a>) jest jednym z partner\u00f3w stowarzyszonych projektu odpowiedzialnym za koordynacj\u0119 dzia\u0142a\u0144 w Europie \u015arodkowo-Wschodniej.<\/p>\n\n\n\n<p class=\" eplus-wrapper\">Zach\u0119camy do sprawdzenia co szykuje si\u0119 na horyzoncie i jak mo\u017cna si\u0119 zaanga\u017cowa\u0107.<\/p>\n\n\n\n<p class=\" eplus-wrapper\"><a href=\"https:\/\/my.sendinblue.com\/users\/subscribe\/js_id\/37kq9\/id\/1\">Zapisz si\u0119 do newslettera Europejskiego Huba Dziedzictwa<\/a><\/p>\n\n\n\n<div class=\"wp-block-buttons eplus-wrapper is-layout-flex wp-block-buttons-is-layout-flex\"><div class=\" wp-block-button eplus-wrapper eplus-styles-uid-af056e\"><a class=\"wp-block-button__link wp-element-button\" href=\"https:\/\/www.europeanheritagehub.eu\/\">Wi\u0119cej informacji<\/a><\/div><\/div>\n\n\n\n<div class=\"wp-block-group eplus-wrapper is-layout-constrained wp-block-group-is-layout-constrained\"><\/div>\n\n\n\n<div class=\"wp-block-group eplus-wrapper is-layout-constrained wp-block-group-is-layout-constrained\"><\/div>\n<\/div><\/div>\n\n<div class=\"is-style-section-container wp-block-group alignfull has-blue-light-background-color has-background eplus-wrapper is-layout-constrained wp-block-group-is-layout-constrained eplus-styles-uid-4c6cdd\"><\/div>\n\n<div class=\"is-style-section-container wp-block-group alignfull has-orange-background-color has-background eplus-wrapper is-layout-constrained wp-block-group-is-layout-constrained eplus-styles-uid-4c6cdd\">\n<div class=\"wp-block-group alignfull eplus-wrapper is-layout-constrained wp-block-group-is-layout-constrained\"><\/div>\n<\/div>","protected":false},"excerpt":{"rendered":"<p>Europejski Hub Dziedzictwa to projekt maj\u0105cy na celu utworzenie w Europie sta\u0142ego i autonomicznego centrum dziedzictwa odpowiadaj\u0105cego na potrzeb\u0119 bardziej zorganizowanej wsp\u00f3\u0142pracy i koordynacji na wszystkich poziomach zarz\u0105dzania, od lokalnego po europejski i mi\u0119dzynarodowy.<\/p>\n","protected":false},"author":7,"featured_media":0,"comment_status":"open","ping_status":"open","sticky":false,"template":"","format":"standard","meta":{"_acf_changed":false,"editor_plus_copied_stylings":"{}","footnotes":""},"categories":[16],"tags":[256],"class_list":["post-7229","post","type-post","status-publish","format-standard","hentry","category-bez-kategorii","tag-projektwspolpraca"],"acf":[],"yoast_head":"<!-- This site is optimized with the Yoast SEO plugin v23.8 - https:\/\/yoast.com\/wordpress\/plugins\/seo\/ -->\n<title>Zapraszamy do odwiedzenia strony Europejskiego Huba Dziedzictwa - Europa Nostra<\/title>\n<meta name=\"robots\" content=\"index, follow, max-snippet:-1, max-image-preview:large, max-video-preview:-1\" \/>\n<link rel=\"canonical\" href=\"https:\/\/heritagehubkrakow.org\/pl\/zapraszamy-do-odwiedzenia-strony-europejskiego-huba-dziedzictwa\/\" \/>\n<meta property=\"og:locale\" content=\"pl_PL\" \/>\n<meta property=\"og:type\" content=\"article\" \/>\n<meta property=\"og:title\" content=\"Zapraszamy do odwiedzenia strony Europejskiego Huba Dziedzictwa - Europa Nostra\" \/>\n<meta property=\"og:description\" content=\"Europejski Hub Dziedzictwa to projekt maj\u0105cy na celu utworzenie w Europie sta\u0142ego i autonomicznego centrum dziedzictwa odpowiadaj\u0105cego na potrzeb\u0119 bardziej zorganizowanej wsp\u00f3\u0142pracy i koordynacji na wszystkich poziomach zarz\u0105dzania, od lokalnego po europejski i mi\u0119dzynarodowy.\" \/>\n<meta property=\"og:url\" content=\"https:\/\/heritagehubkrakow.org\/pl\/zapraszamy-do-odwiedzenia-strony-europejskiego-huba-dziedzictwa\/\" \/>\n<meta property=\"og:site_name\" content=\"Europa Nostra\" \/>\n<meta property=\"article:published_time\" content=\"2023-10-18T13:18:04+00:00\" \/>\n<meta name=\"author\" content=\"Lukasz\" \/>\n<meta name=\"twitter:card\" content=\"summary_large_image\" \/>\n<meta name=\"twitter:label1\" content=\"Napisane przez\" \/>\n\t<meta name=\"twitter:data1\" content=\"Lukasz\" \/>\n\t<meta name=\"twitter:label2\" content=\"Szacowany czas czytania\" \/>\n\t<meta name=\"twitter:data2\" content=\"1 minuta\" \/>\n<script type=\"application\/ld+json\" class=\"yoast-schema-graph\">{\"@context\":\"https:\/\/schema.org\",\"@graph\":[{\"@type\":\"Article\",\"@id\":\"https:\/\/heritagehubkrakow.org\/pl\/zapraszamy-do-odwiedzenia-strony-europejskiego-huba-dziedzictwa\/#article\",\"isPartOf\":{\"@id\":\"https:\/\/heritagehubkrakow.org\/pl\/zapraszamy-do-odwiedzenia-strony-europejskiego-huba-dziedzictwa\/\"},\"author\":{\"name\":\"Lukasz\",\"@id\":\"https:\/\/heritagehubkrakow.org\/pl\/#\/schema\/person\/112a7abbe48503b2f32e56abc46af660\"},\"headline\":\"Zapraszamy do odwiedzenia strony Europejskiego Huba Dziedzictwa\",\"datePublished\":\"2023-10-18T13:18:04+00:00\",\"dateModified\":\"2023-10-18T13:18:04+00:00\",\"mainEntityOfPage\":{\"@id\":\"https:\/\/heritagehubkrakow.org\/pl\/zapraszamy-do-odwiedzenia-strony-europejskiego-huba-dziedzictwa\/\"},\"wordCount\":212,\"commentCount\":0,\"publisher\":{\"@id\":\"https:\/\/heritagehubkrakow.org\/pl\/#organization\"},\"keywords\":[\"Projekt|Wsp\u00f3\u0142praca\"],\"inLanguage\":\"pl-PL\",\"potentialAction\":[{\"@type\":\"CommentAction\",\"name\":\"Comment\",\"target\":[\"https:\/\/heritagehubkrakow.org\/pl\/zapraszamy-do-odwiedzenia-strony-europejskiego-huba-dziedzictwa\/#respond\"]}]},{\"@type\":\"WebPage\",\"@id\":\"https:\/\/heritagehubkrakow.org\/pl\/zapraszamy-do-odwiedzenia-strony-europejskiego-huba-dziedzictwa\/\",\"url\":\"https:\/\/heritagehubkrakow.org\/pl\/zapraszamy-do-odwiedzenia-strony-europejskiego-huba-dziedzictwa\/\",\"name\":\"Zapraszamy do odwiedzenia strony Europejskiego Huba Dziedzictwa - Europa Nostra\",\"isPartOf\":{\"@id\":\"https:\/\/heritagehubkrakow.org\/pl\/#website\"},\"datePublished\":\"2023-10-18T13:18:04+00:00\",\"dateModified\":\"2023-10-18T13:18:04+00:00\",\"breadcrumb\":{\"@id\":\"https:\/\/heritagehubkrakow.org\/pl\/zapraszamy-do-odwiedzenia-strony-europejskiego-huba-dziedzictwa\/#breadcrumb\"},\"inLanguage\":\"pl-PL\",\"potentialAction\":[{\"@type\":\"ReadAction\",\"target\":[\"https:\/\/heritagehubkrakow.org\/pl\/zapraszamy-do-odwiedzenia-strony-europejskiego-huba-dziedzictwa\/\"]}]},{\"@type\":\"BreadcrumbList\",\"@id\":\"https:\/\/heritagehubkrakow.org\/pl\/zapraszamy-do-odwiedzenia-strony-europejskiego-huba-dziedzictwa\/#breadcrumb\",\"itemListElement\":[{\"@type\":\"ListItem\",\"position\":1,\"name\":\"Homepage\",\"item\":\"https:\/\/heritagehubkrakow.org\/pl\/\"},{\"@type\":\"ListItem\",\"position\":2,\"name\":\"Zapraszamy do odwiedzenia strony Europejskiego Huba Dziedzictwa\"}]},{\"@type\":\"WebSite\",\"@id\":\"https:\/\/heritagehubkrakow.org\/pl\/#website\",\"url\":\"https:\/\/heritagehubkrakow.org\/pl\/\",\"name\":\"Europa Nostra\",\"description\":\"Heritage Hub for Central and Eastern Europe\",\"publisher\":{\"@id\":\"https:\/\/heritagehubkrakow.org\/pl\/#organization\"},\"potentialAction\":[{\"@type\":\"SearchAction\",\"target\":{\"@type\":\"EntryPoint\",\"urlTemplate\":\"https:\/\/heritagehubkrakow.org\/pl\/?s={search_term_string}\"},\"query-input\":{\"@type\":\"PropertyValueSpecification\",\"valueRequired\":true,\"valueName\":\"search_term_string\"}}],\"inLanguage\":\"pl-PL\"},{\"@type\":\"Organization\",\"@id\":\"https:\/\/heritagehubkrakow.org\/pl\/#organization\",\"name\":\"Europa Nostra\",\"url\":\"https:\/\/heritagehubkrakow.org\/pl\/\",\"logo\":{\"@type\":\"ImageObject\",\"inLanguage\":\"pl-PL\",\"@id\":\"https:\/\/heritagehubkrakow.org\/pl\/#\/schema\/logo\/image\/\",\"url\":\"https:\/\/heritagehubkrakow.org\/wp-content\/uploads\/2023\/01\/europa-logo.png\",\"contentUrl\":\"https:\/\/heritagehubkrakow.org\/wp-content\/uploads\/2023\/01\/europa-logo.png\",\"width\":218,\"height\":237,\"caption\":\"Europa Nostra\"},\"image\":{\"@id\":\"https:\/\/heritagehubkrakow.org\/pl\/#\/schema\/logo\/image\/\"}},{\"@type\":\"Person\",\"@id\":\"https:\/\/heritagehubkrakow.org\/pl\/#\/schema\/person\/112a7abbe48503b2f32e56abc46af660\",\"name\":\"Lukasz\",\"image\":{\"@type\":\"ImageObject\",\"inLanguage\":\"pl-PL\",\"@id\":\"https:\/\/heritagehubkrakow.org\/pl\/#\/schema\/person\/image\/\",\"url\":\"https:\/\/secure.gravatar.com\/avatar\/ad98e1210139ce861e9a29f33990fb143471357f24b3f9df1095f3e51e7a4f52?s=96&d=mm&r=g\",\"contentUrl\":\"https:\/\/secure.gravatar.com\/avatar\/ad98e1210139ce861e9a29f33990fb143471357f24b3f9df1095f3e51e7a4f52?s=96&d=mm&r=g\",\"caption\":\"Lukasz\"},\"url\":\"https:\/\/heritagehubkrakow.org\/pl\/author\/lukasz-pierog\/\"}]}<\/script>\n<!-- \/ Yoast SEO plugin. -->","yoast_head_json":{"title":"Zapraszamy do odwiedzenia strony Europejskiego Huba Dziedzictwa - Europa Nostra","robots":{"index":"index","follow":"follow","max-snippet":"max-snippet:-1","max-image-preview":"max-image-preview:large","max-video-preview":"max-video-preview:-1"},"canonical":"https:\/\/heritagehubkrakow.org\/pl\/zapraszamy-do-odwiedzenia-strony-europejskiego-huba-dziedzictwa\/","og_locale":"pl_PL","og_type":"article","og_title":"Zapraszamy do odwiedzenia strony Europejskiego Huba Dziedzictwa - Europa Nostra","og_description":"Europejski Hub Dziedzictwa to projekt maj\u0105cy na celu utworzenie w Europie sta\u0142ego i autonomicznego centrum dziedzictwa odpowiadaj\u0105cego na potrzeb\u0119 bardziej zorganizowanej wsp\u00f3\u0142pracy i koordynacji na wszystkich poziomach zarz\u0105dzania, od lokalnego po europejski i mi\u0119dzynarodowy.","og_url":"https:\/\/heritagehubkrakow.org\/pl\/zapraszamy-do-odwiedzenia-strony-europejskiego-huba-dziedzictwa\/","og_site_name":"Europa Nostra","article_published_time":"2023-10-18T13:18:04+00:00","author":"Lukasz","twitter_card":"summary_large_image","twitter_misc":{"Napisane przez":"Lukasz","Szacowany czas czytania":"1 minuta"},"schema":{"@context":"https:\/\/schema.org","@graph":[{"@type":"Article","@id":"https:\/\/heritagehubkrakow.org\/pl\/zapraszamy-do-odwiedzenia-strony-europejskiego-huba-dziedzictwa\/#article","isPartOf":{"@id":"https:\/\/heritagehubkrakow.org\/pl\/zapraszamy-do-odwiedzenia-strony-europejskiego-huba-dziedzictwa\/"},"author":{"name":"Lukasz","@id":"https:\/\/heritagehubkrakow.org\/pl\/#\/schema\/person\/112a7abbe48503b2f32e56abc46af660"},"headline":"Zapraszamy do odwiedzenia strony Europejskiego Huba Dziedzictwa","datePublished":"2023-10-18T13:18:04+00:00","dateModified":"2023-10-18T13:18:04+00:00","mainEntityOfPage":{"@id":"https:\/\/heritagehubkrakow.org\/pl\/zapraszamy-do-odwiedzenia-strony-europejskiego-huba-dziedzictwa\/"},"wordCount":212,"commentCount":0,"publisher":{"@id":"https:\/\/heritagehubkrakow.org\/pl\/#organization"},"keywords":["Projekt|Wsp\u00f3\u0142praca"],"inLanguage":"pl-PL","potentialAction":[{"@type":"CommentAction","name":"Comment","target":["https:\/\/heritagehubkrakow.org\/pl\/zapraszamy-do-odwiedzenia-strony-europejskiego-huba-dziedzictwa\/#respond"]}]},{"@type":"WebPage","@id":"https:\/\/heritagehubkrakow.org\/pl\/zapraszamy-do-odwiedzenia-strony-europejskiego-huba-dziedzictwa\/","url":"https:\/\/heritagehubkrakow.org\/pl\/zapraszamy-do-odwiedzenia-strony-europejskiego-huba-dziedzictwa\/","name":"Zapraszamy do odwiedzenia strony Europejskiego Huba Dziedzictwa - Europa Nostra","isPartOf":{"@id":"https:\/\/heritagehubkrakow.org\/pl\/#website"},"datePublished":"2023-10-18T13:18:04+00:00","dateModified":"2023-10-18T13:18:04+00:00","breadcrumb":{"@id":"https:\/\/heritagehubkrakow.org\/pl\/zapraszamy-do-odwiedzenia-strony-europejskiego-huba-dziedzictwa\/#breadcrumb"},"inLanguage":"pl-PL","potentialAction":[{"@type":"ReadAction","target":["https:\/\/heritagehubkrakow.org\/pl\/zapraszamy-do-odwiedzenia-strony-europejskiego-huba-dziedzictwa\/"]}]},{"@type":"BreadcrumbList","@id":"https:\/\/heritagehubkrakow.org\/pl\/zapraszamy-do-odwiedzenia-strony-europejskiego-huba-dziedzictwa\/#breadcrumb","itemListElement":[{"@type":"ListItem","position":1,"name":"Homepage","item":"https:\/\/heritagehubkrakow.org\/pl\/"},{"@type":"ListItem","position":2,"name":"Zapraszamy do odwiedzenia strony Europejskiego Huba Dziedzictwa"}]},{"@type":"WebSite","@id":"https:\/\/heritagehubkrakow.org\/pl\/#website","url":"https:\/\/heritagehubkrakow.org\/pl\/","name":"Europa Nostra","description":"Heritage Hub for Central and Eastern Europe","publisher":{"@id":"https:\/\/heritagehubkrakow.org\/pl\/#organization"},"potentialAction":[{"@type":"SearchAction","target":{"@type":"EntryPoint","urlTemplate":"https:\/\/heritagehubkrakow.org\/pl\/?s={search_term_string}"},"query-input":{"@type":"PropertyValueSpecification","valueRequired":true,"valueName":"search_term_string"}}],"inLanguage":"pl-PL"},{"@type":"Organization","@id":"https:\/\/heritagehubkrakow.org\/pl\/#organization","name":"Europa Nostra","url":"https:\/\/heritagehubkrakow.org\/pl\/","logo":{"@type":"ImageObject","inLanguage":"pl-PL","@id":"https:\/\/heritagehubkrakow.org\/pl\/#\/schema\/logo\/image\/","url":"https:\/\/heritagehubkrakow.org\/wp-content\/uploads\/2023\/01\/europa-logo.png","contentUrl":"https:\/\/heritagehubkrakow.org\/wp-content\/uploads\/2023\/01\/europa-logo.png","width":218,"height":237,"caption":"Europa Nostra"},"image":{"@id":"https:\/\/heritagehubkrakow.org\/pl\/#\/schema\/logo\/image\/"}},{"@type":"Person","@id":"https:\/\/heritagehubkrakow.org\/pl\/#\/schema\/person\/112a7abbe48503b2f32e56abc46af660","name":"Lukasz","image":{"@type":"ImageObject","inLanguage":"pl-PL","@id":"https:\/\/heritagehubkrakow.org\/pl\/#\/schema\/person\/image\/","url":"https:\/\/secure.gravatar.com\/avatar\/ad98e1210139ce861e9a29f33990fb143471357f24b3f9df1095f3e51e7a4f52?s=96&d=mm&r=g","contentUrl":"https:\/\/secure.gravatar.com\/avatar\/ad98e1210139ce861e9a29f33990fb143471357f24b3f9df1095f3e51e7a4f52?s=96&d=mm&r=g","caption":"Lukasz"},"url":"https:\/\/heritagehubkrakow.org\/pl\/author\/lukasz-pierog\/"}]}},"_links":{"self":[{"href":"https:\/\/heritagehubkrakow.org\/pl\/wp-json\/wp\/v2\/posts\/7229","targetHints":{"allow":["GET"]}}],"collection":[{"href":"https:\/\/heritagehubkrakow.org\/pl\/wp-json\/wp\/v2\/posts"}],"about":[{"href":"https:\/\/heritagehubkrakow.org\/pl\/wp-json\/wp\/v2\/types\/post"}],"author":[{"embeddable":true,"href":"https:\/\/heritagehubkrakow.org\/pl\/wp-json\/wp\/v2\/users\/7"}],"replies":[{"embeddable":true,"href":"https:\/\/heritagehubkrakow.org\/pl\/wp-json\/wp\/v2\/comments?post=7229"}],"version-history":[{"count":0,"href":"https:\/\/heritagehubkrakow.org\/pl\/wp-json\/wp\/v2\/posts\/7229\/revisions"}],"wp:attachment":[{"href":"https:\/\/heritagehubkrakow.org\/pl\/wp-json\/wp\/v2\/media?parent=7229"}],"wp:term":[{"taxonomy":"category","embeddable":true,"href":"https:\/\/heritagehubkrakow.org\/pl\/wp-json\/wp\/v2\/categories?post=7229"},{"taxonomy":"post_tag","embeddable":true,"href":"https:\/\/heritagehubkrakow.org\/pl\/wp-json\/wp\/v2\/tags?post=7229"}],"curies":[{"name":"wp","href":"https:\/\/api.w.org\/{rel}","templated":true}]}}