{"id":7237,"date":"2023-11-24T15:34:04","date_gmt":"2023-11-24T15:34:04","guid":{"rendered":"https:\/\/heritagehubkrakow.org\/globalna-kampania-na-rzecz-wlaczenia-dziedzictwa-kulturowego-i-kultury-do-polityki-klimatycznej\/"},"modified":"2023-11-24T15:34:04","modified_gmt":"2023-11-24T15:34:04","slug":"globalna-kampania-na-rzecz-wlaczenia-dziedzictwa-kulturowego-i-kultury-do-polityki-klimatycznej","status":"publish","type":"post","link":"https:\/\/heritagehubkrakow.org\/pl\/globalna-kampania-na-rzecz-wlaczenia-dziedzictwa-kulturowego-i-kultury-do-polityki-klimatycznej\/","title":{"rendered":"Globalna kampania na rzecz w\u0142\u0105czenia dziedzictwa kulturowego i kultury do polityki klimatycznej"},"content":{"rendered":"<div class=\"is-style-section-container, has-white-text is-style-section-container wp-block-group alignfull has-red-background-color has-background eplus-wrapper is-layout-constrained wp-block-group-is-layout-constrained eplus-styles-uid-cd9c93\"><div class=\"is-style-section-container wp-block-group alignfull eplus-wrapper is-layout-constrained wp-block-group-is-layout-constrained eplus-styles-uid-662964\"><div class=\"has-white-text wp-block-group alignfull has-white-color has-text-color eplus-wrapper is-layout-constrained wp-block-group-is-layout-constrained eplus-styles-uid-a78524\"><h1 class=\" wp-block-heading has-text-align-center eplus-wrapper eplus-styles-uid-c3e66b\"><strong><strong><strong><strong><strong>Globalna kampania na rzecz w\u0142\u0105czenia dziedzictwa kulturowego i kultury do polityki klimatycznej<\/strong><\/strong><\/strong><\/strong><\/strong><\/h1>\n\n<div class=\"yoast-breadcrumbs\"><span><span><a href=\"https:\/\/heritagehubkrakow.org\/pl\/\">Homepage<\/a><\/span> &#8211; <span class=\"breadcrumb_last\" aria-current=\"page\">Globalna kampania na rzecz w\u0142\u0105czenia dziedzictwa kulturowego i kultury do polityki klimatycznej<\/span><\/span><\/div><\/div><\/div><\/div><div class=\"is-style-section-container wp-block-group alignfull has-green-dark-background-color has-background eplus-wrapper is-layout-constrained wp-block-group-is-layout-constrained eplus-styles-uid-4c6cdd\"><div class=\"wp-block-group alignfull eplus-wrapper is-layout-constrained wp-block-group-is-layout-constrained eplus-styles-uid-95a17e\">\n<div class=\"wp-block-group eplus-wrapper is-layout-constrained wp-block-group-is-layout-constrained\"><div class=\"wp-block-group eplus-wrapper is-content-justification-center is-layout-flex wp-container-core-group-is-layout-8ee2ad45 wp-block-group-is-layout-flex eplus-styles-uid-cf9c39\"><div class=\"article-date wp-block-post-date\"><time datetime=\"2023-11-24T15:34:04+00:00\">24 listopada 2023<\/time><\/div><\/div>\n\n<div class=\"wp-block-group eplus-wrapper is-layout-constrained wp-block-group-is-layout-constrained eplus-styles-uid-ba2e4b\"><div class=\"taxonomy-post_tag has-text-align-center article-tags wp-block-post-terms eplus-styles-uid-d35575\"><a href=\"https:\/\/heritagehubkrakow.org\/pl\/tag\/dzialania-na-rzecz-klimatukampania\/\" rel=\"tag\">Dzia\u0142ania na rzecz klimatu|Kampania<\/a><span class=\"wp-block-post-terms__suffix\"> <\/span><\/div><\/div><\/div>\n\n\n\n<p class=\" eplus-wrapper\">Wed\u0142ug UNESCO 1 na 6 obiekt\u00f3w dziedzictwa kulturowego jest zagro\u017cony zmianami klimatycznymi. Z tego wzgl\u0119du, bior\u0105c pod uwag\u0119 zar\u00f3wno wp\u0142yw, jak i rozwi\u0105zania, nale\u017cy uwzgl\u0119dni\u0107 dziedzictwo w polityce i planowaniu klimatycznym. W zesz\u0142ym tygodniu wraz z licznymi partnerami z ca\u0142ego \u015bwiata, jako jeden z sygnatariuszy za\u0142o\u017cycieli, og\u0142osili\u015bmy Globalne Wezwanie do Dzia\u0142ania, w kt\u00f3rym wzywamy Konwencj\u0119 ONZ w sprawie zmian klimatu (UNFCCC), aby umie\u015bci\u0142a dziedzictwo kulturowe, sztuk\u0119 i przemys\u0142 kreatywny w centrum dzia\u0142a\u0144 klimatycznych. <\/p>\n\n\n\n<p class=\" eplus-wrapper\"><a href=\"https:\/\/www.climateheritage.org\/jwd\">Wezwanie do Dzia\u0142ania<\/a> ma na celu zaapelowanie o prze\u0142omow\u0105 decyzj\u0119 w sprawie \u201eWsp\u00f3lnych prac nad kultur\u0105 i dzia\u0142aniami na rzecz klimatu\u201d podczas Konferencji Klimatycznej ONZ COP28, kt\u00f3ra odb\u0119dzie si\u0119 w Dubaju w dniach 30 listopada\u201312 grudnia. Dzi\u0119ki temu rz\u0105dy krajowe mog\u0105 zwr\u00f3ci\u0107 si\u0119 do Agencji Klimatycznej ONZ o wsp\u00f3lne rozwi\u0105zanie problemu krytycznej luki jak\u0105 w tym przypadku jest skrzy\u017cowania kultury i dzia\u0142a\u0144 klimatycznych. Inicjatywa ta mo\u017ce utorowa\u0107 drog\u0119 do wdro\u017cenia nowego, prze\u0142omowego planu prac ONZ dotycz\u0105cego kultury, dziedzictwa i dzia\u0142a\u0144 klimatycznych podczas przysz\u0142orocznej Konferencji Klimatycznej ONZ (COP29). <\/p>\n\n\n\n<p class=\" eplus-wrapper\">w Europie kampania realizowana jest pod przewodnictwem <a href=\"https:\/\/www.europeanheritagehub.eu\/\">Europejskiego Huba Dziedzictwa<\/a>. Sam projekt Wezwania do Dzia\u0142ania zosta\u0142 og\u0142oszony i om\u00f3wiony podczas <a href=\"https:\/\/www.europeanheritagehub.eu\/climate-policy-is-failing-european-heritage-hub-forum-underscores-how-cultural-heritage-can-make-a-difference\/\">Forum Europejskiego Huba Dziedzictwa<\/a> \u201eReimagining the Anthropocene: Putting Culture and Heritage at the Heart of Climate\u201d, kt\u00f3re odby\u0142o si\u0119 we wrze\u015bniu 2023 r. w Wenecji.<\/p>\n\n\n\n<p class=\" eplus-wrapper\">Wezwanie do Dzia\u0142ania jest teraz otwarte dla szerokiej spo\u0142eczno\u015bci.<\/p>\n\n\n\n<div class=\"wp-block-buttons eplus-wrapper is-layout-flex wp-block-buttons-is-layout-flex\"><div class=\" wp-block-button eplus-wrapper eplus-styles-uid-61115e\"><a class=\"wp-block-button__link wp-element-button\" href=\"https:\/\/www.climateheritage.org\/signatories\">Dodaj sw\u00f3j g\u0142os!<\/a><\/div><\/div>\n\n\n\n<p class=\" eplus-wrapper\"><\/p>\n\n\n\n<p class=\" eplus-wrapper\"><\/p>\n\n\n\n<p class=\" eplus-wrapper\"><\/p>\n\n\n\n<p class=\" eplus-wrapper\"><\/p>\n\n\n\n<p class=\" eplus-wrapper\"><\/p>\n\n\n\n<p class=\" eplus-wrapper\"><\/p>\n\n\n\n<p class=\" eplus-wrapper\"><\/p>\n\n\n\n<div class=\"wp-block-buttons eplus-wrapper is-layout-flex wp-block-buttons-is-layout-flex\"><div class=\" wp-block-button eplus-wrapper eplus-styles-uid-75340f\"><a class=\"wp-block-button__link wp-element-button\" href=\"https:\/\/www.climateheritage.org\/jwd\">Wi\u0119cej informacji<\/a><\/div><\/div>\n\n\n\n<div class=\"wp-block-group eplus-wrapper is-layout-constrained wp-block-group-is-layout-constrained\"><\/div>\n\n\n\n<div class=\"wp-block-group eplus-wrapper is-layout-constrained wp-block-group-is-layout-constrained\"><\/div>\n<\/div><\/div><div class=\"is-style-section-container wp-block-group alignfull has-blue-light-background-color has-background eplus-wrapper is-layout-constrained wp-block-group-is-layout-constrained eplus-styles-uid-4c6cdd\"><\/div><div class=\"is-style-section-container wp-block-group alignfull has-orange-background-color has-background eplus-wrapper is-layout-constrained wp-block-group-is-layout-constrained eplus-styles-uid-4c6cdd\">\n<div class=\"wp-block-group alignfull eplus-wrapper is-layout-constrained wp-block-group-is-layout-constrained\"><\/div>\n<\/div>","protected":false},"excerpt":{"rendered":"<p>W zesz\u0142ym tygodniu wraz z licznymi partnerami z ca\u0142ego \u015bwiata, jako jeden z sygnatariuszy za\u0142o\u017cycieli, og\u0142osili\u015bmy Globalne Wezwanie do Dzia\u0142ania, w kt\u00f3rym wzywamy Konwencj\u0119 ONZ w sprawie zmian klimatu (UNFCCC), aby umie\u015bci\u0142a dziedzictwo kulturowe, sztuk\u0119 i przemys\u0142 kreatywny w centrum dzia\u0142a\u0144 klimatycznych.<\/p>\n","protected":false},"author":7,"featured_media":0,"comment_status":"open","ping_status":"open","sticky":false,"template":"","format":"standard","meta":{"_acf_changed":false,"editor_plus_copied_stylings":"{}","footnotes":""},"categories":[16],"tags":[261],"class_list":["post-7237","post","type-post","status-publish","format-standard","hentry","category-bez-kategorii","tag-dzialania-na-rzecz-klimatukampania"],"acf":[],"yoast_head":"<!-- This site is optimized with the Yoast SEO plugin v23.8 - https:\/\/yoast.com\/wordpress\/plugins\/seo\/ -->\n<title>Globalna kampania na rzecz w\u0142\u0105czenia dziedzictwa kulturowego i kultury do polityki klimatycznej - Europa Nostra<\/title>\n<meta name=\"robots\" content=\"index, follow, max-snippet:-1, max-image-preview:large, max-video-preview:-1\" \/>\n<link rel=\"canonical\" href=\"https:\/\/heritagehubkrakow.org\/pl\/globalna-kampania-na-rzecz-wlaczenia-dziedzictwa-kulturowego-i-kultury-do-polityki-klimatycznej\/\" \/>\n<meta property=\"og:locale\" content=\"pl_PL\" \/>\n<meta property=\"og:type\" content=\"article\" \/>\n<meta property=\"og:title\" content=\"Globalna kampania na rzecz w\u0142\u0105czenia dziedzictwa kulturowego i kultury do polityki klimatycznej - Europa Nostra\" \/>\n<meta property=\"og:description\" content=\"W zesz\u0142ym tygodniu wraz z licznymi partnerami z ca\u0142ego \u015bwiata, jako jeden z sygnatariuszy za\u0142o\u017cycieli, og\u0142osili\u015bmy Globalne Wezwanie do Dzia\u0142ania, w kt\u00f3rym wzywamy Konwencj\u0119 ONZ w sprawie zmian klimatu (UNFCCC), aby umie\u015bci\u0142a dziedzictwo kulturowe, sztuk\u0119 i przemys\u0142 kreatywny w centrum dzia\u0142a\u0144 klimatycznych.\" \/>\n<meta property=\"og:url\" content=\"https:\/\/heritagehubkrakow.org\/pl\/globalna-kampania-na-rzecz-wlaczenia-dziedzictwa-kulturowego-i-kultury-do-polityki-klimatycznej\/\" \/>\n<meta property=\"og:site_name\" content=\"Europa Nostra\" \/>\n<meta property=\"article:published_time\" content=\"2023-11-24T15:34:04+00:00\" \/>\n<meta name=\"author\" content=\"Lukasz\" \/>\n<meta name=\"twitter:card\" content=\"summary_large_image\" \/>\n<meta name=\"twitter:label1\" content=\"Napisane przez\" \/>\n\t<meta name=\"twitter:data1\" content=\"Lukasz\" \/>\n\t<meta name=\"twitter:label2\" content=\"Szacowany czas czytania\" \/>\n\t<meta name=\"twitter:data2\" content=\"1 minuta\" \/>\n<script type=\"application\/ld+json\" class=\"yoast-schema-graph\">{\"@context\":\"https:\/\/schema.org\",\"@graph\":[{\"@type\":\"Article\",\"@id\":\"https:\/\/heritagehubkrakow.org\/pl\/globalna-kampania-na-rzecz-wlaczenia-dziedzictwa-kulturowego-i-kultury-do-polityki-klimatycznej\/#article\",\"isPartOf\":{\"@id\":\"https:\/\/heritagehubkrakow.org\/pl\/globalna-kampania-na-rzecz-wlaczenia-dziedzictwa-kulturowego-i-kultury-do-polityki-klimatycznej\/\"},\"author\":{\"name\":\"Lukasz\",\"@id\":\"https:\/\/heritagehubkrakow.org\/pl\/#\/schema\/person\/112a7abbe48503b2f32e56abc46af660\"},\"headline\":\"Globalna kampania na rzecz w\u0142\u0105czenia dziedzictwa kulturowego i kultury do polityki klimatycznej\",\"datePublished\":\"2023-11-24T15:34:04+00:00\",\"dateModified\":\"2023-11-24T15:34:04+00:00\",\"mainEntityOfPage\":{\"@id\":\"https:\/\/heritagehubkrakow.org\/pl\/globalna-kampania-na-rzecz-wlaczenia-dziedzictwa-kulturowego-i-kultury-do-polityki-klimatycznej\/\"},\"wordCount\":293,\"commentCount\":0,\"publisher\":{\"@id\":\"https:\/\/heritagehubkrakow.org\/pl\/#organization\"},\"keywords\":[\"Dzia\u0142ania na rzecz klimatu|Kampania\"],\"inLanguage\":\"pl-PL\",\"potentialAction\":[{\"@type\":\"CommentAction\",\"name\":\"Comment\",\"target\":[\"https:\/\/heritagehubkrakow.org\/pl\/globalna-kampania-na-rzecz-wlaczenia-dziedzictwa-kulturowego-i-kultury-do-polityki-klimatycznej\/#respond\"]}]},{\"@type\":\"WebPage\",\"@id\":\"https:\/\/heritagehubkrakow.org\/pl\/globalna-kampania-na-rzecz-wlaczenia-dziedzictwa-kulturowego-i-kultury-do-polityki-klimatycznej\/\",\"url\":\"https:\/\/heritagehubkrakow.org\/pl\/globalna-kampania-na-rzecz-wlaczenia-dziedzictwa-kulturowego-i-kultury-do-polityki-klimatycznej\/\",\"name\":\"Globalna kampania na rzecz w\u0142\u0105czenia dziedzictwa kulturowego i kultury do polityki klimatycznej - Europa Nostra\",\"isPartOf\":{\"@id\":\"https:\/\/heritagehubkrakow.org\/pl\/#website\"},\"datePublished\":\"2023-11-24T15:34:04+00:00\",\"dateModified\":\"2023-11-24T15:34:04+00:00\",\"breadcrumb\":{\"@id\":\"https:\/\/heritagehubkrakow.org\/pl\/globalna-kampania-na-rzecz-wlaczenia-dziedzictwa-kulturowego-i-kultury-do-polityki-klimatycznej\/#breadcrumb\"},\"inLanguage\":\"pl-PL\",\"potentialAction\":[{\"@type\":\"ReadAction\",\"target\":[\"https:\/\/heritagehubkrakow.org\/pl\/globalna-kampania-na-rzecz-wlaczenia-dziedzictwa-kulturowego-i-kultury-do-polityki-klimatycznej\/\"]}]},{\"@type\":\"BreadcrumbList\",\"@id\":\"https:\/\/heritagehubkrakow.org\/pl\/globalna-kampania-na-rzecz-wlaczenia-dziedzictwa-kulturowego-i-kultury-do-polityki-klimatycznej\/#breadcrumb\",\"itemListElement\":[{\"@type\":\"ListItem\",\"position\":1,\"name\":\"Homepage\",\"item\":\"https:\/\/heritagehubkrakow.org\/pl\/\"},{\"@type\":\"ListItem\",\"position\":2,\"name\":\"Globalna kampania na rzecz w\u0142\u0105czenia dziedzictwa kulturowego i kultury do polityki klimatycznej\"}]},{\"@type\":\"WebSite\",\"@id\":\"https:\/\/heritagehubkrakow.org\/pl\/#website\",\"url\":\"https:\/\/heritagehubkrakow.org\/pl\/\",\"name\":\"Europa Nostra\",\"description\":\"Heritage Hub for Central and Eastern Europe\",\"publisher\":{\"@id\":\"https:\/\/heritagehubkrakow.org\/pl\/#organization\"},\"potentialAction\":[{\"@type\":\"SearchAction\",\"target\":{\"@type\":\"EntryPoint\",\"urlTemplate\":\"https:\/\/heritagehubkrakow.org\/pl\/?s={search_term_string}\"},\"query-input\":{\"@type\":\"PropertyValueSpecification\",\"valueRequired\":true,\"valueName\":\"search_term_string\"}}],\"inLanguage\":\"pl-PL\"},{\"@type\":\"Organization\",\"@id\":\"https:\/\/heritagehubkrakow.org\/pl\/#organization\",\"name\":\"Europa Nostra\",\"url\":\"https:\/\/heritagehubkrakow.org\/pl\/\",\"logo\":{\"@type\":\"ImageObject\",\"inLanguage\":\"pl-PL\",\"@id\":\"https:\/\/heritagehubkrakow.org\/pl\/#\/schema\/logo\/image\/\",\"url\":\"https:\/\/heritagehubkrakow.org\/wp-content\/uploads\/2023\/01\/europa-logo.png\",\"contentUrl\":\"https:\/\/heritagehubkrakow.org\/wp-content\/uploads\/2023\/01\/europa-logo.png\",\"width\":218,\"height\":237,\"caption\":\"Europa Nostra\"},\"image\":{\"@id\":\"https:\/\/heritagehubkrakow.org\/pl\/#\/schema\/logo\/image\/\"}},{\"@type\":\"Person\",\"@id\":\"https:\/\/heritagehubkrakow.org\/pl\/#\/schema\/person\/112a7abbe48503b2f32e56abc46af660\",\"name\":\"Lukasz\",\"image\":{\"@type\":\"ImageObject\",\"inLanguage\":\"pl-PL\",\"@id\":\"https:\/\/heritagehubkrakow.org\/pl\/#\/schema\/person\/image\/\",\"url\":\"https:\/\/secure.gravatar.com\/avatar\/ad98e1210139ce861e9a29f33990fb143471357f24b3f9df1095f3e51e7a4f52?s=96&d=mm&r=g\",\"contentUrl\":\"https:\/\/secure.gravatar.com\/avatar\/ad98e1210139ce861e9a29f33990fb143471357f24b3f9df1095f3e51e7a4f52?s=96&d=mm&r=g\",\"caption\":\"Lukasz\"},\"url\":\"https:\/\/heritagehubkrakow.org\/pl\/author\/lukasz-pierog\/\"}]}<\/script>\n<!-- \/ Yoast SEO plugin. -->","yoast_head_json":{"title":"Globalna kampania na rzecz w\u0142\u0105czenia dziedzictwa kulturowego i kultury do polityki klimatycznej - Europa Nostra","robots":{"index":"index","follow":"follow","max-snippet":"max-snippet:-1","max-image-preview":"max-image-preview:large","max-video-preview":"max-video-preview:-1"},"canonical":"https:\/\/heritagehubkrakow.org\/pl\/globalna-kampania-na-rzecz-wlaczenia-dziedzictwa-kulturowego-i-kultury-do-polityki-klimatycznej\/","og_locale":"pl_PL","og_type":"article","og_title":"Globalna kampania na rzecz w\u0142\u0105czenia dziedzictwa kulturowego i kultury do polityki klimatycznej - Europa Nostra","og_description":"W zesz\u0142ym tygodniu wraz z licznymi partnerami z ca\u0142ego \u015bwiata, jako jeden z sygnatariuszy za\u0142o\u017cycieli, og\u0142osili\u015bmy Globalne Wezwanie do Dzia\u0142ania, w kt\u00f3rym wzywamy Konwencj\u0119 ONZ w sprawie zmian klimatu (UNFCCC), aby umie\u015bci\u0142a dziedzictwo kulturowe, sztuk\u0119 i przemys\u0142 kreatywny w centrum dzia\u0142a\u0144 klimatycznych.","og_url":"https:\/\/heritagehubkrakow.org\/pl\/globalna-kampania-na-rzecz-wlaczenia-dziedzictwa-kulturowego-i-kultury-do-polityki-klimatycznej\/","og_site_name":"Europa Nostra","article_published_time":"2023-11-24T15:34:04+00:00","author":"Lukasz","twitter_card":"summary_large_image","twitter_misc":{"Napisane przez":"Lukasz","Szacowany czas czytania":"1 minuta"},"schema":{"@context":"https:\/\/schema.org","@graph":[{"@type":"Article","@id":"https:\/\/heritagehubkrakow.org\/pl\/globalna-kampania-na-rzecz-wlaczenia-dziedzictwa-kulturowego-i-kultury-do-polityki-klimatycznej\/#article","isPartOf":{"@id":"https:\/\/heritagehubkrakow.org\/pl\/globalna-kampania-na-rzecz-wlaczenia-dziedzictwa-kulturowego-i-kultury-do-polityki-klimatycznej\/"},"author":{"name":"Lukasz","@id":"https:\/\/heritagehubkrakow.org\/pl\/#\/schema\/person\/112a7abbe48503b2f32e56abc46af660"},"headline":"Globalna kampania na rzecz w\u0142\u0105czenia dziedzictwa kulturowego i kultury do polityki klimatycznej","datePublished":"2023-11-24T15:34:04+00:00","dateModified":"2023-11-24T15:34:04+00:00","mainEntityOfPage":{"@id":"https:\/\/heritagehubkrakow.org\/pl\/globalna-kampania-na-rzecz-wlaczenia-dziedzictwa-kulturowego-i-kultury-do-polityki-klimatycznej\/"},"wordCount":293,"commentCount":0,"publisher":{"@id":"https:\/\/heritagehubkrakow.org\/pl\/#organization"},"keywords":["Dzia\u0142ania na rzecz klimatu|Kampania"],"inLanguage":"pl-PL","potentialAction":[{"@type":"CommentAction","name":"Comment","target":["https:\/\/heritagehubkrakow.org\/pl\/globalna-kampania-na-rzecz-wlaczenia-dziedzictwa-kulturowego-i-kultury-do-polityki-klimatycznej\/#respond"]}]},{"@type":"WebPage","@id":"https:\/\/heritagehubkrakow.org\/pl\/globalna-kampania-na-rzecz-wlaczenia-dziedzictwa-kulturowego-i-kultury-do-polityki-klimatycznej\/","url":"https:\/\/heritagehubkrakow.org\/pl\/globalna-kampania-na-rzecz-wlaczenia-dziedzictwa-kulturowego-i-kultury-do-polityki-klimatycznej\/","name":"Globalna kampania na rzecz w\u0142\u0105czenia dziedzictwa kulturowego i kultury do polityki klimatycznej - Europa Nostra","isPartOf":{"@id":"https:\/\/heritagehubkrakow.org\/pl\/#website"},"datePublished":"2023-11-24T15:34:04+00:00","dateModified":"2023-11-24T15:34:04+00:00","breadcrumb":{"@id":"https:\/\/heritagehubkrakow.org\/pl\/globalna-kampania-na-rzecz-wlaczenia-dziedzictwa-kulturowego-i-kultury-do-polityki-klimatycznej\/#breadcrumb"},"inLanguage":"pl-PL","potentialAction":[{"@type":"ReadAction","target":["https:\/\/heritagehubkrakow.org\/pl\/globalna-kampania-na-rzecz-wlaczenia-dziedzictwa-kulturowego-i-kultury-do-polityki-klimatycznej\/"]}]},{"@type":"BreadcrumbList","@id":"https:\/\/heritagehubkrakow.org\/pl\/globalna-kampania-na-rzecz-wlaczenia-dziedzictwa-kulturowego-i-kultury-do-polityki-klimatycznej\/#breadcrumb","itemListElement":[{"@type":"ListItem","position":1,"name":"Homepage","item":"https:\/\/heritagehubkrakow.org\/pl\/"},{"@type":"ListItem","position":2,"name":"Globalna kampania na rzecz w\u0142\u0105czenia dziedzictwa kulturowego i kultury do polityki klimatycznej"}]},{"@type":"WebSite","@id":"https:\/\/heritagehubkrakow.org\/pl\/#website","url":"https:\/\/heritagehubkrakow.org\/pl\/","name":"Europa Nostra","description":"Heritage Hub for Central and Eastern Europe","publisher":{"@id":"https:\/\/heritagehubkrakow.org\/pl\/#organization"},"potentialAction":[{"@type":"SearchAction","target":{"@type":"EntryPoint","urlTemplate":"https:\/\/heritagehubkrakow.org\/pl\/?s={search_term_string}"},"query-input":{"@type":"PropertyValueSpecification","valueRequired":true,"valueName":"search_term_string"}}],"inLanguage":"pl-PL"},{"@type":"Organization","@id":"https:\/\/heritagehubkrakow.org\/pl\/#organization","name":"Europa Nostra","url":"https:\/\/heritagehubkrakow.org\/pl\/","logo":{"@type":"ImageObject","inLanguage":"pl-PL","@id":"https:\/\/heritagehubkrakow.org\/pl\/#\/schema\/logo\/image\/","url":"https:\/\/heritagehubkrakow.org\/wp-content\/uploads\/2023\/01\/europa-logo.png","contentUrl":"https:\/\/heritagehubkrakow.org\/wp-content\/uploads\/2023\/01\/europa-logo.png","width":218,"height":237,"caption":"Europa Nostra"},"image":{"@id":"https:\/\/heritagehubkrakow.org\/pl\/#\/schema\/logo\/image\/"}},{"@type":"Person","@id":"https:\/\/heritagehubkrakow.org\/pl\/#\/schema\/person\/112a7abbe48503b2f32e56abc46af660","name":"Lukasz","image":{"@type":"ImageObject","inLanguage":"pl-PL","@id":"https:\/\/heritagehubkrakow.org\/pl\/#\/schema\/person\/image\/","url":"https:\/\/secure.gravatar.com\/avatar\/ad98e1210139ce861e9a29f33990fb143471357f24b3f9df1095f3e51e7a4f52?s=96&d=mm&r=g","contentUrl":"https:\/\/secure.gravatar.com\/avatar\/ad98e1210139ce861e9a29f33990fb143471357f24b3f9df1095f3e51e7a4f52?s=96&d=mm&r=g","caption":"Lukasz"},"url":"https:\/\/heritagehubkrakow.org\/pl\/author\/lukasz-pierog\/"}]}},"_links":{"self":[{"href":"https:\/\/heritagehubkrakow.org\/pl\/wp-json\/wp\/v2\/posts\/7237","targetHints":{"allow":["GET"]}}],"collection":[{"href":"https:\/\/heritagehubkrakow.org\/pl\/wp-json\/wp\/v2\/posts"}],"about":[{"href":"https:\/\/heritagehubkrakow.org\/pl\/wp-json\/wp\/v2\/types\/post"}],"author":[{"embeddable":true,"href":"https:\/\/heritagehubkrakow.org\/pl\/wp-json\/wp\/v2\/users\/7"}],"replies":[{"embeddable":true,"href":"https:\/\/heritagehubkrakow.org\/pl\/wp-json\/wp\/v2\/comments?post=7237"}],"version-history":[{"count":0,"href":"https:\/\/heritagehubkrakow.org\/pl\/wp-json\/wp\/v2\/posts\/7237\/revisions"}],"wp:attachment":[{"href":"https:\/\/heritagehubkrakow.org\/pl\/wp-json\/wp\/v2\/media?parent=7237"}],"wp:term":[{"taxonomy":"category","embeddable":true,"href":"https:\/\/heritagehubkrakow.org\/pl\/wp-json\/wp\/v2\/categories?post=7237"},{"taxonomy":"post_tag","embeddable":true,"href":"https:\/\/heritagehubkrakow.org\/pl\/wp-json\/wp\/v2\/tags?post=7237"}],"curies":[{"name":"wp","href":"https:\/\/api.w.org\/{rel}","templated":true}]}}