{"id":7263,"date":"2024-03-14T12:14:45","date_gmt":"2024-03-14T12:14:45","guid":{"rendered":"https:\/\/heritagehubkrakow.org\/nowy-podcast-europejski-hub-dziedzictwa\/"},"modified":"2024-03-14T12:14:45","modified_gmt":"2024-03-14T12:14:45","slug":"nowy-podcast-europejski-hub-dziedzictwa","status":"publish","type":"post","link":"https:\/\/heritagehubkrakow.org\/pl\/nowy-podcast-europejski-hub-dziedzictwa\/","title":{"rendered":"Nowy podcast: Europejski Hub Dziedzictwa"},"content":{"rendered":"<div class=\"is-style-section-container, has-white-text is-style-section-container wp-block-group alignfull has-red-background-color has-background eplus-wrapper is-layout-constrained wp-block-group-is-layout-constrained eplus-styles-uid-cd9c93\"><div class=\"is-style-section-container wp-block-group alignfull eplus-wrapper is-layout-constrained wp-block-group-is-layout-constrained eplus-styles-uid-662964\"><div class=\"has-white-text wp-block-group alignfull has-white-color has-text-color eplus-wrapper is-layout-constrained wp-block-group-is-layout-constrained eplus-styles-uid-a78524\"><h1 class=\" wp-block-heading has-text-align-center eplus-wrapper eplus-styles-uid-c3e66b\"><strong><strong>Nowy podcast: Europejski Hub Dziedzictwa<\/strong><\/strong><\/h1>\n\n<div class=\"yoast-breadcrumbs\"><span><span><a href=\"https:\/\/heritagehubkrakow.org\/pl\/\">Homepage<\/a><\/span> &#8211; <span class=\"breadcrumb_last\" aria-current=\"page\">Nowy podcast: Europejski Hub Dziedzictwa<\/span><\/span><\/div><\/div><\/div><\/div>\n\n<div class=\"is-style-section-container wp-block-group alignfull has-green-dark-background-color has-background eplus-wrapper is-layout-constrained wp-block-group-is-layout-constrained eplus-styles-uid-4c6cdd\"><div class=\"wp-block-group alignwide eplus-wrapper is-layout-constrained wp-block-group-is-layout-constrained eplus-styles-uid-95a17e\">\n<div class=\"wp-block-group eplus-wrapper is-layout-constrained wp-block-group-is-layout-constrained\"><div class=\"wp-block-group eplus-wrapper is-content-justification-center is-layout-flex wp-container-core-group-is-layout-8ee2ad45 wp-block-group-is-layout-flex eplus-styles-uid-cf9c39\"><div class=\"article-date wp-block-post-date\"><time datetime=\"2024-03-14T12:14:45+00:00\">14 marca 2024<\/time><\/div><\/div>\n\n<div class=\"wp-block-group eplus-wrapper is-layout-constrained wp-block-group-is-layout-constrained eplus-styles-uid-ba2e4b\"><div class=\"taxonomy-post_tag has-text-align-center article-tags wp-block-post-terms eplus-styles-uid-d35575\"><a href=\"https:\/\/heritagehubkrakow.org\/pl\/tag\/dzialania-na-rzecz-klimatupodcastprojekt\/\" rel=\"tag\">Dzia\u0142ania na rzecz klimatu|Podcast|Projekt<\/a><span class=\"wp-block-post-terms__suffix\"> <\/span><\/div><\/div>\n\n\n<p class=\" eplus-wrapper\"><strong><strong>Europejski Hub Dziedzictwa [European Heritage Hub] to jeden z najwi\u0119kszych projekt\u00f3w w zakresie dziedzictwa kulturowego obejmuj\u0105cy swym zasi\u0119giem ca\u0142\u0105 Europ\u0119, kt\u00f3rego celem jest wsparcie zielonej, spo\u0142ecznej i cyfrowej transformacji. Najnowszy podcast opowiada o kulisach, za\u0142o\u017ceniach i znaczeniu tego projektu dla ca\u0142ej Europy.<\/strong><\/strong><\/p>\n<\/div>\n\n\n\n<div class=\"wp-block-buttons eplus-wrapper is-layout-flex wp-block-buttons-is-layout-flex\"><div class=\" wp-block-button eplus-wrapper eplus-styles-uid-9c2425\"><a class=\"wp-block-button__link wp-element-button\" href=\"https:\/\/heritagehubkrakow.org\/pl\/project\/europejski-hub-dziedzictwa-laczac-dziedzictwo-w-calej-europie\/\" target=\"_blank\" rel=\"noreferrer noopener\"><strong>S\u0142uchaj tutaj<\/strong><\/a><\/div><\/div>\n\n\n\n<p class=\" eplus-wrapper\"><a href=\"https:\/\/www.europeanheritagehub.eu\/\" target=\"_blank\" rel=\"noreferrer noopener\">Europejski Hub Dziedzictwa<\/a> to jeden z najwi\u0119kszych projekt\u00f3w w zakresie dziedzictwa kulturowego obejmuj\u0105cy swym zasi\u0119giem ca\u0142\u0105 Europ\u0119, kt\u00f3rego celem jest wsparcie zielonej, spo\u0142ecznej i cyfrowej transformacji. <\/p>\n\n\n\n<p class=\" eplus-wrapper\">Realizowany od maja 2023 r. przez <a href=\"https:\/\/heritagehubkrakow.org\/pl\/project\/european-heritage-hub\/\" target=\"_blank\" rel=\"noreferrer noopener\">konsorcjum dwudziestu partner\u00f3w<\/a> pod przewodnictwem <a href=\"https:\/\/www.europanostra.org\/\" target=\"_blank\" rel=\"noreferrer noopener\">Europa Nostra<\/a> i wsp\u00f3\u0142finansowany przez Uni\u0119 Europejsk\u0105 projekt, skupia interesariuszy i inicjatywy w obszarze dziedzictwa, odpowiadaj\u0105c na potrzeb\u0119 bardziej zorganizowanej wsp\u00f3\u0142pracy i koordynacji na rzecz dziedzictwa w ca\u0142ej Europie i poza ni\u0105.<\/p>\n\n\n\n<p class=\" eplus-wrapper\">W tym odcinku podcastu udajemy si\u0119 do Wenecji, gdzie Hub zorganizowa\u0142 swoje pierwsze publiczne Forum zatytu\u0142owane \u201eWyobra\u017cenie antropocenu na nowo: kultura i dziedzictwo w centrum dzia\u0142a\u0144 na rzecz klimatu\u201d. Z pluskiem wody uderzaj\u0105cej o weneckie nabrze\u017ce i d\u017awi\u0119kiem silnika vaporetto w tle, o misji Huba, jego priorytetach, nadchodz\u0105cych dzia\u0142aniach oraz o nierozerwalnych powi\u0105zaniach mi\u0119dzy dziedzictwem kulturowym a sprawiedliwo\u015bci\u0105 klimatyczn\u0105 opowiadaj\u0105 liderzy i partnerzy Europejskiego Huba Dziedzictwa oraz prelegenci Forum.<\/p>\n\n\n\n<p class=\" eplus-wrapper\">W tym odcinku wypowiadaj\u0105 si\u0119 nast\u0119puj\u0105ce osoby:<\/p>\n\n\n\n<p class=\" eplus-wrapper\">\u2022 <strong>Sne\u0161ka Quaedvlieg-Mihailovi\u0107<\/strong>, liderka projektu European Heritage Hub i Sekretarz Generalna Europa Nostra;<br>\u2022 <strong>Carla Toffolo<\/strong>, kierowniczka programu European Heritage Hub;<br>\u2022 <strong>Andrew Potts<\/strong>, doradca ds. dziedzictwa i dzia\u0142a\u0144 w dziedzinie klimatu w Europa Nostra;<br>\u2022 <strong>Catherine Magnant<\/strong>, kierowniczka Dzia\u0142u Polityki Kulturalnej w Komisji Europejskiej;<br>\u2022 <strong>Lorena Aldana<\/strong>, kierowniczka ds. stosunk\u00f3w zewn\u0119trznych i rzecznictwa w Fundacji Europeana;<br>\u2022 <strong>Bastien Varoutsikos<\/strong>, dyrektor ds. rozwoju strategicznego w Fundacji ALIPH;<br>\u2022 <strong>Adam Klups<\/strong>, M\u0142odzie\u017cowy Ambasador Dziedzictwa Europejskiego; <br>\u2022 <strong>Marshall Marcus<\/strong>, dyrektor wykonawczy i artystyczny M\u0142odzie\u017cowej Orkiestry Unii Europejskiej.<\/p>\n\n\n\n<p class=\" eplus-wrapper\">Podcast zosta\u0142 wyprodukowany dla Europa Nostra przez <a href=\"https:\/\/freerangeproductions.eu\/\" target=\"_blank\" rel=\"noreferrer noopener\"><strong>Free Range Productions<\/strong><\/a>, we wsp\u00f3\u0142pracy z <a href=\"https:\/\/heritagehubkrakow.org\/\" target=\"_blank\" rel=\"noreferrer noopener\">Europa Nostra Heritage Hub w Krakowie<\/a>. Produkcja i promocja podcastu otrzyma\u0142a wsparcie finansowe <strong>Unii Europejskiej<\/strong> i <a href=\"http:\/\/fondationhippocrene.eu\/\" target=\"_blank\" rel=\"noreferrer noopener\"><strong>La Fondation Hippocr\u00e8ne<\/strong><\/a>, partnera Europa Nostra. <\/p>\n\n\n\n<p class=\" eplus-wrapper\"><\/p>\n\n\n\n<p class=\" eplus-wrapper\"><\/p>\n\n\n\n<p class=\" eplus-wrapper\"><\/p>\n\n\n\n<p class=\" eplus-wrapper\"><\/p>\n\n\n\n<p class=\" eplus-wrapper\"><\/p>\n\n\n\n<p class=\" eplus-wrapper\"><\/p>\n\n\n\n<p class=\" eplus-wrapper\"><\/p>\n\n\n\n<p class=\" eplus-wrapper\"><\/p>\n\n\n\n<p class=\" has-text-align-center eplus-wrapper\"><img decoding=\"async\" class=\"wp-image-4265\" style=\"width: 600px;\" src=\"https:\/\/heritagehubkrakow.org\/wp-content\/uploads\/2024\/03\/LEkWw_AYciez.jpg\" alt=\"\"><\/p>\n\n\n\n<p class=\" eplus-wrapper\"><\/p>\n\n\n\n<p class=\" eplus-wrapper\"><\/p>\n\n\n\n<p class=\" eplus-wrapper\"><\/p>\n\n\n\n<p class=\" eplus-wrapper\"><\/p>\n\n\n\n<p class=\" eplus-wrapper\"><\/p>\n\n\n\n<div class=\"wp-block-buttons eplus-wrapper is-layout-flex wp-block-buttons-is-layout-flex\"><div class=\" wp-block-button eplus-wrapper eplus-styles-uid-91375a\"><a class=\"wp-block-button__link wp-element-button\" href=\"https:\/\/heritagehubkrakow.org\/pl\/holistic-heritage\/\" target=\"_blank\" rel=\"noreferrer noopener\">HOLISTIC HERITAGE PODCASTY<\/a><\/div><\/div>\n\n\n\n<div class=\"wp-block-group eplus-wrapper is-layout-constrained wp-block-group-is-layout-constrained\"><\/div>\n\n\n\n<div class=\"wp-block-group eplus-wrapper is-layout-constrained wp-block-group-is-layout-constrained\"><\/div>\n<\/div><\/div>\n\n<div class=\"is-style-section-container wp-block-group alignfull has-blue-light-background-color has-background eplus-wrapper is-layout-constrained wp-block-group-is-layout-constrained eplus-styles-uid-4c6cdd\"><\/div>\n\n<div class=\"is-style-section-container wp-block-group alignfull has-orange-background-color has-background eplus-wrapper is-layout-constrained wp-block-group-is-layout-constrained eplus-styles-uid-4c6cdd\">\n<div class=\"wp-block-group alignfull eplus-wrapper is-layout-constrained wp-block-group-is-layout-constrained\"><\/div>\n<\/div>","protected":false},"excerpt":{"rendered":"<p>Europejski Hub Dziedzictwa to jeden z najwi\u0119kszych projekt\u00f3w w zakresie dziedzictwa kulturowego obejmuj\u0105cy swym zasi\u0119giem ca\u0142\u0105 Europ\u0119, kt\u00f3rego celem jest wsparcie zielonej, spo\u0142ecznej i cyfrowej transformacji. W tym odcinku udajemy si\u0119 do Wenecji, gdzie we wrze\u015bniu 2023 r. Hub zorganizowa\u0142 swoje pierwsze publiczne forum.<\/p>\n","protected":false},"author":7,"featured_media":0,"comment_status":"open","ping_status":"open","sticky":false,"template":"","format":"standard","meta":{"_acf_changed":false,"editor_plus_copied_stylings":"{}","footnotes":""},"categories":[16],"tags":[275],"class_list":["post-7263","post","type-post","status-publish","format-standard","hentry","category-bez-kategorii","tag-dzialania-na-rzecz-klimatupodcastprojekt"],"acf":[],"yoast_head":"<!-- This site is optimized with the Yoast SEO plugin v23.8 - https:\/\/yoast.com\/wordpress\/plugins\/seo\/ -->\n<title>Nowy podcast: Europejski Hub Dziedzictwa - Europa Nostra<\/title>\n<meta name=\"robots\" content=\"index, follow, max-snippet:-1, max-image-preview:large, max-video-preview:-1\" \/>\n<link rel=\"canonical\" href=\"https:\/\/heritagehubkrakow.org\/pl\/nowy-podcast-europejski-hub-dziedzictwa\/\" \/>\n<meta property=\"og:locale\" content=\"pl_PL\" \/>\n<meta property=\"og:type\" content=\"article\" \/>\n<meta property=\"og:title\" content=\"Nowy podcast: Europejski Hub Dziedzictwa - Europa Nostra\" \/>\n<meta property=\"og:description\" content=\"Europejski Hub Dziedzictwa to jeden z najwi\u0119kszych projekt\u00f3w w zakresie dziedzictwa kulturowego obejmuj\u0105cy swym zasi\u0119giem ca\u0142\u0105 Europ\u0119, kt\u00f3rego celem jest wsparcie zielonej, spo\u0142ecznej i cyfrowej transformacji. W tym odcinku udajemy si\u0119 do Wenecji, gdzie we wrze\u015bniu 2023 r. Hub zorganizowa\u0142 swoje pierwsze publiczne forum.\" \/>\n<meta property=\"og:url\" content=\"https:\/\/heritagehubkrakow.org\/pl\/nowy-podcast-europejski-hub-dziedzictwa\/\" \/>\n<meta property=\"og:site_name\" content=\"Europa Nostra\" \/>\n<meta property=\"article:published_time\" content=\"2024-03-14T12:14:45+00:00\" \/>\n<meta name=\"author\" content=\"Lukasz\" \/>\n<meta name=\"twitter:card\" content=\"summary_large_image\" \/>\n<meta name=\"twitter:label1\" content=\"Napisane przez\" \/>\n\t<meta name=\"twitter:data1\" content=\"Lukasz\" \/>\n\t<meta name=\"twitter:label2\" content=\"Szacowany czas czytania\" \/>\n\t<meta name=\"twitter:data2\" content=\"2 minuty\" \/>\n<script type=\"application\/ld+json\" class=\"yoast-schema-graph\">{\"@context\":\"https:\/\/schema.org\",\"@graph\":[{\"@type\":\"Article\",\"@id\":\"https:\/\/heritagehubkrakow.org\/pl\/nowy-podcast-europejski-hub-dziedzictwa\/#article\",\"isPartOf\":{\"@id\":\"https:\/\/heritagehubkrakow.org\/pl\/nowy-podcast-europejski-hub-dziedzictwa\/\"},\"author\":{\"name\":\"Lukasz\",\"@id\":\"https:\/\/heritagehubkrakow.org\/pl\/#\/schema\/person\/112a7abbe48503b2f32e56abc46af660\"},\"headline\":\"Nowy podcast: Europejski Hub Dziedzictwa\",\"datePublished\":\"2024-03-14T12:14:45+00:00\",\"dateModified\":\"2024-03-14T12:14:45+00:00\",\"mainEntityOfPage\":{\"@id\":\"https:\/\/heritagehubkrakow.org\/pl\/nowy-podcast-europejski-hub-dziedzictwa\/\"},\"wordCount\":360,\"commentCount\":0,\"publisher\":{\"@id\":\"https:\/\/heritagehubkrakow.org\/pl\/#organization\"},\"image\":{\"@id\":\"https:\/\/heritagehubkrakow.org\/pl\/nowy-podcast-europejski-hub-dziedzictwa\/#primaryimage\"},\"thumbnailUrl\":\"https:\/\/heritagehubkrakow.org\/wp-content\/uploads\/2024\/03\/LEkWw_AYciez.jpg\",\"keywords\":[\"Dzia\u0142ania na rzecz klimatu|Podcast|Projekt\"],\"inLanguage\":\"pl-PL\",\"potentialAction\":[{\"@type\":\"CommentAction\",\"name\":\"Comment\",\"target\":[\"https:\/\/heritagehubkrakow.org\/pl\/nowy-podcast-europejski-hub-dziedzictwa\/#respond\"]}]},{\"@type\":\"WebPage\",\"@id\":\"https:\/\/heritagehubkrakow.org\/pl\/nowy-podcast-europejski-hub-dziedzictwa\/\",\"url\":\"https:\/\/heritagehubkrakow.org\/pl\/nowy-podcast-europejski-hub-dziedzictwa\/\",\"name\":\"Nowy podcast: Europejski Hub Dziedzictwa - Europa Nostra\",\"isPartOf\":{\"@id\":\"https:\/\/heritagehubkrakow.org\/pl\/#website\"},\"primaryImageOfPage\":{\"@id\":\"https:\/\/heritagehubkrakow.org\/pl\/nowy-podcast-europejski-hub-dziedzictwa\/#primaryimage\"},\"image\":{\"@id\":\"https:\/\/heritagehubkrakow.org\/pl\/nowy-podcast-europejski-hub-dziedzictwa\/#primaryimage\"},\"thumbnailUrl\":\"https:\/\/heritagehubkrakow.org\/wp-content\/uploads\/2024\/03\/LEkWw_AYciez.jpg\",\"datePublished\":\"2024-03-14T12:14:45+00:00\",\"dateModified\":\"2024-03-14T12:14:45+00:00\",\"breadcrumb\":{\"@id\":\"https:\/\/heritagehubkrakow.org\/pl\/nowy-podcast-europejski-hub-dziedzictwa\/#breadcrumb\"},\"inLanguage\":\"pl-PL\",\"potentialAction\":[{\"@type\":\"ReadAction\",\"target\":[\"https:\/\/heritagehubkrakow.org\/pl\/nowy-podcast-europejski-hub-dziedzictwa\/\"]}]},{\"@type\":\"ImageObject\",\"inLanguage\":\"pl-PL\",\"@id\":\"https:\/\/heritagehubkrakow.org\/pl\/nowy-podcast-europejski-hub-dziedzictwa\/#primaryimage\",\"url\":\"https:\/\/heritagehubkrakow.org\/wp-content\/uploads\/2024\/03\/LEkWw_AYciez.jpg\",\"contentUrl\":\"https:\/\/heritagehubkrakow.org\/wp-content\/uploads\/2024\/03\/LEkWw_AYciez.jpg\"},{\"@type\":\"BreadcrumbList\",\"@id\":\"https:\/\/heritagehubkrakow.org\/pl\/nowy-podcast-europejski-hub-dziedzictwa\/#breadcrumb\",\"itemListElement\":[{\"@type\":\"ListItem\",\"position\":1,\"name\":\"Homepage\",\"item\":\"https:\/\/heritagehubkrakow.org\/pl\/\"},{\"@type\":\"ListItem\",\"position\":2,\"name\":\"Nowy podcast: Europejski Hub Dziedzictwa\"}]},{\"@type\":\"WebSite\",\"@id\":\"https:\/\/heritagehubkrakow.org\/pl\/#website\",\"url\":\"https:\/\/heritagehubkrakow.org\/pl\/\",\"name\":\"Europa Nostra\",\"description\":\"Heritage Hub for Central and Eastern Europe\",\"publisher\":{\"@id\":\"https:\/\/heritagehubkrakow.org\/pl\/#organization\"},\"potentialAction\":[{\"@type\":\"SearchAction\",\"target\":{\"@type\":\"EntryPoint\",\"urlTemplate\":\"https:\/\/heritagehubkrakow.org\/pl\/?s={search_term_string}\"},\"query-input\":{\"@type\":\"PropertyValueSpecification\",\"valueRequired\":true,\"valueName\":\"search_term_string\"}}],\"inLanguage\":\"pl-PL\"},{\"@type\":\"Organization\",\"@id\":\"https:\/\/heritagehubkrakow.org\/pl\/#organization\",\"name\":\"Europa Nostra\",\"url\":\"https:\/\/heritagehubkrakow.org\/pl\/\",\"logo\":{\"@type\":\"ImageObject\",\"inLanguage\":\"pl-PL\",\"@id\":\"https:\/\/heritagehubkrakow.org\/pl\/#\/schema\/logo\/image\/\",\"url\":\"https:\/\/heritagehubkrakow.org\/wp-content\/uploads\/2023\/01\/europa-logo.png\",\"contentUrl\":\"https:\/\/heritagehubkrakow.org\/wp-content\/uploads\/2023\/01\/europa-logo.png\",\"width\":218,\"height\":237,\"caption\":\"Europa Nostra\"},\"image\":{\"@id\":\"https:\/\/heritagehubkrakow.org\/pl\/#\/schema\/logo\/image\/\"}},{\"@type\":\"Person\",\"@id\":\"https:\/\/heritagehubkrakow.org\/pl\/#\/schema\/person\/112a7abbe48503b2f32e56abc46af660\",\"name\":\"Lukasz\",\"image\":{\"@type\":\"ImageObject\",\"inLanguage\":\"pl-PL\",\"@id\":\"https:\/\/heritagehubkrakow.org\/pl\/#\/schema\/person\/image\/\",\"url\":\"https:\/\/secure.gravatar.com\/avatar\/ad98e1210139ce861e9a29f33990fb143471357f24b3f9df1095f3e51e7a4f52?s=96&d=mm&r=g\",\"contentUrl\":\"https:\/\/secure.gravatar.com\/avatar\/ad98e1210139ce861e9a29f33990fb143471357f24b3f9df1095f3e51e7a4f52?s=96&d=mm&r=g\",\"caption\":\"Lukasz\"},\"url\":\"https:\/\/heritagehubkrakow.org\/pl\/author\/lukasz-pierog\/\"}]}<\/script>\n<!-- \/ Yoast SEO plugin. -->","yoast_head_json":{"title":"Nowy podcast: Europejski Hub Dziedzictwa - Europa Nostra","robots":{"index":"index","follow":"follow","max-snippet":"max-snippet:-1","max-image-preview":"max-image-preview:large","max-video-preview":"max-video-preview:-1"},"canonical":"https:\/\/heritagehubkrakow.org\/pl\/nowy-podcast-europejski-hub-dziedzictwa\/","og_locale":"pl_PL","og_type":"article","og_title":"Nowy podcast: Europejski Hub Dziedzictwa - Europa Nostra","og_description":"Europejski Hub Dziedzictwa to jeden z najwi\u0119kszych projekt\u00f3w w zakresie dziedzictwa kulturowego obejmuj\u0105cy swym zasi\u0119giem ca\u0142\u0105 Europ\u0119, kt\u00f3rego celem jest wsparcie zielonej, spo\u0142ecznej i cyfrowej transformacji. W tym odcinku udajemy si\u0119 do Wenecji, gdzie we wrze\u015bniu 2023 r. Hub zorganizowa\u0142 swoje pierwsze publiczne forum.","og_url":"https:\/\/heritagehubkrakow.org\/pl\/nowy-podcast-europejski-hub-dziedzictwa\/","og_site_name":"Europa Nostra","article_published_time":"2024-03-14T12:14:45+00:00","author":"Lukasz","twitter_card":"summary_large_image","twitter_misc":{"Napisane przez":"Lukasz","Szacowany czas czytania":"2 minuty"},"schema":{"@context":"https:\/\/schema.org","@graph":[{"@type":"Article","@id":"https:\/\/heritagehubkrakow.org\/pl\/nowy-podcast-europejski-hub-dziedzictwa\/#article","isPartOf":{"@id":"https:\/\/heritagehubkrakow.org\/pl\/nowy-podcast-europejski-hub-dziedzictwa\/"},"author":{"name":"Lukasz","@id":"https:\/\/heritagehubkrakow.org\/pl\/#\/schema\/person\/112a7abbe48503b2f32e56abc46af660"},"headline":"Nowy podcast: Europejski Hub Dziedzictwa","datePublished":"2024-03-14T12:14:45+00:00","dateModified":"2024-03-14T12:14:45+00:00","mainEntityOfPage":{"@id":"https:\/\/heritagehubkrakow.org\/pl\/nowy-podcast-europejski-hub-dziedzictwa\/"},"wordCount":360,"commentCount":0,"publisher":{"@id":"https:\/\/heritagehubkrakow.org\/pl\/#organization"},"image":{"@id":"https:\/\/heritagehubkrakow.org\/pl\/nowy-podcast-europejski-hub-dziedzictwa\/#primaryimage"},"thumbnailUrl":"https:\/\/heritagehubkrakow.org\/wp-content\/uploads\/2024\/03\/LEkWw_AYciez.jpg","keywords":["Dzia\u0142ania na rzecz klimatu|Podcast|Projekt"],"inLanguage":"pl-PL","potentialAction":[{"@type":"CommentAction","name":"Comment","target":["https:\/\/heritagehubkrakow.org\/pl\/nowy-podcast-europejski-hub-dziedzictwa\/#respond"]}]},{"@type":"WebPage","@id":"https:\/\/heritagehubkrakow.org\/pl\/nowy-podcast-europejski-hub-dziedzictwa\/","url":"https:\/\/heritagehubkrakow.org\/pl\/nowy-podcast-europejski-hub-dziedzictwa\/","name":"Nowy podcast: Europejski Hub Dziedzictwa - Europa Nostra","isPartOf":{"@id":"https:\/\/heritagehubkrakow.org\/pl\/#website"},"primaryImageOfPage":{"@id":"https:\/\/heritagehubkrakow.org\/pl\/nowy-podcast-europejski-hub-dziedzictwa\/#primaryimage"},"image":{"@id":"https:\/\/heritagehubkrakow.org\/pl\/nowy-podcast-europejski-hub-dziedzictwa\/#primaryimage"},"thumbnailUrl":"https:\/\/heritagehubkrakow.org\/wp-content\/uploads\/2024\/03\/LEkWw_AYciez.jpg","datePublished":"2024-03-14T12:14:45+00:00","dateModified":"2024-03-14T12:14:45+00:00","breadcrumb":{"@id":"https:\/\/heritagehubkrakow.org\/pl\/nowy-podcast-europejski-hub-dziedzictwa\/#breadcrumb"},"inLanguage":"pl-PL","potentialAction":[{"@type":"ReadAction","target":["https:\/\/heritagehubkrakow.org\/pl\/nowy-podcast-europejski-hub-dziedzictwa\/"]}]},{"@type":"ImageObject","inLanguage":"pl-PL","@id":"https:\/\/heritagehubkrakow.org\/pl\/nowy-podcast-europejski-hub-dziedzictwa\/#primaryimage","url":"https:\/\/heritagehubkrakow.org\/wp-content\/uploads\/2024\/03\/LEkWw_AYciez.jpg","contentUrl":"https:\/\/heritagehubkrakow.org\/wp-content\/uploads\/2024\/03\/LEkWw_AYciez.jpg"},{"@type":"BreadcrumbList","@id":"https:\/\/heritagehubkrakow.org\/pl\/nowy-podcast-europejski-hub-dziedzictwa\/#breadcrumb","itemListElement":[{"@type":"ListItem","position":1,"name":"Homepage","item":"https:\/\/heritagehubkrakow.org\/pl\/"},{"@type":"ListItem","position":2,"name":"Nowy podcast: Europejski Hub Dziedzictwa"}]},{"@type":"WebSite","@id":"https:\/\/heritagehubkrakow.org\/pl\/#website","url":"https:\/\/heritagehubkrakow.org\/pl\/","name":"Europa Nostra","description":"Heritage Hub for Central and Eastern Europe","publisher":{"@id":"https:\/\/heritagehubkrakow.org\/pl\/#organization"},"potentialAction":[{"@type":"SearchAction","target":{"@type":"EntryPoint","urlTemplate":"https:\/\/heritagehubkrakow.org\/pl\/?s={search_term_string}"},"query-input":{"@type":"PropertyValueSpecification","valueRequired":true,"valueName":"search_term_string"}}],"inLanguage":"pl-PL"},{"@type":"Organization","@id":"https:\/\/heritagehubkrakow.org\/pl\/#organization","name":"Europa Nostra","url":"https:\/\/heritagehubkrakow.org\/pl\/","logo":{"@type":"ImageObject","inLanguage":"pl-PL","@id":"https:\/\/heritagehubkrakow.org\/pl\/#\/schema\/logo\/image\/","url":"https:\/\/heritagehubkrakow.org\/wp-content\/uploads\/2023\/01\/europa-logo.png","contentUrl":"https:\/\/heritagehubkrakow.org\/wp-content\/uploads\/2023\/01\/europa-logo.png","width":218,"height":237,"caption":"Europa Nostra"},"image":{"@id":"https:\/\/heritagehubkrakow.org\/pl\/#\/schema\/logo\/image\/"}},{"@type":"Person","@id":"https:\/\/heritagehubkrakow.org\/pl\/#\/schema\/person\/112a7abbe48503b2f32e56abc46af660","name":"Lukasz","image":{"@type":"ImageObject","inLanguage":"pl-PL","@id":"https:\/\/heritagehubkrakow.org\/pl\/#\/schema\/person\/image\/","url":"https:\/\/secure.gravatar.com\/avatar\/ad98e1210139ce861e9a29f33990fb143471357f24b3f9df1095f3e51e7a4f52?s=96&d=mm&r=g","contentUrl":"https:\/\/secure.gravatar.com\/avatar\/ad98e1210139ce861e9a29f33990fb143471357f24b3f9df1095f3e51e7a4f52?s=96&d=mm&r=g","caption":"Lukasz"},"url":"https:\/\/heritagehubkrakow.org\/pl\/author\/lukasz-pierog\/"}]}},"_links":{"self":[{"href":"https:\/\/heritagehubkrakow.org\/pl\/wp-json\/wp\/v2\/posts\/7263","targetHints":{"allow":["GET"]}}],"collection":[{"href":"https:\/\/heritagehubkrakow.org\/pl\/wp-json\/wp\/v2\/posts"}],"about":[{"href":"https:\/\/heritagehubkrakow.org\/pl\/wp-json\/wp\/v2\/types\/post"}],"author":[{"embeddable":true,"href":"https:\/\/heritagehubkrakow.org\/pl\/wp-json\/wp\/v2\/users\/7"}],"replies":[{"embeddable":true,"href":"https:\/\/heritagehubkrakow.org\/pl\/wp-json\/wp\/v2\/comments?post=7263"}],"version-history":[{"count":0,"href":"https:\/\/heritagehubkrakow.org\/pl\/wp-json\/wp\/v2\/posts\/7263\/revisions"}],"wp:attachment":[{"href":"https:\/\/heritagehubkrakow.org\/pl\/wp-json\/wp\/v2\/media?parent=7263"}],"wp:term":[{"taxonomy":"category","embeddable":true,"href":"https:\/\/heritagehubkrakow.org\/pl\/wp-json\/wp\/v2\/categories?post=7263"},{"taxonomy":"post_tag","embeddable":true,"href":"https:\/\/heritagehubkrakow.org\/pl\/wp-json\/wp\/v2\/tags?post=7263"}],"curies":[{"name":"wp","href":"https:\/\/api.w.org\/{rel}","templated":true}]}}