{"id":7553,"date":"2025-03-28T10:06:13","date_gmt":"2025-03-28T10:06:13","guid":{"rendered":"https:\/\/heritagehubkrakow.org\/?p=7553"},"modified":"2025-05-06T09:28:56","modified_gmt":"2025-05-06T09:28:56","slug":"dziekujemy-za-trzy-lata-wspolpracy","status":"publish","type":"post","link":"https:\/\/heritagehubkrakow.org\/pl\/dziekujemy-za-trzy-lata-wspolpracy\/","title":{"rendered":"Dzi\u0119kujemy za trzy lata wsp\u00f3\u0142pracy!"},"content":{"rendered":"<div class=\"is-style-section-container, has-white-text is-style-section-container wp-block-group alignfull has-red-background-color has-background eplus-wrapper is-layout-constrained wp-block-group-is-layout-constrained eplus-styles-uid-2d17b3\"><div class=\"is-style-section-container wp-block-group alignfull eplus-wrapper is-layout-constrained wp-block-group-is-layout-constrained eplus-styles-uid-38b380\"><div class=\"has-white-text wp-block-group alignfull has-white-color has-text-color eplus-wrapper is-layout-constrained wp-block-group-is-layout-constrained eplus-styles-uid-0ed7c1\"><h1 class=\" wp-block-heading has-text-align-center eplus-wrapper eplus-styles-uid-49faf1\">Dzi\u0119kujemy za trzy lata wsp\u00f3\u0142pracy!<\/h1>\n\n<div class=\"yoast-breadcrumbs\"><span><span><a href=\"https:\/\/heritagehubkrakow.org\/pl\/\">Homepage<\/a><\/span> &#8211; <span class=\"breadcrumb_last\" aria-current=\"page\">Dzi\u0119kujemy za trzy lata wsp\u00f3\u0142pracy!<\/span><\/span><\/div><\/div><\/div><\/div>\n\n<div class=\"is-style-section-container wp-block-group alignfull has-green-dark-background-color has-background eplus-wrapper is-layout-constrained wp-block-group-is-layout-constrained eplus-styles-uid-4c6cdd\"><div class=\"wp-block-group alignfull has-green-dark-background-color has-background eplus-wrapper is-layout-constrained wp-block-group-is-layout-constrained eplus-styles-uid-24f6f4\">\n<div class=\"wp-block-group eplus-wrapper is-layout-constrained wp-block-group-is-layout-constrained\"><div class=\"wp-block-group eplus-wrapper is-content-justification-center is-layout-flex wp-container-core-group-is-layout-8ee2ad45 wp-block-group-is-layout-flex eplus-styles-uid-117bd0\"><div class=\"article-date wp-block-post-date\"><time datetime=\"2025-03-28T10:06:13+00:00\">28 marca 2025<\/time><\/div><\/div>\n\n<div class=\"wp-block-group eplus-wrapper is-layout-constrained wp-block-group-is-layout-constrained eplus-styles-uid-ba2e4b\"><\/div><\/div>\n\n\n\n<p class=\" eplus-wrapper\"><strong>Z ko\u0144cem marca Zesp\u00f3\u0142 Europa Nostra Heritage Hub for Central and Eastern Europe opuszcza dr Konrad Ko\u0142odziejczyk, kt\u00f3ry od samego pocz\u0105tku, czyli od lipca 2022 roku, by\u0142 jego cz\u0119\u015bci\u0105, pe\u0142ni\u0105c rol\u0119 kierownika administracyjnego. Swoim zaanga\u017cowaniem i profesjonalizmem znacz\u0105co przyczyni\u0142y si\u0119 do rozwoju naszego Huba, b\u0119d\u0105c kluczow\u0105 postaci\u0105 w realizacji licznych projekt\u00f3w i inicjatyw.<\/strong><\/p>\n\n\n\n<p class=\" eplus-wrapper\">Bardzo dzi\u0119kujemy dr. Konradowi Ko\u0142odziejczykowi za prawie 3-letni\u0105, owocn\u0105 wsp\u00f3\u0142prac\u0119 i \u017cyczymy dalszych sukces\u00f3w zawodowych. Do tej pory swoje obowi\u0105zki administracyjne \u0142\u0105czy\u0142 on z prac\u0105 naukow\u0105, pracuj\u0105c w Zak\u0142adzie Atlasu Historycznego (Pracownia Historii Cyfrowej) Instytutu Historii im. Tadeusza Manteuffla Polskiej Akademii Nauk i b\u0119d\u0105c sekretarzem naukowym czasopisma ,,Studia Geohistorica&#8221;. Teraz nadszed\u0142 czas, by w pe\u0142ni po\u015bwi\u0119ci\u0107 si\u0119 nauce i badanom historycznym.<\/p>\n\n\n\n<p class=\" eplus-wrapper\">Badania dr. Konrada Ko\u0142odziejczyka koncentruj\u0105 si\u0119 na takich zagadnieniach jak demografia historyczna, historia cyfrowa, przestrzenny wymiar bada\u0144 historycznych, genealogia oraz historia spo\u0142eczna. W 2024 roku dr Ko\u0142odziejczyk wyda\u0142 ksi\u0105\u017ck\u0119 zatytu\u0142owan\u0105 \u201eLudno\u015b\u0107 chrze\u015bcija\u0144skiego Kazimierza pod Krakowem w XVIII wieku. Studium spo\u0142eczno-demograficzne\u201d. Publikacja ta oferuje wgl\u0105d w \u017cycie staropolskiej rodziny i ukazuje rol\u0119 migracji w kszta\u0142towaniu si\u0119 miasta. Wbrew powszechnej opinii, kt\u00f3ra kojarzy Kazimierz przede wszystkim z ludno\u015bci\u0105 \u017cydowsk\u0105, ksi\u0105\u017cka podkre\u015bla fakt, \u017ce a\u017c do ko\u0144ca XVIII wieku miasto by\u0142o niemal w ca\u0142o\u015bci zamieszkane przez chrze\u015bcijan. <a href=\"https:\/\/akademicka.com.pl\/index.php?a=2&amp;detale=1&amp;id=77740\">Gor\u0105co zach\u0119camy do lektury!<\/a><\/p>\n\n\n\n<p class=\" eplus-wrapper\"><\/p>\n\n\n\n<figure class=\"wp-block-gallery has-nested-images columns-default is-cropped eplus-wrapper wp-block-gallery-1\">\n<figure class=\" wp-block-image size-large eplus-wrapper\"><img loading=\"lazy\" decoding=\"async\" width=\"600\" height=\"863\" data-id=\"7551\" src=\"https:\/\/heritagehubkrakow.org\/wp-content\/uploads\/2025\/03\/26-2-25-600x863-1.jpg\" alt=\"\" class=\"wp-image-7551\" srcset=\"https:\/\/heritagehubkrakow.org\/wp-content\/uploads\/2025\/03\/26-2-25-600x863-1.jpg 600w, https:\/\/heritagehubkrakow.org\/wp-content\/uploads\/2025\/03\/26-2-25-600x863-1-209x300.jpg 209w\" sizes=\"auto, (max-width: 600px) 100vw, 600px\" \/><\/figure>\n\n\n\n<figure class=\" wp-block-image size-large eplus-wrapper\"><img loading=\"lazy\" decoding=\"async\" width=\"750\" height=\"750\" data-id=\"6999\" src=\"https:\/\/heritagehubkrakow.org\/wp-content\/uploads\/2025\/01\/PZM6707_241129.jpg\" alt=\"\" class=\"wp-image-6999\" srcset=\"https:\/\/heritagehubkrakow.org\/wp-content\/uploads\/2025\/01\/PZM6707_241129.jpg 750w, https:\/\/heritagehubkrakow.org\/wp-content\/uploads\/2025\/01\/PZM6707_241129-300x300.jpg 300w, https:\/\/heritagehubkrakow.org\/wp-content\/uploads\/2025\/01\/PZM6707_241129-150x150.jpg 150w\" sizes=\"auto, (max-width: 750px) 100vw, 750px\" \/><\/figure>\n<\/figure>\n\n\n\n<p class=\" eplus-wrapper\"><\/p>\n\n\n\n<div class=\"wp-block-buttons eplus-wrapper is-layout-flex wp-block-buttons-is-layout-flex\"><\/div>\n\n\n\n<div class=\"wp-block-group eplus-wrapper is-layout-constrained wp-block-group-is-layout-constrained\"><\/div>\n<\/div><\/div>\n\n<div class=\"is-style-section-container wp-block-group alignfull has-blue-light-background-color has-background eplus-wrapper is-layout-constrained wp-block-group-is-layout-constrained eplus-styles-uid-4c6cdd\"><\/div>\n\n<div class=\"is-style-section-container wp-block-group alignfull has-orange-background-color has-background eplus-wrapper is-layout-constrained wp-block-group-is-layout-constrained eplus-styles-uid-4c6cdd\">\n<div class=\"wp-block-group alignfull eplus-wrapper is-layout-constrained wp-block-group-is-layout-constrained\"><\/div>\n<\/div>","protected":false},"excerpt":{"rendered":"<p>To ostatni dzie\u0144 pracy z nami dr. Konrada Ko\u0142odziejczyka, nieocenionego kierownika administracyjnego Huba Europa Nostra. Nie \u017cegnamy si\u0119, lecz m\u00f3wimy do widzenia i jednocze\u015bnie polecamy jego najnowsz\u0105 ksi\u0105\u017ck\u0119 po\u015bwi\u0119con\u0105 mieszka\u0144com osiemnastowiecznego Kazimierza pod Krakowem.<\/p>\n","protected":false},"author":7,"featured_media":7000,"comment_status":"open","ping_status":"open","sticky":true,"template":"","format":"standard","meta":{"_acf_changed":false,"editor_plus_copied_stylings":"{}","footnotes":""},"categories":[16],"tags":[],"class_list":["post-7553","post","type-post","status-publish","format-standard","has-post-thumbnail","hentry","category-bez-kategorii"],"acf":[],"yoast_head":"<!-- This site is optimized with the Yoast SEO plugin v23.8 - https:\/\/yoast.com\/wordpress\/plugins\/seo\/ -->\n<title>Dzi\u0119kujemy za trzy lata wsp\u00f3\u0142pracy! - Europa Nostra<\/title>\n<meta name=\"description\" content=\"To ostatni dzie\u0144 pracy z nami dr. Konrada Ko\u0142odziejczyka, nieocenionego kierownika administracyjnego Huba Europa Nostra. Nie \u017cegnamy si\u0119, lecz m\u00f3wimy do widzenia i jednocze\u015bnie polecamy jego najnowsz\u0105 ksi\u0105\u017ck\u0119 po\u015bwi\u0119con\u0105 mieszka\u0144com osiemnastowiecznego Kazimierza pod Krakowem.\" \/>\n<meta name=\"robots\" content=\"index, follow, max-snippet:-1, max-image-preview:large, max-video-preview:-1\" \/>\n<link rel=\"canonical\" href=\"https:\/\/heritagehubkrakow.org\/pl\/dziekujemy-za-trzy-lata-wspolpracy\/\" \/>\n<meta property=\"og:locale\" content=\"pl_PL\" \/>\n<meta property=\"og:type\" content=\"article\" \/>\n<meta property=\"og:title\" content=\"Dzi\u0119kujemy za trzy lata wsp\u00f3\u0142pracy! - Europa Nostra\" \/>\n<meta property=\"og:description\" content=\"To ostatni dzie\u0144 pracy z nami dr. Konrada Ko\u0142odziejczyka, nieocenionego kierownika administracyjnego Huba Europa Nostra. Nie \u017cegnamy si\u0119, lecz m\u00f3wimy do widzenia i jednocze\u015bnie polecamy jego najnowsz\u0105 ksi\u0105\u017ck\u0119 po\u015bwi\u0119con\u0105 mieszka\u0144com osiemnastowiecznego Kazimierza pod Krakowem.\" \/>\n<meta property=\"og:url\" content=\"https:\/\/heritagehubkrakow.org\/pl\/dziekujemy-za-trzy-lata-wspolpracy\/\" \/>\n<meta property=\"og:site_name\" content=\"Europa Nostra\" \/>\n<meta property=\"article:published_time\" content=\"2025-03-28T10:06:13+00:00\" \/>\n<meta property=\"article:modified_time\" content=\"2025-05-06T09:28:56+00:00\" \/>\n<meta property=\"og:image\" content=\"https:\/\/heritagehubkrakow.org\/wp-content\/uploads\/2025\/01\/PZM6707_241129.jpg\" \/>\n\t<meta property=\"og:image:width\" content=\"750\" \/>\n\t<meta property=\"og:image:height\" content=\"750\" \/>\n\t<meta property=\"og:image:type\" content=\"image\/jpeg\" \/>\n<meta name=\"author\" content=\"Lukasz\" \/>\n<meta name=\"twitter:card\" content=\"summary_large_image\" \/>\n<meta name=\"twitter:label1\" content=\"Napisane przez\" \/>\n\t<meta name=\"twitter:data1\" content=\"Lukasz\" \/>\n\t<meta name=\"twitter:label2\" content=\"Szacowany czas czytania\" \/>\n\t<meta name=\"twitter:data2\" content=\"2 minuty\" \/>\n<script type=\"application\/ld+json\" class=\"yoast-schema-graph\">{\"@context\":\"https:\/\/schema.org\",\"@graph\":[{\"@type\":\"Article\",\"@id\":\"https:\/\/heritagehubkrakow.org\/pl\/dziekujemy-za-trzy-lata-wspolpracy\/#article\",\"isPartOf\":{\"@id\":\"https:\/\/heritagehubkrakow.org\/pl\/dziekujemy-za-trzy-lata-wspolpracy\/\"},\"author\":{\"name\":\"Lukasz\",\"@id\":\"https:\/\/heritagehubkrakow.org\/pl\/#\/schema\/person\/112a7abbe48503b2f32e56abc46af660\"},\"headline\":\"Dzi\u0119kujemy za trzy lata wsp\u00f3\u0142pracy!\",\"datePublished\":\"2025-03-28T10:06:13+00:00\",\"dateModified\":\"2025-05-06T09:28:56+00:00\",\"mainEntityOfPage\":{\"@id\":\"https:\/\/heritagehubkrakow.org\/pl\/dziekujemy-za-trzy-lata-wspolpracy\/\"},\"wordCount\":260,\"commentCount\":0,\"publisher\":{\"@id\":\"https:\/\/heritagehubkrakow.org\/pl\/#organization\"},\"image\":{\"@id\":\"https:\/\/heritagehubkrakow.org\/pl\/dziekujemy-za-trzy-lata-wspolpracy\/#primaryimage\"},\"thumbnailUrl\":\"https:\/\/heritagehubkrakow.org\/wp-content\/uploads\/2025\/01\/PZM6707_241129.jpg\",\"inLanguage\":\"pl-PL\",\"potentialAction\":[{\"@type\":\"CommentAction\",\"name\":\"Comment\",\"target\":[\"https:\/\/heritagehubkrakow.org\/pl\/dziekujemy-za-trzy-lata-wspolpracy\/#respond\"]}]},{\"@type\":\"WebPage\",\"@id\":\"https:\/\/heritagehubkrakow.org\/pl\/dziekujemy-za-trzy-lata-wspolpracy\/\",\"url\":\"https:\/\/heritagehubkrakow.org\/pl\/dziekujemy-za-trzy-lata-wspolpracy\/\",\"name\":\"Dzi\u0119kujemy za trzy lata wsp\u00f3\u0142pracy! - Europa Nostra\",\"isPartOf\":{\"@id\":\"https:\/\/heritagehubkrakow.org\/pl\/#website\"},\"primaryImageOfPage\":{\"@id\":\"https:\/\/heritagehubkrakow.org\/pl\/dziekujemy-za-trzy-lata-wspolpracy\/#primaryimage\"},\"image\":{\"@id\":\"https:\/\/heritagehubkrakow.org\/pl\/dziekujemy-za-trzy-lata-wspolpracy\/#primaryimage\"},\"thumbnailUrl\":\"https:\/\/heritagehubkrakow.org\/wp-content\/uploads\/2025\/01\/PZM6707_241129.jpg\",\"datePublished\":\"2025-03-28T10:06:13+00:00\",\"dateModified\":\"2025-05-06T09:28:56+00:00\",\"description\":\"To ostatni dzie\u0144 pracy z nami dr. Konrada Ko\u0142odziejczyka, nieocenionego kierownika administracyjnego Huba Europa Nostra. Nie \u017cegnamy si\u0119, lecz m\u00f3wimy do widzenia i jednocze\u015bnie polecamy jego najnowsz\u0105 ksi\u0105\u017ck\u0119 po\u015bwi\u0119con\u0105 mieszka\u0144com osiemnastowiecznego Kazimierza pod Krakowem.\",\"breadcrumb\":{\"@id\":\"https:\/\/heritagehubkrakow.org\/pl\/dziekujemy-za-trzy-lata-wspolpracy\/#breadcrumb\"},\"inLanguage\":\"pl-PL\",\"potentialAction\":[{\"@type\":\"ReadAction\",\"target\":[\"https:\/\/heritagehubkrakow.org\/pl\/dziekujemy-za-trzy-lata-wspolpracy\/\"]}]},{\"@type\":\"ImageObject\",\"inLanguage\":\"pl-PL\",\"@id\":\"https:\/\/heritagehubkrakow.org\/pl\/dziekujemy-za-trzy-lata-wspolpracy\/#primaryimage\",\"url\":\"https:\/\/heritagehubkrakow.org\/wp-content\/uploads\/2025\/01\/PZM6707_241129.jpg\",\"contentUrl\":\"https:\/\/heritagehubkrakow.org\/wp-content\/uploads\/2025\/01\/PZM6707_241129.jpg\",\"width\":750,\"height\":750},{\"@type\":\"BreadcrumbList\",\"@id\":\"https:\/\/heritagehubkrakow.org\/pl\/dziekujemy-za-trzy-lata-wspolpracy\/#breadcrumb\",\"itemListElement\":[{\"@type\":\"ListItem\",\"position\":1,\"name\":\"Homepage\",\"item\":\"https:\/\/heritagehubkrakow.org\/pl\/\"},{\"@type\":\"ListItem\",\"position\":2,\"name\":\"Dzi\u0119kujemy za trzy lata wsp\u00f3\u0142pracy!\"}]},{\"@type\":\"WebSite\",\"@id\":\"https:\/\/heritagehubkrakow.org\/pl\/#website\",\"url\":\"https:\/\/heritagehubkrakow.org\/pl\/\",\"name\":\"Europa Nostra\",\"description\":\"Heritage Hub for Central and Eastern Europe\",\"publisher\":{\"@id\":\"https:\/\/heritagehubkrakow.org\/pl\/#organization\"},\"potentialAction\":[{\"@type\":\"SearchAction\",\"target\":{\"@type\":\"EntryPoint\",\"urlTemplate\":\"https:\/\/heritagehubkrakow.org\/pl\/?s={search_term_string}\"},\"query-input\":{\"@type\":\"PropertyValueSpecification\",\"valueRequired\":true,\"valueName\":\"search_term_string\"}}],\"inLanguage\":\"pl-PL\"},{\"@type\":\"Organization\",\"@id\":\"https:\/\/heritagehubkrakow.org\/pl\/#organization\",\"name\":\"Europa Nostra\",\"url\":\"https:\/\/heritagehubkrakow.org\/pl\/\",\"logo\":{\"@type\":\"ImageObject\",\"inLanguage\":\"pl-PL\",\"@id\":\"https:\/\/heritagehubkrakow.org\/pl\/#\/schema\/logo\/image\/\",\"url\":\"https:\/\/heritagehubkrakow.org\/wp-content\/uploads\/2023\/01\/europa-logo.png\",\"contentUrl\":\"https:\/\/heritagehubkrakow.org\/wp-content\/uploads\/2023\/01\/europa-logo.png\",\"width\":218,\"height\":237,\"caption\":\"Europa Nostra\"},\"image\":{\"@id\":\"https:\/\/heritagehubkrakow.org\/pl\/#\/schema\/logo\/image\/\"}},{\"@type\":\"Person\",\"@id\":\"https:\/\/heritagehubkrakow.org\/pl\/#\/schema\/person\/112a7abbe48503b2f32e56abc46af660\",\"name\":\"Lukasz\",\"image\":{\"@type\":\"ImageObject\",\"inLanguage\":\"pl-PL\",\"@id\":\"https:\/\/heritagehubkrakow.org\/pl\/#\/schema\/person\/image\/\",\"url\":\"https:\/\/secure.gravatar.com\/avatar\/ad98e1210139ce861e9a29f33990fb143471357f24b3f9df1095f3e51e7a4f52?s=96&d=mm&r=g\",\"contentUrl\":\"https:\/\/secure.gravatar.com\/avatar\/ad98e1210139ce861e9a29f33990fb143471357f24b3f9df1095f3e51e7a4f52?s=96&d=mm&r=g\",\"caption\":\"Lukasz\"},\"url\":\"https:\/\/heritagehubkrakow.org\/pl\/author\/lukasz-pierog\/\"}]}<\/script>\n<!-- \/ Yoast SEO plugin. -->","yoast_head_json":{"title":"Dzi\u0119kujemy za trzy lata wsp\u00f3\u0142pracy! - Europa Nostra","description":"To ostatni dzie\u0144 pracy z nami dr. Konrada Ko\u0142odziejczyka, nieocenionego kierownika administracyjnego Huba Europa Nostra. Nie \u017cegnamy si\u0119, lecz m\u00f3wimy do widzenia i jednocze\u015bnie polecamy jego najnowsz\u0105 ksi\u0105\u017ck\u0119 po\u015bwi\u0119con\u0105 mieszka\u0144com osiemnastowiecznego Kazimierza pod Krakowem.","robots":{"index":"index","follow":"follow","max-snippet":"max-snippet:-1","max-image-preview":"max-image-preview:large","max-video-preview":"max-video-preview:-1"},"canonical":"https:\/\/heritagehubkrakow.org\/pl\/dziekujemy-za-trzy-lata-wspolpracy\/","og_locale":"pl_PL","og_type":"article","og_title":"Dzi\u0119kujemy za trzy lata wsp\u00f3\u0142pracy! - Europa Nostra","og_description":"To ostatni dzie\u0144 pracy z nami dr. Konrada Ko\u0142odziejczyka, nieocenionego kierownika administracyjnego Huba Europa Nostra. Nie \u017cegnamy si\u0119, lecz m\u00f3wimy do widzenia i jednocze\u015bnie polecamy jego najnowsz\u0105 ksi\u0105\u017ck\u0119 po\u015bwi\u0119con\u0105 mieszka\u0144com osiemnastowiecznego Kazimierza pod Krakowem.","og_url":"https:\/\/heritagehubkrakow.org\/pl\/dziekujemy-za-trzy-lata-wspolpracy\/","og_site_name":"Europa Nostra","article_published_time":"2025-03-28T10:06:13+00:00","article_modified_time":"2025-05-06T09:28:56+00:00","og_image":[{"width":750,"height":750,"url":"https:\/\/heritagehubkrakow.org\/wp-content\/uploads\/2025\/01\/PZM6707_241129.jpg","type":"image\/jpeg"}],"author":"Lukasz","twitter_card":"summary_large_image","twitter_misc":{"Napisane przez":"Lukasz","Szacowany czas czytania":"2 minuty"},"schema":{"@context":"https:\/\/schema.org","@graph":[{"@type":"Article","@id":"https:\/\/heritagehubkrakow.org\/pl\/dziekujemy-za-trzy-lata-wspolpracy\/#article","isPartOf":{"@id":"https:\/\/heritagehubkrakow.org\/pl\/dziekujemy-za-trzy-lata-wspolpracy\/"},"author":{"name":"Lukasz","@id":"https:\/\/heritagehubkrakow.org\/pl\/#\/schema\/person\/112a7abbe48503b2f32e56abc46af660"},"headline":"Dzi\u0119kujemy za trzy lata wsp\u00f3\u0142pracy!","datePublished":"2025-03-28T10:06:13+00:00","dateModified":"2025-05-06T09:28:56+00:00","mainEntityOfPage":{"@id":"https:\/\/heritagehubkrakow.org\/pl\/dziekujemy-za-trzy-lata-wspolpracy\/"},"wordCount":260,"commentCount":0,"publisher":{"@id":"https:\/\/heritagehubkrakow.org\/pl\/#organization"},"image":{"@id":"https:\/\/heritagehubkrakow.org\/pl\/dziekujemy-za-trzy-lata-wspolpracy\/#primaryimage"},"thumbnailUrl":"https:\/\/heritagehubkrakow.org\/wp-content\/uploads\/2025\/01\/PZM6707_241129.jpg","inLanguage":"pl-PL","potentialAction":[{"@type":"CommentAction","name":"Comment","target":["https:\/\/heritagehubkrakow.org\/pl\/dziekujemy-za-trzy-lata-wspolpracy\/#respond"]}]},{"@type":"WebPage","@id":"https:\/\/heritagehubkrakow.org\/pl\/dziekujemy-za-trzy-lata-wspolpracy\/","url":"https:\/\/heritagehubkrakow.org\/pl\/dziekujemy-za-trzy-lata-wspolpracy\/","name":"Dzi\u0119kujemy za trzy lata wsp\u00f3\u0142pracy! - Europa Nostra","isPartOf":{"@id":"https:\/\/heritagehubkrakow.org\/pl\/#website"},"primaryImageOfPage":{"@id":"https:\/\/heritagehubkrakow.org\/pl\/dziekujemy-za-trzy-lata-wspolpracy\/#primaryimage"},"image":{"@id":"https:\/\/heritagehubkrakow.org\/pl\/dziekujemy-za-trzy-lata-wspolpracy\/#primaryimage"},"thumbnailUrl":"https:\/\/heritagehubkrakow.org\/wp-content\/uploads\/2025\/01\/PZM6707_241129.jpg","datePublished":"2025-03-28T10:06:13+00:00","dateModified":"2025-05-06T09:28:56+00:00","description":"To ostatni dzie\u0144 pracy z nami dr. Konrada Ko\u0142odziejczyka, nieocenionego kierownika administracyjnego Huba Europa Nostra. Nie \u017cegnamy si\u0119, lecz m\u00f3wimy do widzenia i jednocze\u015bnie polecamy jego najnowsz\u0105 ksi\u0105\u017ck\u0119 po\u015bwi\u0119con\u0105 mieszka\u0144com osiemnastowiecznego Kazimierza pod Krakowem.","breadcrumb":{"@id":"https:\/\/heritagehubkrakow.org\/pl\/dziekujemy-za-trzy-lata-wspolpracy\/#breadcrumb"},"inLanguage":"pl-PL","potentialAction":[{"@type":"ReadAction","target":["https:\/\/heritagehubkrakow.org\/pl\/dziekujemy-za-trzy-lata-wspolpracy\/"]}]},{"@type":"ImageObject","inLanguage":"pl-PL","@id":"https:\/\/heritagehubkrakow.org\/pl\/dziekujemy-za-trzy-lata-wspolpracy\/#primaryimage","url":"https:\/\/heritagehubkrakow.org\/wp-content\/uploads\/2025\/01\/PZM6707_241129.jpg","contentUrl":"https:\/\/heritagehubkrakow.org\/wp-content\/uploads\/2025\/01\/PZM6707_241129.jpg","width":750,"height":750},{"@type":"BreadcrumbList","@id":"https:\/\/heritagehubkrakow.org\/pl\/dziekujemy-za-trzy-lata-wspolpracy\/#breadcrumb","itemListElement":[{"@type":"ListItem","position":1,"name":"Homepage","item":"https:\/\/heritagehubkrakow.org\/pl\/"},{"@type":"ListItem","position":2,"name":"Dzi\u0119kujemy za trzy lata wsp\u00f3\u0142pracy!"}]},{"@type":"WebSite","@id":"https:\/\/heritagehubkrakow.org\/pl\/#website","url":"https:\/\/heritagehubkrakow.org\/pl\/","name":"Europa Nostra","description":"Heritage Hub for Central and Eastern Europe","publisher":{"@id":"https:\/\/heritagehubkrakow.org\/pl\/#organization"},"potentialAction":[{"@type":"SearchAction","target":{"@type":"EntryPoint","urlTemplate":"https:\/\/heritagehubkrakow.org\/pl\/?s={search_term_string}"},"query-input":{"@type":"PropertyValueSpecification","valueRequired":true,"valueName":"search_term_string"}}],"inLanguage":"pl-PL"},{"@type":"Organization","@id":"https:\/\/heritagehubkrakow.org\/pl\/#organization","name":"Europa Nostra","url":"https:\/\/heritagehubkrakow.org\/pl\/","logo":{"@type":"ImageObject","inLanguage":"pl-PL","@id":"https:\/\/heritagehubkrakow.org\/pl\/#\/schema\/logo\/image\/","url":"https:\/\/heritagehubkrakow.org\/wp-content\/uploads\/2023\/01\/europa-logo.png","contentUrl":"https:\/\/heritagehubkrakow.org\/wp-content\/uploads\/2023\/01\/europa-logo.png","width":218,"height":237,"caption":"Europa Nostra"},"image":{"@id":"https:\/\/heritagehubkrakow.org\/pl\/#\/schema\/logo\/image\/"}},{"@type":"Person","@id":"https:\/\/heritagehubkrakow.org\/pl\/#\/schema\/person\/112a7abbe48503b2f32e56abc46af660","name":"Lukasz","image":{"@type":"ImageObject","inLanguage":"pl-PL","@id":"https:\/\/heritagehubkrakow.org\/pl\/#\/schema\/person\/image\/","url":"https:\/\/secure.gravatar.com\/avatar\/ad98e1210139ce861e9a29f33990fb143471357f24b3f9df1095f3e51e7a4f52?s=96&d=mm&r=g","contentUrl":"https:\/\/secure.gravatar.com\/avatar\/ad98e1210139ce861e9a29f33990fb143471357f24b3f9df1095f3e51e7a4f52?s=96&d=mm&r=g","caption":"Lukasz"},"url":"https:\/\/heritagehubkrakow.org\/pl\/author\/lukasz-pierog\/"}]}},"_links":{"self":[{"href":"https:\/\/heritagehubkrakow.org\/pl\/wp-json\/wp\/v2\/posts\/7553","targetHints":{"allow":["GET"]}}],"collection":[{"href":"https:\/\/heritagehubkrakow.org\/pl\/wp-json\/wp\/v2\/posts"}],"about":[{"href":"https:\/\/heritagehubkrakow.org\/pl\/wp-json\/wp\/v2\/types\/post"}],"author":[{"embeddable":true,"href":"https:\/\/heritagehubkrakow.org\/pl\/wp-json\/wp\/v2\/users\/7"}],"replies":[{"embeddable":true,"href":"https:\/\/heritagehubkrakow.org\/pl\/wp-json\/wp\/v2\/comments?post=7553"}],"version-history":[{"count":2,"href":"https:\/\/heritagehubkrakow.org\/pl\/wp-json\/wp\/v2\/posts\/7553\/revisions"}],"predecessor-version":[{"id":7557,"href":"https:\/\/heritagehubkrakow.org\/pl\/wp-json\/wp\/v2\/posts\/7553\/revisions\/7557"}],"wp:featuredmedia":[{"embeddable":true,"href":"https:\/\/heritagehubkrakow.org\/pl\/wp-json\/wp\/v2\/media\/7000"}],"wp:attachment":[{"href":"https:\/\/heritagehubkrakow.org\/pl\/wp-json\/wp\/v2\/media?parent=7553"}],"wp:term":[{"taxonomy":"category","embeddable":true,"href":"https:\/\/heritagehubkrakow.org\/pl\/wp-json\/wp\/v2\/categories?post=7553"},{"taxonomy":"post_tag","embeddable":true,"href":"https:\/\/heritagehubkrakow.org\/pl\/wp-json\/wp\/v2\/tags?post=7553"}],"curies":[{"name":"wp","href":"https:\/\/api.w.org\/{rel}","templated":true}]}}