{"id":8924,"date":"2025-12-18T17:58:34","date_gmt":"2025-12-18T17:58:34","guid":{"rendered":"https:\/\/heritagehubkrakow.org\/?p=8924"},"modified":"2026-01-26T21:42:10","modified_gmt":"2026-01-26T21:42:10","slug":"narrative-heritage-network-wystartowala","status":"publish","type":"post","link":"https:\/\/heritagehubkrakow.org\/pl\/narrative-heritage-network-wystartowala\/","title":{"rendered":"Narrative Heritage Network wystartowa\u0142a"},"content":{"rendered":"<div class=\"is-style-section-container, has-white-text is-style-section-container wp-block-group alignfull has-red-background-color has-background eplus-wrapper is-layout-constrained wp-block-group-is-layout-constrained eplus-styles-uid-2d17b3\"><div class=\"is-style-section-container wp-block-group alignfull eplus-wrapper is-layout-constrained wp-block-group-is-layout-constrained eplus-styles-uid-38b380\"><div class=\"has-white-text wp-block-group alignfull has-white-color has-text-color eplus-wrapper is-layout-constrained wp-block-group-is-layout-constrained eplus-styles-uid-0ed7c1\"><h1 class=\" wp-block-heading has-text-align-center eplus-wrapper eplus-styles-uid-49faf1\">Narrative Heritage Network wystartowa\u0142a<\/h1>\n\n\n<p class=\" has-text-align-center eplus-wrapper\"><\/p>\n\n\n<div class=\"yoast-breadcrumbs\"><span><span><a href=\"https:\/\/heritagehubkrakow.org\/pl\/\">Homepage<\/a><\/span> &#8211; <span class=\"breadcrumb_last\" aria-current=\"page\">Narrative Heritage Network wystartowa\u0142a<\/span><\/span><\/div><\/div><\/div><\/div>\n\n<div class=\"is-style-section-container wp-block-group alignfull has-green-dark-background-color has-background eplus-wrapper is-layout-constrained wp-block-group-is-layout-constrained eplus-styles-uid-4c6cdd\"><div class=\"wp-block-group alignfull has-green-dark-background-color has-background eplus-wrapper is-layout-constrained wp-block-group-is-layout-constrained eplus-styles-uid-24f6f4\">\n<div class=\"wp-block-group eplus-wrapper is-layout-constrained wp-block-group-is-layout-constrained\"><div class=\"wp-block-group eplus-wrapper is-content-justification-center is-layout-flex wp-container-core-group-is-layout-8ee2ad45 wp-block-group-is-layout-flex eplus-styles-uid-117bd0\"><div class=\"article-date wp-block-post-date\"><time datetime=\"2025-12-18T17:58:34+00:00\">18 grudnia 2025<\/time><\/div><\/div>\n\n<div class=\"wp-block-group eplus-wrapper is-layout-constrained wp-block-group-is-layout-constrained eplus-styles-uid-ba2e4b\"><div class=\"taxonomy-post_tag has-text-align-center article-tags wp-block-post-terms eplus-styles-uid-d35575\"><a href=\"https:\/\/heritagehubkrakow.org\/pl\/tag\/dziedzictwo-kulturowe\/\" rel=\"tag\">Dziedzictwo kulturowe<\/a><span class=\"wp-block-post-terms__separator\"> <\/span><a href=\"https:\/\/heritagehubkrakow.org\/pl\/tag\/europa-nostra-pl\/\" rel=\"tag\">Europa Nostra<\/a><span class=\"wp-block-post-terms__suffix\"> <\/span><\/div><\/div><\/div>\n\n\n\n<p class=\" eplus-wrapper\"><strong>Pozw\u00f3l, \u017ce opowiem ci histori\u0119&#8230; Europa Nostra Heritage Hub w Krakowie we wtorek 16 grudnia zainaugurowa\u0142o Narrative Heritage Network \u2013 internetow\u0105 platform\u0119\u00a0wymiany pomys\u0142\u00f3w i do\u015bwiadcze\u0144 mi\u0119dzy ekspertami-praktykami, zajmuj\u0105cymi na co dzie\u0144 opowiadaniem o dziedzictwie.<\/strong><\/p>\n\n\n\n<p class=\" eplus-wrapper\">W pierwszym spotkaniu rozpoczynaj\u0105cym ten cykl uczestniczy\u0142o ponad 120 os\u00f3b, a wydarzenie poprowadzi\u0142a dr Katarzyna Jagodzi\u0144ska, kierowniczka Europa Nostra Heritage Hub w Krakowie. Zgromadzonych powita\u0142y sekretarz generalna Europa Nostra Sne\u0161ka Quaedvlieg-Mihajlovi\u0107, kt\u00f3ra podkre\u015bli\u0142a znaczenie wsp\u00f3lnego europejskiego dziedzictwa, oraz Agata W\u0105sowska-Pawlik, dyrektorka Mi\u0119dzynarodowego Centrum Kultury w Krakowie, partnera projektu European Heritage Hub.<\/p>\n\n\n\n<p class=\" eplus-wrapper\">W dalszej cz\u0119\u015bci spotkania John Beauchamp \u2013 producent d\u017awi\u0119ku oraz specjalista ds. komunikacji w Europa Nostra Heritage Hub w Krakowie \u2013 wprowadzi\u0142 uczestnik\u00f3w spotkania do &#8222;dziedzictwa narracyjnego&#8221;. Na wybranych przyk\u0142adach z ca\u0142ej Europy przybli\u017cy\u0142 r\u00f3\u017cne sposoby opowiada o dziedzictwie,\u00a0akcentuj\u0105c znaczenie\u00a0zmys\u0142\u00f3w s\u0142uchu, smaku czy w\u0119chu.<\/p>\n\n\n\n<p class=\" eplus-wrapper\">Szczeg\u00f3lny nacisk podczas spotkania zosta\u0142 po\u0142o\u017cony na dziedzictwo d\u017awi\u0119kowe,\u00a0podkre\u015blaj\u0105c oczywi\u015bcie mo\u017cliwo\u015bci zwi\u0105zane z\u00a0innymi strategiami narracji. Dyskusja, kt\u00f3ra nast\u0105pi\u0142a p\u00f3\u017aniej, by\u0142a dla nas najlepszym dowodem, \u017ce temat wykorzystania zmys\u0142\u00f3w do opowiadania o przesz\u0142o\u015bci ma\u00a0potencja\u0142\u00a0zaktywizowa\u0107 nie tylko odbiorc\u00f3w, ale te\u017c zawodowych \u201eopowiadaczy historii\u201d. Dzi\u0119ki temu, \u017ce w rozmowie uczestniczyli arty\u015bci, historycy, muzealnicy i inni eksperci dzia\u0142aj\u0105cy na polu dziedzictwa kulturowego, mo\u017cliwe by\u0142o pog\u0142\u0119bienie tematu i wymiana do\u015bwiadcze\u0144.<\/p>\n\n\n\n<p class=\" eplus-wrapper\">Raz jeszcze dzi\u0119kujemy za liczny i aktywny udzia\u0142 \u2013 do zobaczenia podczas kolejnego spotkania Narrative Heritage Network, kt\u00f3re odb\u0119dzie si\u0119 na pocz\u0105tku 2026 roku!<\/p>\n\n\n\n<figure class=\"wp-block-gallery has-nested-images columns-default is-cropped eplus-wrapper wp-block-gallery-1\">\n<figure class=\" wp-block-image size-large eplus-wrapper\"><img loading=\"lazy\" decoding=\"async\" width=\"1024\" height=\"1024\" data-id=\"8920\" src=\"https:\/\/heritagehubkrakow.org\/wp-content\/uploads\/2025\/12\/foto-2-1024x1024.png\" alt=\"\" class=\"wp-image-8920\" srcset=\"https:\/\/heritagehubkrakow.org\/wp-content\/uploads\/2025\/12\/foto-2-1024x1024.png 1024w, https:\/\/heritagehubkrakow.org\/wp-content\/uploads\/2025\/12\/foto-2-300x300.png 300w, https:\/\/heritagehubkrakow.org\/wp-content\/uploads\/2025\/12\/foto-2-150x150.png 150w, https:\/\/heritagehubkrakow.org\/wp-content\/uploads\/2025\/12\/foto-2-768x768.png 768w, https:\/\/heritagehubkrakow.org\/wp-content\/uploads\/2025\/12\/foto-2.png 1080w\" sizes=\"auto, (max-width: 1024px) 100vw, 1024px\" \/><\/figure>\n\n\n\n<figure class=\" wp-block-image size-large eplus-wrapper\"><img loading=\"lazy\" decoding=\"async\" width=\"1024\" height=\"1024\" data-id=\"8784\" src=\"https:\/\/heritagehubkrakow.org\/wp-content\/uploads\/2025\/11\/NarrativeHeritage_FB-post-kwadrat-1024x1024.jpg\" alt=\"\" class=\"wp-image-8784\" srcset=\"https:\/\/heritagehubkrakow.org\/wp-content\/uploads\/2025\/11\/NarrativeHeritage_FB-post-kwadrat-1024x1024.jpg 1024w, https:\/\/heritagehubkrakow.org\/wp-content\/uploads\/2025\/11\/NarrativeHeritage_FB-post-kwadrat-300x300.jpg 300w, https:\/\/heritagehubkrakow.org\/wp-content\/uploads\/2025\/11\/NarrativeHeritage_FB-post-kwadrat-150x150.jpg 150w, https:\/\/heritagehubkrakow.org\/wp-content\/uploads\/2025\/11\/NarrativeHeritage_FB-post-kwadrat-768x768.jpg 768w, https:\/\/heritagehubkrakow.org\/wp-content\/uploads\/2025\/11\/NarrativeHeritage_FB-post-kwadrat.jpg 1200w\" sizes=\"auto, (max-width: 1024px) 100vw, 1024px\" \/><\/figure>\n\n\n\n<figure class=\" wp-block-image size-large eplus-wrapper\"><img loading=\"lazy\" decoding=\"async\" width=\"1024\" height=\"1024\" data-id=\"8922\" src=\"https:\/\/heritagehubkrakow.org\/wp-content\/uploads\/2025\/12\/foto-1-1-1024x1024.png\" alt=\"\" class=\"wp-image-8922\" srcset=\"https:\/\/heritagehubkrakow.org\/wp-content\/uploads\/2025\/12\/foto-1-1-1024x1024.png 1024w, https:\/\/heritagehubkrakow.org\/wp-content\/uploads\/2025\/12\/foto-1-1-300x300.png 300w, https:\/\/heritagehubkrakow.org\/wp-content\/uploads\/2025\/12\/foto-1-1-150x150.png 150w, https:\/\/heritagehubkrakow.org\/wp-content\/uploads\/2025\/12\/foto-1-1-768x768.png 768w, https:\/\/heritagehubkrakow.org\/wp-content\/uploads\/2025\/12\/foto-1-1.png 1080w\" sizes=\"auto, (max-width: 1024px) 100vw, 1024px\" \/><\/figure>\n<\/figure>\n\n\n\n<p class=\" eplus-wrapper\"><\/p>\n\n\n<ul class=\" wp-block-list eplus-wrapper eplus-styles-uid-3f5745\"><\/ul>\n\n\n<p class=\" eplus-wrapper\"><\/p>\n\n\n\n<div class=\"wp-block-buttons eplus-wrapper is-layout-flex wp-block-buttons-is-layout-flex\"><\/div>\n\n\n\n<div class=\"wp-block-group eplus-wrapper is-layout-constrained wp-block-group-is-layout-constrained\"><\/div>\n<\/div><\/div>\n\n<div class=\"is-style-section-container wp-block-group alignfull has-blue-light-background-color has-background eplus-wrapper is-layout-constrained wp-block-group-is-layout-constrained eplus-styles-uid-4c6cdd\"><\/div>\n\n<div class=\"is-style-section-container wp-block-group alignfull has-orange-background-color has-background eplus-wrapper is-layout-constrained wp-block-group-is-layout-constrained eplus-styles-uid-4c6cdd\">\n<div class=\"wp-block-group alignfull eplus-wrapper is-layout-constrained wp-block-group-is-layout-constrained\"><\/div>\n<\/div>\n\n\n<p class=\" eplus-wrapper\"><\/p>\n","protected":false},"excerpt":{"rendered":"<p>Pozw\u00f3l, \u017ce opowiem ci histori\u0119&#8230; Europa Nostra Heritage Hub w Krakowie we wtorek 16 grudnia zainaugurowa\u0142o Narrative Heritage Network \u2013 internetow\u0105 platform\u0119\u00a0wymiany pomys\u0142\u00f3w i do\u015bwiadcze\u0144 mi\u0119dzy ekspertami-praktykami, zajmuj\u0105cymi na co dzie\u0144 opowiadaniem o dziedzictwie.<\/p>\n","protected":false},"author":7,"featured_media":8917,"comment_status":"open","ping_status":"open","sticky":true,"template":"","format":"standard","meta":{"_acf_changed":false,"editor_plus_copied_stylings":"{}","footnotes":""},"categories":[16],"tags":[166,181],"class_list":["post-8924","post","type-post","status-publish","format-standard","has-post-thumbnail","hentry","category-bez-kategorii","tag-dziedzictwo-kulturowe","tag-europa-nostra-pl"],"acf":[],"yoast_head":"<!-- This site is optimized with the Yoast SEO plugin v23.8 - https:\/\/yoast.com\/wordpress\/plugins\/seo\/ -->\n<title>Narrative Heritage Network wystartowa\u0142a - Europa Nostra<\/title>\n<meta name=\"description\" content=\"Pozw\u00f3l, \u017ce opowiem ci histori\u0119... Europa Nostra Heritage Hub w Krakowie we wtorek 16 grudnia zainaugurowa\u0142o Narrative Heritage Network \u2013 internetow\u0105 platform\u0119\u00a0wymiany pomys\u0142\u00f3w i do\u015bwiadcze\u0144 mi\u0119dzy ekspertami-praktykami, zajmuj\u0105cymi na co dzie\u0144 opowiadaniem o dziedzictwie.\" \/>\n<meta name=\"robots\" content=\"index, follow, max-snippet:-1, max-image-preview:large, max-video-preview:-1\" \/>\n<link rel=\"canonical\" href=\"https:\/\/heritagehubkrakow.org\/pl\/narrative-heritage-network-wystartowala\/\" \/>\n<meta property=\"og:locale\" content=\"pl_PL\" \/>\n<meta property=\"og:type\" content=\"article\" \/>\n<meta property=\"og:title\" content=\"Narrative Heritage Network wystartowa\u0142a - Europa Nostra\" \/>\n<meta property=\"og:description\" content=\"Pozw\u00f3l, \u017ce opowiem ci histori\u0119... Europa Nostra Heritage Hub w Krakowie we wtorek 16 grudnia zainaugurowa\u0142o Narrative Heritage Network \u2013 internetow\u0105 platform\u0119\u00a0wymiany pomys\u0142\u00f3w i do\u015bwiadcze\u0144 mi\u0119dzy ekspertami-praktykami, zajmuj\u0105cymi na co dzie\u0144 opowiadaniem o dziedzictwie.\" \/>\n<meta property=\"og:url\" content=\"https:\/\/heritagehubkrakow.org\/pl\/narrative-heritage-network-wystartowala\/\" \/>\n<meta property=\"og:site_name\" content=\"Europa Nostra\" \/>\n<meta property=\"article:published_time\" content=\"2025-12-18T17:58:34+00:00\" \/>\n<meta property=\"article:modified_time\" content=\"2026-01-26T21:42:10+00:00\" \/>\n<meta property=\"og:image\" content=\"https:\/\/heritagehubkrakow.org\/wp-content\/uploads\/2025\/12\/foto-1.png\" \/>\n\t<meta property=\"og:image:width\" content=\"1080\" \/>\n\t<meta property=\"og:image:height\" content=\"1080\" \/>\n\t<meta property=\"og:image:type\" content=\"image\/png\" \/>\n<meta name=\"author\" content=\"Lukasz\" \/>\n<meta name=\"twitter:card\" content=\"summary_large_image\" \/>\n<meta name=\"twitter:label1\" content=\"Napisane przez\" \/>\n\t<meta name=\"twitter:data1\" content=\"Lukasz\" \/>\n\t<meta name=\"twitter:label2\" content=\"Szacowany czas czytania\" \/>\n\t<meta name=\"twitter:data2\" content=\"2 minuty\" \/>\n<script type=\"application\/ld+json\" class=\"yoast-schema-graph\">{\"@context\":\"https:\/\/schema.org\",\"@graph\":[{\"@type\":\"Article\",\"@id\":\"https:\/\/heritagehubkrakow.org\/pl\/narrative-heritage-network-wystartowala\/#article\",\"isPartOf\":{\"@id\":\"https:\/\/heritagehubkrakow.org\/pl\/narrative-heritage-network-wystartowala\/\"},\"author\":{\"name\":\"Lukasz\",\"@id\":\"https:\/\/heritagehubkrakow.org\/pl\/#\/schema\/person\/112a7abbe48503b2f32e56abc46af660\"},\"headline\":\"Narrative Heritage Network wystartowa\u0142a\",\"datePublished\":\"2025-12-18T17:58:34+00:00\",\"dateModified\":\"2026-01-26T21:42:10+00:00\",\"mainEntityOfPage\":{\"@id\":\"https:\/\/heritagehubkrakow.org\/pl\/narrative-heritage-network-wystartowala\/\"},\"wordCount\":297,\"commentCount\":0,\"publisher\":{\"@id\":\"https:\/\/heritagehubkrakow.org\/pl\/#organization\"},\"image\":{\"@id\":\"https:\/\/heritagehubkrakow.org\/pl\/narrative-heritage-network-wystartowala\/#primaryimage\"},\"thumbnailUrl\":\"https:\/\/heritagehubkrakow.org\/wp-content\/uploads\/2025\/12\/foto-1.png\",\"keywords\":[\"Dziedzictwo kulturowe\",\"Europa Nostra\"],\"inLanguage\":\"pl-PL\",\"potentialAction\":[{\"@type\":\"CommentAction\",\"name\":\"Comment\",\"target\":[\"https:\/\/heritagehubkrakow.org\/pl\/narrative-heritage-network-wystartowala\/#respond\"]}]},{\"@type\":\"WebPage\",\"@id\":\"https:\/\/heritagehubkrakow.org\/pl\/narrative-heritage-network-wystartowala\/\",\"url\":\"https:\/\/heritagehubkrakow.org\/pl\/narrative-heritage-network-wystartowala\/\",\"name\":\"Narrative Heritage Network wystartowa\u0142a - Europa Nostra\",\"isPartOf\":{\"@id\":\"https:\/\/heritagehubkrakow.org\/pl\/#website\"},\"primaryImageOfPage\":{\"@id\":\"https:\/\/heritagehubkrakow.org\/pl\/narrative-heritage-network-wystartowala\/#primaryimage\"},\"image\":{\"@id\":\"https:\/\/heritagehubkrakow.org\/pl\/narrative-heritage-network-wystartowala\/#primaryimage\"},\"thumbnailUrl\":\"https:\/\/heritagehubkrakow.org\/wp-content\/uploads\/2025\/12\/foto-1.png\",\"datePublished\":\"2025-12-18T17:58:34+00:00\",\"dateModified\":\"2026-01-26T21:42:10+00:00\",\"description\":\"Pozw\u00f3l, \u017ce opowiem ci histori\u0119... Europa Nostra Heritage Hub w Krakowie we wtorek 16 grudnia zainaugurowa\u0142o Narrative Heritage Network \u2013 internetow\u0105 platform\u0119\u00a0wymiany pomys\u0142\u00f3w i do\u015bwiadcze\u0144 mi\u0119dzy ekspertami-praktykami, zajmuj\u0105cymi na co dzie\u0144 opowiadaniem o dziedzictwie.\",\"breadcrumb\":{\"@id\":\"https:\/\/heritagehubkrakow.org\/pl\/narrative-heritage-network-wystartowala\/#breadcrumb\"},\"inLanguage\":\"pl-PL\",\"potentialAction\":[{\"@type\":\"ReadAction\",\"target\":[\"https:\/\/heritagehubkrakow.org\/pl\/narrative-heritage-network-wystartowala\/\"]}]},{\"@type\":\"ImageObject\",\"inLanguage\":\"pl-PL\",\"@id\":\"https:\/\/heritagehubkrakow.org\/pl\/narrative-heritage-network-wystartowala\/#primaryimage\",\"url\":\"https:\/\/heritagehubkrakow.org\/wp-content\/uploads\/2025\/12\/foto-1.png\",\"contentUrl\":\"https:\/\/heritagehubkrakow.org\/wp-content\/uploads\/2025\/12\/foto-1.png\",\"width\":1080,\"height\":1080},{\"@type\":\"BreadcrumbList\",\"@id\":\"https:\/\/heritagehubkrakow.org\/pl\/narrative-heritage-network-wystartowala\/#breadcrumb\",\"itemListElement\":[{\"@type\":\"ListItem\",\"position\":1,\"name\":\"Homepage\",\"item\":\"https:\/\/heritagehubkrakow.org\/pl\/\"},{\"@type\":\"ListItem\",\"position\":2,\"name\":\"Narrative Heritage Network wystartowa\u0142a\"}]},{\"@type\":\"WebSite\",\"@id\":\"https:\/\/heritagehubkrakow.org\/pl\/#website\",\"url\":\"https:\/\/heritagehubkrakow.org\/pl\/\",\"name\":\"Europa Nostra\",\"description\":\"Heritage Hub for Central and Eastern Europe\",\"publisher\":{\"@id\":\"https:\/\/heritagehubkrakow.org\/pl\/#organization\"},\"potentialAction\":[{\"@type\":\"SearchAction\",\"target\":{\"@type\":\"EntryPoint\",\"urlTemplate\":\"https:\/\/heritagehubkrakow.org\/pl\/?s={search_term_string}\"},\"query-input\":{\"@type\":\"PropertyValueSpecification\",\"valueRequired\":true,\"valueName\":\"search_term_string\"}}],\"inLanguage\":\"pl-PL\"},{\"@type\":\"Organization\",\"@id\":\"https:\/\/heritagehubkrakow.org\/pl\/#organization\",\"name\":\"Europa Nostra\",\"url\":\"https:\/\/heritagehubkrakow.org\/pl\/\",\"logo\":{\"@type\":\"ImageObject\",\"inLanguage\":\"pl-PL\",\"@id\":\"https:\/\/heritagehubkrakow.org\/pl\/#\/schema\/logo\/image\/\",\"url\":\"https:\/\/heritagehubkrakow.org\/wp-content\/uploads\/2023\/01\/europa-logo.png\",\"contentUrl\":\"https:\/\/heritagehubkrakow.org\/wp-content\/uploads\/2023\/01\/europa-logo.png\",\"width\":218,\"height\":237,\"caption\":\"Europa Nostra\"},\"image\":{\"@id\":\"https:\/\/heritagehubkrakow.org\/pl\/#\/schema\/logo\/image\/\"}},{\"@type\":\"Person\",\"@id\":\"https:\/\/heritagehubkrakow.org\/pl\/#\/schema\/person\/112a7abbe48503b2f32e56abc46af660\",\"name\":\"Lukasz\",\"image\":{\"@type\":\"ImageObject\",\"inLanguage\":\"pl-PL\",\"@id\":\"https:\/\/heritagehubkrakow.org\/pl\/#\/schema\/person\/image\/\",\"url\":\"https:\/\/secure.gravatar.com\/avatar\/ad98e1210139ce861e9a29f33990fb143471357f24b3f9df1095f3e51e7a4f52?s=96&d=mm&r=g\",\"contentUrl\":\"https:\/\/secure.gravatar.com\/avatar\/ad98e1210139ce861e9a29f33990fb143471357f24b3f9df1095f3e51e7a4f52?s=96&d=mm&r=g\",\"caption\":\"Lukasz\"},\"url\":\"https:\/\/heritagehubkrakow.org\/pl\/author\/lukasz-pierog\/\"}]}<\/script>\n<!-- \/ Yoast SEO plugin. -->","yoast_head_json":{"title":"Narrative Heritage Network wystartowa\u0142a - Europa Nostra","description":"Pozw\u00f3l, \u017ce opowiem ci histori\u0119... Europa Nostra Heritage Hub w Krakowie we wtorek 16 grudnia zainaugurowa\u0142o Narrative Heritage Network \u2013 internetow\u0105 platform\u0119\u00a0wymiany pomys\u0142\u00f3w i do\u015bwiadcze\u0144 mi\u0119dzy ekspertami-praktykami, zajmuj\u0105cymi na co dzie\u0144 opowiadaniem o dziedzictwie.","robots":{"index":"index","follow":"follow","max-snippet":"max-snippet:-1","max-image-preview":"max-image-preview:large","max-video-preview":"max-video-preview:-1"},"canonical":"https:\/\/heritagehubkrakow.org\/pl\/narrative-heritage-network-wystartowala\/","og_locale":"pl_PL","og_type":"article","og_title":"Narrative Heritage Network wystartowa\u0142a - Europa Nostra","og_description":"Pozw\u00f3l, \u017ce opowiem ci histori\u0119... Europa Nostra Heritage Hub w Krakowie we wtorek 16 grudnia zainaugurowa\u0142o Narrative Heritage Network \u2013 internetow\u0105 platform\u0119\u00a0wymiany pomys\u0142\u00f3w i do\u015bwiadcze\u0144 mi\u0119dzy ekspertami-praktykami, zajmuj\u0105cymi na co dzie\u0144 opowiadaniem o dziedzictwie.","og_url":"https:\/\/heritagehubkrakow.org\/pl\/narrative-heritage-network-wystartowala\/","og_site_name":"Europa Nostra","article_published_time":"2025-12-18T17:58:34+00:00","article_modified_time":"2026-01-26T21:42:10+00:00","og_image":[{"width":1080,"height":1080,"url":"https:\/\/heritagehubkrakow.org\/wp-content\/uploads\/2025\/12\/foto-1.png","type":"image\/png"}],"author":"Lukasz","twitter_card":"summary_large_image","twitter_misc":{"Napisane przez":"Lukasz","Szacowany czas czytania":"2 minuty"},"schema":{"@context":"https:\/\/schema.org","@graph":[{"@type":"Article","@id":"https:\/\/heritagehubkrakow.org\/pl\/narrative-heritage-network-wystartowala\/#article","isPartOf":{"@id":"https:\/\/heritagehubkrakow.org\/pl\/narrative-heritage-network-wystartowala\/"},"author":{"name":"Lukasz","@id":"https:\/\/heritagehubkrakow.org\/pl\/#\/schema\/person\/112a7abbe48503b2f32e56abc46af660"},"headline":"Narrative Heritage Network wystartowa\u0142a","datePublished":"2025-12-18T17:58:34+00:00","dateModified":"2026-01-26T21:42:10+00:00","mainEntityOfPage":{"@id":"https:\/\/heritagehubkrakow.org\/pl\/narrative-heritage-network-wystartowala\/"},"wordCount":297,"commentCount":0,"publisher":{"@id":"https:\/\/heritagehubkrakow.org\/pl\/#organization"},"image":{"@id":"https:\/\/heritagehubkrakow.org\/pl\/narrative-heritage-network-wystartowala\/#primaryimage"},"thumbnailUrl":"https:\/\/heritagehubkrakow.org\/wp-content\/uploads\/2025\/12\/foto-1.png","keywords":["Dziedzictwo kulturowe","Europa Nostra"],"inLanguage":"pl-PL","potentialAction":[{"@type":"CommentAction","name":"Comment","target":["https:\/\/heritagehubkrakow.org\/pl\/narrative-heritage-network-wystartowala\/#respond"]}]},{"@type":"WebPage","@id":"https:\/\/heritagehubkrakow.org\/pl\/narrative-heritage-network-wystartowala\/","url":"https:\/\/heritagehubkrakow.org\/pl\/narrative-heritage-network-wystartowala\/","name":"Narrative Heritage Network wystartowa\u0142a - Europa Nostra","isPartOf":{"@id":"https:\/\/heritagehubkrakow.org\/pl\/#website"},"primaryImageOfPage":{"@id":"https:\/\/heritagehubkrakow.org\/pl\/narrative-heritage-network-wystartowala\/#primaryimage"},"image":{"@id":"https:\/\/heritagehubkrakow.org\/pl\/narrative-heritage-network-wystartowala\/#primaryimage"},"thumbnailUrl":"https:\/\/heritagehubkrakow.org\/wp-content\/uploads\/2025\/12\/foto-1.png","datePublished":"2025-12-18T17:58:34+00:00","dateModified":"2026-01-26T21:42:10+00:00","description":"Pozw\u00f3l, \u017ce opowiem ci histori\u0119... Europa Nostra Heritage Hub w Krakowie we wtorek 16 grudnia zainaugurowa\u0142o Narrative Heritage Network \u2013 internetow\u0105 platform\u0119\u00a0wymiany pomys\u0142\u00f3w i do\u015bwiadcze\u0144 mi\u0119dzy ekspertami-praktykami, zajmuj\u0105cymi na co dzie\u0144 opowiadaniem o dziedzictwie.","breadcrumb":{"@id":"https:\/\/heritagehubkrakow.org\/pl\/narrative-heritage-network-wystartowala\/#breadcrumb"},"inLanguage":"pl-PL","potentialAction":[{"@type":"ReadAction","target":["https:\/\/heritagehubkrakow.org\/pl\/narrative-heritage-network-wystartowala\/"]}]},{"@type":"ImageObject","inLanguage":"pl-PL","@id":"https:\/\/heritagehubkrakow.org\/pl\/narrative-heritage-network-wystartowala\/#primaryimage","url":"https:\/\/heritagehubkrakow.org\/wp-content\/uploads\/2025\/12\/foto-1.png","contentUrl":"https:\/\/heritagehubkrakow.org\/wp-content\/uploads\/2025\/12\/foto-1.png","width":1080,"height":1080},{"@type":"BreadcrumbList","@id":"https:\/\/heritagehubkrakow.org\/pl\/narrative-heritage-network-wystartowala\/#breadcrumb","itemListElement":[{"@type":"ListItem","position":1,"name":"Homepage","item":"https:\/\/heritagehubkrakow.org\/pl\/"},{"@type":"ListItem","position":2,"name":"Narrative Heritage Network wystartowa\u0142a"}]},{"@type":"WebSite","@id":"https:\/\/heritagehubkrakow.org\/pl\/#website","url":"https:\/\/heritagehubkrakow.org\/pl\/","name":"Europa Nostra","description":"Heritage Hub for Central and Eastern Europe","publisher":{"@id":"https:\/\/heritagehubkrakow.org\/pl\/#organization"},"potentialAction":[{"@type":"SearchAction","target":{"@type":"EntryPoint","urlTemplate":"https:\/\/heritagehubkrakow.org\/pl\/?s={search_term_string}"},"query-input":{"@type":"PropertyValueSpecification","valueRequired":true,"valueName":"search_term_string"}}],"inLanguage":"pl-PL"},{"@type":"Organization","@id":"https:\/\/heritagehubkrakow.org\/pl\/#organization","name":"Europa Nostra","url":"https:\/\/heritagehubkrakow.org\/pl\/","logo":{"@type":"ImageObject","inLanguage":"pl-PL","@id":"https:\/\/heritagehubkrakow.org\/pl\/#\/schema\/logo\/image\/","url":"https:\/\/heritagehubkrakow.org\/wp-content\/uploads\/2023\/01\/europa-logo.png","contentUrl":"https:\/\/heritagehubkrakow.org\/wp-content\/uploads\/2023\/01\/europa-logo.png","width":218,"height":237,"caption":"Europa Nostra"},"image":{"@id":"https:\/\/heritagehubkrakow.org\/pl\/#\/schema\/logo\/image\/"}},{"@type":"Person","@id":"https:\/\/heritagehubkrakow.org\/pl\/#\/schema\/person\/112a7abbe48503b2f32e56abc46af660","name":"Lukasz","image":{"@type":"ImageObject","inLanguage":"pl-PL","@id":"https:\/\/heritagehubkrakow.org\/pl\/#\/schema\/person\/image\/","url":"https:\/\/secure.gravatar.com\/avatar\/ad98e1210139ce861e9a29f33990fb143471357f24b3f9df1095f3e51e7a4f52?s=96&d=mm&r=g","contentUrl":"https:\/\/secure.gravatar.com\/avatar\/ad98e1210139ce861e9a29f33990fb143471357f24b3f9df1095f3e51e7a4f52?s=96&d=mm&r=g","caption":"Lukasz"},"url":"https:\/\/heritagehubkrakow.org\/pl\/author\/lukasz-pierog\/"}]}},"_links":{"self":[{"href":"https:\/\/heritagehubkrakow.org\/pl\/wp-json\/wp\/v2\/posts\/8924","targetHints":{"allow":["GET"]}}],"collection":[{"href":"https:\/\/heritagehubkrakow.org\/pl\/wp-json\/wp\/v2\/posts"}],"about":[{"href":"https:\/\/heritagehubkrakow.org\/pl\/wp-json\/wp\/v2\/types\/post"}],"author":[{"embeddable":true,"href":"https:\/\/heritagehubkrakow.org\/pl\/wp-json\/wp\/v2\/users\/7"}],"replies":[{"embeddable":true,"href":"https:\/\/heritagehubkrakow.org\/pl\/wp-json\/wp\/v2\/comments?post=8924"}],"version-history":[{"count":3,"href":"https:\/\/heritagehubkrakow.org\/pl\/wp-json\/wp\/v2\/posts\/8924\/revisions"}],"predecessor-version":[{"id":8929,"href":"https:\/\/heritagehubkrakow.org\/pl\/wp-json\/wp\/v2\/posts\/8924\/revisions\/8929"}],"wp:featuredmedia":[{"embeddable":true,"href":"https:\/\/heritagehubkrakow.org\/pl\/wp-json\/wp\/v2\/media\/8917"}],"wp:attachment":[{"href":"https:\/\/heritagehubkrakow.org\/pl\/wp-json\/wp\/v2\/media?parent=8924"}],"wp:term":[{"taxonomy":"category","embeddable":true,"href":"https:\/\/heritagehubkrakow.org\/pl\/wp-json\/wp\/v2\/categories?post=8924"},{"taxonomy":"post_tag","embeddable":true,"href":"https:\/\/heritagehubkrakow.org\/pl\/wp-json\/wp\/v2\/tags?post=8924"}],"curies":[{"name":"wp","href":"https:\/\/api.w.org\/{rel}","templated":true}]}}